{"id":7669,"date":"2026-09-05T07:37:31","date_gmt":"2026-09-05T10:37:31","guid":{"rendered":"https:\/\/jornalnossahistoria.com.br\/portal\/index.php\/2026\/09\/05\/ha-10-anos-ateg-revoluciona-o-campo-mineiro\/"},"modified":"2026-09-05T07:37:31","modified_gmt":"2026-09-05T10:37:31","slug":"ha-10-anos-ateg-revoluciona-o-campo-mineiro","status":"publish","type":"post","link":"https:\/\/jornalnossahistoria.com.br\/portal\/index.php\/2026\/09\/05\/ha-10-anos-ateg-revoluciona-o-campo-mineiro\/","title":{"rendered":"H\u00e1 10 anos, ATeG revoluciona o campo mineiro"},"content":{"rendered":"<p><em>Programa movimentou R$ 6 bi na economia em 2025 e chegou a 53 mil propriedades em 820 munic\u00edpios<\/em><\/p>\n<p>Quando uma propriedade rural se torna mais eficiente e rent\u00e1vel, os efeitos ultrapassam os limites da porteira. O produtor passa a investir mais, adquirir insumos, contratar servi\u00e7os, gerar empregos e movimentar o com\u00e9rcio local. Em Minas Gerais, esse impacto pode ser dimensionado pelos resultados do Programa de <strong>Assist\u00eancia T\u00e9cnica e Gerencial (ATeG)<\/strong>, que completa dez anos de atua\u00e7\u00e3o no estado.<\/p>\n<p>Somente em 2025, as propriedades atendidas movimentaram <strong>R$ 6,59 bilh\u00f5es<\/strong>, valor equivalente a <strong>2,36% de todo o Produto Interno Bruto (PIB)<\/strong> do agroneg\u00f3cio mineiro. Na m\u00e9dia, cada produtor assistido movimentou <strong>R$ 298,9 mil ao longo do ano<\/strong>. A movimenta\u00e7\u00e3o m\u00e9dia foi de<strong> 8,49 milh\u00f5es por munic\u00edpio atendido<\/strong>.<\/p>\n<p>Segundo o gerente de Assist\u00eancia T\u00e9cnica e Gerencial do Sistema Faemg Senar, <strong>Wender Guedes<\/strong>, o programa chegou ao estado em 2016, atendendo <strong>aproximadamente 600 propriedades<\/strong>.<\/p>\n<p><em>\u201cDesde ent\u00e3o, ampliou sua presen\u00e7a territorial, o n\u00famero de cadeias produtivas acompanhadas e a estrutura t\u00e9cnica dedicada aos produtores. Ao longo dos dez anos, mais de 53 mil propriedades rurais foram beneficiadas em Minas Gerais\u201d<\/em>, afirma.<\/p>\n<p><img decoding=\"async\" src=\"https:\/\/www.sindijorimg.com.br\/uploads\/images\/202609\/image_870x_6a9a9c795c502.jpg\" alt=\"\" \/><\/p>\n<p><strong>Crescimento cont\u00ednuo<\/strong><\/p>\n<p>Entre 2021 e 2025, o n\u00famero de propriedades atendidas anualmente passou de cerca de 13,8 mil para 22.058, um aumento superior a 80%. Em uma d\u00e9cada, o programa esteve presente em mais de<strong> 820 munic\u00edpios<\/strong>. Atualmente, o ATeG acompanha aproximadamente 18 mil produtores, com previs\u00e3o de <strong>chegar a 20.886 propriedades em 202<\/strong>6.<\/p>\n<p>De acordo com Wender, o trabalho envolve diagn\u00f3stico, planejamento, acompanhamento de indicadores, an\u00e1lise de custos e receitas, produtividade e resultados econ\u00f4micos. \u201cO t\u00e9cnico acompanha a propriedade ao longo do tempo, permitindo identificar problemas, avaliar resultados e construir solu\u00e7\u00f5es de acordo com a realidade de cada produtor\u201d, explica. \u00a0<\/p>\n<p>\u00a0<\/p>\n<p><img decoding=\"async\" src=\"https:\/\/www.sindijorimg.com.br\/uploads\/images\/202609\/image_870x_6a9a9c79a7242.jpg\" alt=\"\" \/><\/p>\n<p><strong>Resultados que transformam<\/strong><\/p>\n<p>Estudos com propriedades atendidas mostram ganhos expressivos. Na pecu\u00e1ria leiteira, houve <strong>aumento de 11,15% na produ\u00e7\u00e3o m\u00e9dia, de 15,24% na produ\u00e7\u00e3o m\u00e9dia por hectare e de 20,7% na margem bruta ajustada.<\/strong> Na cafeicultura, as propriedades registraram alta de<strong> 28,1% na produtividade e de 26,2% na produ\u00e7\u00e3o, enquanto o custo operacional por hectare caiu 40,4%.<\/strong><\/p>\n<p>Os resultados podem ser observados na trajet\u00f3ria dos produtores rurais. Na cafeicultura, Rafael Ferreira Pelucio, da Fazenda Santa Maria do Baependi, registrou um expressivo aumento de produtividade em uma \u00e1rea de 18 hectares. A produtividade, que era de 2,7 sacas por hectare, chegou a 96 na safra 2024\/2025. O avan\u00e7o tamb\u00e9m se refletiu no faturamento, que <strong>saltou de R$ 39.690 para R$ 2,03 milh\u00f5es.<\/strong><\/p>\n<p>\u00a0<\/p>\n<p><img decoding=\"async\" src=\"https:\/\/www.sindijorimg.com.br\/uploads\/images\/202609\/image_870x_6a9a9c79f026e.jpg\" alt=\"\" \/><\/p>\n<p>Na agroind\u00fastria, o produtor <strong>Kleber Jo\u00e3o Soares<\/strong>, da Fazenda Prata Diamante, em Vargem Bonita, contou com o apoio do programa para elaborar uma nova planta da queijaria, de acordo com as especifica\u00e7\u00f5es do Servi\u00e7o de Inspe\u00e7\u00e3o Municipal.<\/p>\n<p>O trabalho incluiu orienta\u00e7\u00f5es para habilita\u00e7\u00e3o sanit\u00e1ria, registro do r\u00f3tulo e constru\u00e7\u00e3o da identidade do produto. A nova estrutura, com 38 metros quadrados, permite processar at\u00e9 <strong>210 litros de leite<\/strong> por dia e produzir<strong> 21 pe\u00e7as de queijo<\/strong>. A sala de matura\u00e7\u00e3o tem capacidade para<strong> 294 queijos<\/strong>.<\/p>\n<p>\u00a0<\/p>\n<p><img decoding=\"async\" src=\"https:\/\/www.sindijorimg.com.br\/uploads\/images\/202609\/image_870x_6a9a9c7a5053f.jpg\" alt=\"\" \/><\/p>\n<p><em>\u201cA nova estrutura abriu possibilidades comerciais, com a busca por mercados sem intermedi\u00e1rios e a integra\u00e7\u00e3o ao Programa Nacional de Alimenta\u00e7\u00e3o Escolar (PNAE). A formaliza\u00e7\u00e3o tamb\u00e9m possibilitou a comercializa\u00e7\u00e3o do produto com pre\u00e7os melhores\u201d<\/em>, conta <strong>Kleber<\/strong>.<br \/>\u00a0<\/p>\n<p><img decoding=\"async\" src=\"https:\/\/www.sindijorimg.com.br\/uploads\/images\/202609\/image_870x_6a9a9c7aa5948.jpg\" alt=\"\" \/><\/p>\n<p><strong>Investimento em tecnologia<\/strong><\/p>\n<p>Segundo <strong>Wender<\/strong>, para os pr\u00f3ximos anos, a proposta \u00e9 ampliar a qualidade dos dados e fortalecer a efetividade do acompanhamento. Entre as estrat\u00e9gias est\u00e3o o uso ampliado de dados e indicadores, a incorpora\u00e7\u00e3o de novas tecnologias, o foco em sustentabilidade e efici\u00eancia e a moderniza\u00e7\u00e3o das ferramentas utilizadas pelo programa.<\/p>\n<p><em>\u201cA meta \u00e9 transformar cada vez mais propriedades em neg\u00f3cios rurais sustent\u00e1veis, competitivos e capazes de gerar renda e oportunidades para as pr\u00f3ximas gera\u00e7\u00f5es\u201d,<\/em> conclui.<\/p>","protected":false},"excerpt":{"rendered":"<p>H\u00e1 10 anos, ATeG revoluciona o campo mineiro<\/p>\n","protected":false},"author":1,"featured_media":7670,"comment_status":"","ping_status":"open","sticky":false,"template":"","format":"standard","meta":{"_monsterinsights_skip_tracking":false,"footnotes":"","jetpack_publicize_message":"","jetpack_publicize_feature_enabled":true,"jetpack_social_post_already_shared":true,"jetpack_social_options":{"image_generator_settings":{"template":"highway","default_image_id":0,"font":"","enabled":false},"version":2}},"categories":[51],"tags":[],"class_list":["post-7669","post","type-post","status-publish","format-standard","has-post-thumbnail","hentry","category-sindijori_mg"],"aioseo_notices":[],"jetpack_publicize_connections":[],"_links":{"self":[{"href":"https:\/\/jornalnossahistoria.com.br\/portal\/index.php\/wp-json\/wp\/v2\/posts\/7669","targetHints":{"allow":["GET"]}}],"collection":[{"href":"https:\/\/jornalnossahistoria.com.br\/portal\/index.php\/wp-json\/wp\/v2\/posts"}],"about":[{"href":"https:\/\/jornalnossahistoria.com.br\/portal\/index.php\/wp-json\/wp\/v2\/types\/post"}],"author":[{"embeddable":true,"href":"https:\/\/jornalnossahistoria.com.br\/portal\/index.php\/wp-json\/wp\/v2\/users\/1"}],"replies":[{"embeddable":true,"href":"https:\/\/jornalnossahistoria.com.br\/portal\/index.php\/wp-json\/wp\/v2\/comments?post=7669"}],"version-history":[{"count":0,"href":"https:\/\/jornalnossahistoria.com.br\/portal\/index.php\/wp-json\/wp\/v2\/posts\/7669\/revisions"}],"wp:featuredmedia":[{"embeddable":true,"href":"https:\/\/jornalnossahistoria.com.br\/portal\/index.php\/wp-json\/wp\/v2\/media\/7670"}],"wp:attachment":[{"href":"https:\/\/jornalnossahistoria.com.br\/portal\/index.php\/wp-json\/wp\/v2\/media?parent=7669"}],"wp:term":[{"taxonomy":"category","embeddable":true,"href":"https:\/\/jornalnossahistoria.com.br\/portal\/index.php\/wp-json\/wp\/v2\/categories?post=7669"},{"taxonomy":"post_tag","embeddable":true,"href":"https:\/\/jornalnossahistoria.com.br\/portal\/index.php\/wp-json\/wp\/v2\/tags?post=7669"}],"curies":[{"name":"wp","href":"https:\/\/api.w.org\/{rel}","templated":true}]}}