{"id":7665,"date":"2026-09-04T07:22:46","date_gmt":"2026-09-04T10:22:46","guid":{"rendered":"https:\/\/jornalnossahistoria.com.br\/portal\/index.php\/2026\/09\/04\/ansn-isenta-planta-piloto-de-terras-raras-da-meteoric-de-controle-regulatorio\/"},"modified":"2026-09-04T07:22:46","modified_gmt":"2026-09-04T10:22:46","slug":"ansn-isenta-planta-piloto-de-terras-raras-da-meteoric-de-controle-regulatorio","status":"publish","type":"post","link":"https:\/\/jornalnossahistoria.com.br\/portal\/index.php\/2026\/09\/04\/ansn-isenta-planta-piloto-de-terras-raras-da-meteoric-de-controle-regulatorio\/","title":{"rendered":"ANSN isenta planta piloto de terras raras da Meteoric de controle regulat\u00f3rio"},"content":{"rendered":"<p><strong>Decis\u00e3o foi tomada ap\u00f3s inspe\u00e7\u00e3o na unidade, em Po\u00e7os de Caldas, e avalia\u00e7\u00e3o de an\u00e1lises qu\u00edmicas, radiom\u00e9tricas e de medi\u00e7\u00f5es de exposi\u00e7\u00e3o \u00e0 radia\u00e7\u00e3o gama<\/strong><\/p>\n<p>A <strong>Autoridade Nacional de Seguran\u00e7a Nuclear (ANSN)<\/strong> classificou como<strong> isenta de controle regulat\u00f3rio <\/strong>a instala\u00e7\u00e3o da Meteoric Resources em Po\u00e7os de Caldas, no Sul de Minas. No local funcionam o laborat\u00f3rio e a planta piloto destinados aos estudos de processamento mineral do <strong>Projeto Caldeira<\/strong>, empreendimento de terras raras desenvolvido pela companhia em Minas Gerais.<\/p>\n<p>A decis\u00e3o, comunicada \u00e0 empresa em<strong> 31 de agosto<\/strong>, foi tomada ap\u00f3s inspe\u00e7\u00e3o realizada em 16 de junho e avalia\u00e7\u00e3o dos resultados de an\u00e1lises qu\u00edmicas e radiom\u00e9tricas, al\u00e9m de medi\u00e7\u00f5es de exposi\u00e7\u00e3o \u00e0 radia\u00e7\u00e3o gama realizadas na instala\u00e7\u00e3o.<\/p>\n<p>Segundo a ANSN, a planta piloto foi classificada como isenta de controle regulat\u00f3rio por apresentar<strong> concentra\u00e7\u00f5es de atividade total inferiores a 10 Bq\/g<\/strong> em todas as amostras consideradas para a classifica\u00e7\u00e3o, conforme os crit\u00e9rios da <strong>Norma ANSN 4.01<\/strong>. A manifesta\u00e7\u00e3o \u00e9 acompanhada de relat\u00f3rio t\u00e9cnico com os resultados da inspe\u00e7\u00e3o e das avalia\u00e7\u00f5es realizadas pela Autoridade.<\/p>\n<ul>\n<li><strong>Primeiro centro de processamento de terras raras do Brasil<\/strong><\/li>\n<\/ul>\n<p>Inaugurados em dezembro de 2025, o laborat\u00f3rio e a planta piloto integram o <strong>primeiro centro de processamento de terras raras do Brasil<\/strong>, que transforma argila i\u00f4nica em carbonato misto de terras raras.<\/p>\n<p><img decoding=\"async\" src=\"https:\/\/www.sindijorimg.com.br\/uploads\/images\/202609\/image_870x_6a9a9b1203df2.jpg\" alt=\"\" \/><\/p>\n<p>A estrutura recebeu investimento de <strong>US$ 1,5 milh\u00e3o<\/strong> e possui capacidade anual para processar <strong>500 kg de carbonato misto<\/strong>. A unidade foi projetada para realizar testes cont\u00ednuos, ajustar par\u00e2metros e consolidar procedimentos industriais a partir de amostras coletadas durante a fase de pesquisa mineral.<\/p>\n<p>Para a Meteoric, a manifesta\u00e7\u00e3o da ANSN acrescenta uma avalia\u00e7\u00e3o t\u00e9cnica independente ao conjunto de estudos realizados durante o desenvolvimento do Projeto Caldeira e refor\u00e7a a import\u00e2ncia do acompanhamento dos \u00f3rg\u00e3os competentes em cada etapa do empreendimento.<\/p>\n<p><em>\u201cPara n\u00f3s, \u00e9 fundamental que o desenvolvimento do Projeto Caldeira seja sustentado por dados t\u00e9cnicos, transpar\u00eancia e di\u00e1logo permanente com os \u00f3rg\u00e3os reguladores e com a sociedade. Estamos construindo um projeto de longo prazo e queremos fazer isso seguindo os mais elevados padr\u00f5es t\u00e9cnicos, ambientais e de seguran\u00e7a\u201d<\/em>, afirma <strong>Marcelo Carvalho<\/strong>, diretor-geral da Meteoric no Brasil.<\/p>\n<ul>\n<li><strong>Inspe\u00e7\u00e3o e avalia\u00e7\u00e3o t\u00e9cnica<\/strong><\/li>\n<\/ul>\n<p>O relat\u00f3rio t\u00e9cnico da ANSN detalha as caracter\u00edsticas da instala\u00e7\u00e3o e o funcionamento do processo operacional da planta piloto. O documento tamb\u00e9m apresenta os resultados das medi\u00e7\u00f5es da taxa de exposi\u00e7\u00e3o externa \u00e0 radia\u00e7\u00e3o gama e das an\u00e1lises qu\u00edmicas e radiom\u00e9tricas realizadas em amostras coletadas em diferentes etapas do processo.<\/p>\n<p>Com base nesses dados, a Autoridade realizou a classifica\u00e7\u00e3o da planta piloto de acordo com os crit\u00e9rios estabelecidos pela <strong>Norma ANSN 4.01<\/strong>, que disp\u00f5e sobre requisitos de seguran\u00e7a e prote\u00e7\u00e3o radiol\u00f3gica aplic\u00e1veis \u00e0s instala\u00e7\u00f5es m\u00ednero-industriais.<\/p>\n<p>A ANSN informou ainda que, nas pr\u00f3ximas fases de implanta\u00e7\u00e3o da opera\u00e7\u00e3o,<strong> o processo de classifica\u00e7\u00e3o ser\u00e1 retomado.<\/strong><\/p>\n<p>A Meteoric considera o acompanhamento parte natural do processo regulat\u00f3rio e afirma que continuar\u00e1 disponibilizando aos \u00f3rg\u00e3os competentes as informa\u00e7\u00f5es necess\u00e1rias durante as diferentes etapas de desenvolvimento do Projeto Caldeira.<\/p>\n\n<p><img decoding=\"async\" src=\"https:\/\/www.sindijorimg.com.br\/uploads\/images\/202609\/image_870x_6a9a9b12b32e3.jpg\" alt=\"\" \/><\/p>\n<ul>\n<li><strong>Projeto Caldeira<\/strong><\/li>\n<\/ul>\n<p>Localizado no <strong>Sul de Minas Gerais<\/strong>, o Projeto Caldeira \u00e9 voltado ao desenvolvimento de recursos de terras raras, minerais que ganharam import\u00e2ncia estrat\u00e9gica para cadeias industriais relacionadas \u00e0 transi\u00e7\u00e3o energ\u00e9tica e \u00e0s novas tecnologias.<\/p>\n<p>A Meteoric desenvolve estudos t\u00e9cnicos, ambientais e de engenharia para avan\u00e7ar com o projeto e afirma que o relacionamento com comunidades, autoridades e \u00f3rg\u00e3os reguladores integra seu compromisso de construir um legado positivo para a regi\u00e3o, Minas Gerais e o Brasil.<\/p>","protected":false},"excerpt":{"rendered":"<p>ANSN isenta planta piloto de terras raras da Meteoric de controle regulat\u00f3rio<\/p>\n","protected":false},"author":1,"featured_media":7666,"comment_status":"","ping_status":"open","sticky":false,"template":"","format":"standard","meta":{"_monsterinsights_skip_tracking":false,"footnotes":"","jetpack_publicize_message":"","jetpack_publicize_feature_enabled":true,"jetpack_social_post_already_shared":true,"jetpack_social_options":{"image_generator_settings":{"template":"highway","default_image_id":0,"font":"","enabled":false},"version":2}},"categories":[51],"tags":[],"class_list":["post-7665","post","type-post","status-publish","format-standard","has-post-thumbnail","hentry","category-sindijori_mg"],"aioseo_notices":[],"jetpack_publicize_connections":[],"_links":{"self":[{"href":"https:\/\/jornalnossahistoria.com.br\/portal\/index.php\/wp-json\/wp\/v2\/posts\/7665","targetHints":{"allow":["GET"]}}],"collection":[{"href":"https:\/\/jornalnossahistoria.com.br\/portal\/index.php\/wp-json\/wp\/v2\/posts"}],"about":[{"href":"https:\/\/jornalnossahistoria.com.br\/portal\/index.php\/wp-json\/wp\/v2\/types\/post"}],"author":[{"embeddable":true,"href":"https:\/\/jornalnossahistoria.com.br\/portal\/index.php\/wp-json\/wp\/v2\/users\/1"}],"replies":[{"embeddable":true,"href":"https:\/\/jornalnossahistoria.com.br\/portal\/index.php\/wp-json\/wp\/v2\/comments?post=7665"}],"version-history":[{"count":0,"href":"https:\/\/jornalnossahistoria.com.br\/portal\/index.php\/wp-json\/wp\/v2\/posts\/7665\/revisions"}],"wp:featuredmedia":[{"embeddable":true,"href":"https:\/\/jornalnossahistoria.com.br\/portal\/index.php\/wp-json\/wp\/v2\/media\/7666"}],"wp:attachment":[{"href":"https:\/\/jornalnossahistoria.com.br\/portal\/index.php\/wp-json\/wp\/v2\/media?parent=7665"}],"wp:term":[{"taxonomy":"category","embeddable":true,"href":"https:\/\/jornalnossahistoria.com.br\/portal\/index.php\/wp-json\/wp\/v2\/categories?post=7665"},{"taxonomy":"post_tag","embeddable":true,"href":"https:\/\/jornalnossahistoria.com.br\/portal\/index.php\/wp-json\/wp\/v2\/tags?post=7665"}],"curies":[{"name":"wp","href":"https:\/\/api.w.org\/{rel}","templated":true}]}}