{"id":7663,"date":"2026-09-03T12:00:32","date_gmt":"2026-09-03T15:00:32","guid":{"rendered":"https:\/\/jornalnossahistoria.com.br\/portal\/index.php\/2026\/09\/03\/nestle-anuncia-fabrica-de-r-600-milhoes-em-ituiutaba\/"},"modified":"2026-09-03T12:00:32","modified_gmt":"2026-09-03T15:00:32","slug":"nestle-anuncia-fabrica-de-r-600-milhoes-em-ituiutaba","status":"publish","type":"post","link":"https:\/\/jornalnossahistoria.com.br\/portal\/index.php\/2026\/09\/03\/nestle-anuncia-fabrica-de-r-600-milhoes-em-ituiutaba\/","title":{"rendered":"Nestl\u00e9 anuncia f\u00e1brica de R$ 600 milh\u00f5es em Ituiutaba"},"content":{"rendered":"<p><em><span>Foto: Nestl\u00e9<\/span><\/em><\/p>\n\n<p><strong><span>COLUNA MG<\/span><\/strong><br \/><span>Principais destaques dos jornais e portais integrantes da Rede Sindijori MG<\/span><br \/><span><a href=\"https:\/\/www.sindijorimg.com.br\/\">www.sindijorimg.com.br<\/a><\/span><\/p>\n<p><strong><span><\/span><\/strong><\/p>\n<p><strong><span>Nestl\u00e9 anuncia f\u00e1brica de R$ 600 milh\u00f5es em Ituiutaba<\/span><\/strong><br \/><span>A Nestl\u00e9 anunciou um investimento de R$ 600 milh\u00f5es para a constru\u00e7\u00e3o de uma nova f\u00e1brica em Ituiutaba, no Tri\u00e2ngulo Mineiro. A unidade ser\u00e1 dedicada \u00e0 produ\u00e7\u00e3o de f\u00f3rmulas infantis e ficar\u00e1 ao lado do complexo industrial que j\u00e1 abriga a opera\u00e7\u00e3o de l\u00e1cteos da multinacional no munic\u00edpio. \u00a0Com \u00e1rea prevista de 11 mil metros quadrados, o empreendimento come\u00e7ar\u00e1 a ser constru\u00eddo em 2027. A expectativa \u00e9 de gera\u00e7\u00e3o de aproximadamente 700 empregos durante a fase de obras. Depois de conclu\u00edda, a f\u00e1brica dever\u00e1 criar cerca de 100 postos diretos de trabalho. (O Regionalz\u00e3o)<\/span><br \/><span><a href=\"https:\/\/regionalzao.com.br\/economia\/nestle-fabrica-600-milhoes-ituiutaba\/\">https:\/\/regionalzao.com.br\/economia\/nestle-fabrica-600-milhoes-ituiutaba\/<\/a><\/span><\/p>\n<p><strong><span><\/span><\/strong><\/p>\n<p><strong><span>Entidades promovem encontros com candidatos<\/span><\/strong><br \/><span>A Associa\u00e7\u00e3o dos Munic\u00edpios da Microrregi\u00e3o da Baixa Mogiana e o Cons\u00f3rcio Intermunicipal dos Munic\u00edpios da Regi\u00e3o da Baixa Mogiana confirmaram a realiza\u00e7\u00e3o de uma s\u00e9rie de encontros com candidatos que disputar\u00e3o as elei\u00e7\u00f5es de 5 de outubro. A agenda ser\u00e1 realizada na sede das entidades, em Guaxup\u00e9, e contar\u00e1 com a participa\u00e7\u00e3o de prefeitas e prefeitos dos munic\u00edpios da regi\u00e3o. O primeiro encontro aconteceu na quarta-feira (2), com a candidata ao Senado Mar\u00edlia Campos. (Folha Regional)<\/span><br \/><span><a href=\"https:\/\/afolharegional.com.br\/noticias\/amog-cimog-confirma-agenda-de-encontros-com-candidatos-para-as-eleicoes-de-outubro\/\">https:\/\/afolharegional.com.br\/noticias\/amog-cimog-confirma-agenda-de-encontros-com-candidatos-para-as-eleicoes-de-outubro\/<\/a><\/span><\/p>\n<p><strong><span><\/span><\/strong><\/p>\n<p><strong><span>Juventude ocupa Caet\u00e9 em jornada de f\u00e9<\/span><\/strong><br \/><span>Caet\u00e9 acaba de receber a terceira edi\u00e7\u00e3o da Jornada Piedade da Juventude (JPJ), encontro que reuniu estudantes e jovens dos col\u00e9gios da Rede Piedade de Educa\u00e7\u00e3o em uma programa\u00e7\u00e3o marcada por espiritualidade, conviv\u00eancia e celebra\u00e7\u00f5es religiosas. Realizada em diferentes espa\u00e7os da cidade, a jornada tamb\u00e9m resgatou a hist\u00f3ria e a mem\u00f3ria religiosa de Caet\u00e9 ao prestar homenagem a Monsenhor Domingos Evangelista Pinheiro, sacerdote natural do munic\u00edpio e fundador da Congrega\u00e7\u00e3o das Irm\u00e3s Auxiliares de Nossa Senhora da Piedade. O religioso \u00e9 atualmente alvo de um processo de beatifica\u00e7\u00e3o. (Jornal Opini\u00e3o)<\/span><br \/><span><a href=\"https:\/\/www.opiniaocaete.com.br\/juventude-ocupa-caete-em-jornada-de-fe-cultura-e-integracao\/\">https:\/\/www.opiniaocaete.com.br\/juventude-ocupa-caete-em-jornada-de-fe-cultura-e-integracao\/<\/a><\/span><\/p>\n<p><strong><span><\/span><\/strong><\/p>\n<p><strong><span>Justi\u00e7a condena DER-MG e Estado por danos<\/span><\/strong><br \/><span>A Justi\u00e7a condenou o Departamento de Estradas de Rodagem de Minas Gerais (DER-MG) e o Estado de Minas Gerais a pagar R$ 3.148.156,84 por danos ambientais, culturais e espeleol\u00f3gicos considerados irrevers\u00edveis em duas cavernas \u00e0s margens da MG-010, entre Concei\u00e7\u00e3o do Mato Dentro e Serro. A decis\u00e3o foi tomada em uma A\u00e7\u00e3o Civil P\u00fablica movida pela Promotoria de Justi\u00e7a de Concei\u00e7\u00e3o do Mato Dentro, em 2022. O caso envolve as cavidades naturais subterr\u00e2neas. As investiga\u00e7\u00f5es apontaram que obras de pavimenta\u00e7\u00e3o e a pr\u00f3pria opera\u00e7\u00e3o da rodovia provocaram impactos negativos nos dois ambientes subterr\u00e2neos. (Jornal Classivale)<\/span><br \/><span><a href=\"https:\/\/jornalclassivale.com.br\/noticia\/6036\/justica-condena-der-mg-e-estado-a-pagar-r-3-1-milhoes-por-danos-irreversiveis-a-cavernas\">https:\/\/jornalclassivale.com.br\/noticia\/6036\/justica-condena-der-mg-e-estado-a-pagar-r-3-1-milhoes-por-danos-irreversiveis-a-cavernas<\/a><\/span><\/p>\n<p><strong><span><\/span><\/strong><\/p>\n<p><strong><span>Caf\u00e9s do Vale do Mucuri ganham destaque<\/span><\/strong><br \/><span>Produtores de caf\u00e9 do Vale do Mucuri foram destaque durante o 1\u00ba Simp\u00f3sio Regional Qualidade dos Caf\u00e9s do Vale do Mucuri, realizado pelo Sebrae Minas na \u00faltima quinta-feira (27), em Te\u00f3filo Otoni. O encontro reuniu cafeicultores da regi\u00e3o para conhecer os resultados do trabalho de acompanhamento t\u00e9cnico realizado pela institui\u00e7\u00e3o ao longo da safra de 2026, com o objetivo de elevar a qualidade dos lotes e ampliar o acesso dos produtores a mercados mais exigentes. O evento tamb\u00e9m marcou a mobiliza\u00e7\u00e3o dos produtores da regi\u00e3o para ades\u00e3o ao fair trade, sistema de com\u00e9rcio justo que valoriza a produ\u00e7\u00e3o sustent\u00e1vel e melhores condi\u00e7\u00f5es para o produtor. (Di\u00e1rio Tribuna)<\/span><br \/><span><a href=\"https:\/\/diariotribuna.com.br\/?p=35052\">https:\/\/diariotribuna.com.br\/?p=35052<\/a><\/span><\/p>\n<p><strong><span><\/span><\/strong><\/p>\n<p><strong><span>Produ\u00e7\u00e3o industrial de Minas volta a crescer<\/span><\/strong><br \/><span>A produ\u00e7\u00e3o industrial de Minas Gerais voltou a crescer em julho, ap\u00f3s registrar queda no m\u00eas anterior. O \u00edndice de evolu\u00e7\u00e3o da produ\u00e7\u00e3o avan\u00e7ou de 47,1 para 51,7 pontos, segundo a Sondagem Industrial de Minas Gerais, elaborada pela Ger\u00eancia de Economia da Fiemg. Indicadores acima de 50 pontos representam crescimento da atividade. Apesar da melhora na produ\u00e7\u00e3o, o emprego industrial recuou em julho. O indicador ficou em 48,5 pontos, abaixo da linha de 50 pontos que separa crescimento de queda. (Balc\u00e3o News)<\/span><br \/><span><a href=\"https:\/\/balcaonews.com.br\/2026\/08\/24\/producao-industrial-de-minas-volta-a-crescer-em-julho\/\">https:\/\/balcaonews.com.br\/2026\/08\/24\/producao-industrial-de-minas-volta-a-crescer-em-julho\/<\/a><\/span><\/p>\n<p><span><\/span><\/p>","protected":false},"excerpt":{"rendered":"<p>Foto: Nestl\u00e9 COLUNA MGPrincipais destaques dos jornais e portais integrantes da Rede Sindijori MGwww.sindijorimg.com.br Nestl\u00e9 anuncia f\u00e1brica de R$ 600 milh\u00f5es em ItuiutabaA Nestl\u00e9 anunciou um<span class=\"excerpt-hellip\"> [\u2026]<\/span><\/p>\n","protected":false},"author":1,"featured_media":7664,"comment_status":"","ping_status":"open","sticky":false,"template":"","format":"standard","meta":{"_monsterinsights_skip_tracking":false,"footnotes":"","jetpack_publicize_message":"","jetpack_publicize_feature_enabled":true,"jetpack_social_post_already_shared":true,"jetpack_social_options":{"image_generator_settings":{"template":"highway","default_image_id":0,"font":"","enabled":false},"version":2}},"categories":[50],"tags":[],"class_list":["post-7663","post","type-post","status-publish","format-standard","has-post-thumbnail","hentry","category-coluna_mg"],"aioseo_notices":[],"jetpack_publicize_connections":[],"_links":{"self":[{"href":"https:\/\/jornalnossahistoria.com.br\/portal\/index.php\/wp-json\/wp\/v2\/posts\/7663","targetHints":{"allow":["GET"]}}],"collection":[{"href":"https:\/\/jornalnossahistoria.com.br\/portal\/index.php\/wp-json\/wp\/v2\/posts"}],"about":[{"href":"https:\/\/jornalnossahistoria.com.br\/portal\/index.php\/wp-json\/wp\/v2\/types\/post"}],"author":[{"embeddable":true,"href":"https:\/\/jornalnossahistoria.com.br\/portal\/index.php\/wp-json\/wp\/v2\/users\/1"}],"replies":[{"embeddable":true,"href":"https:\/\/jornalnossahistoria.com.br\/portal\/index.php\/wp-json\/wp\/v2\/comments?post=7663"}],"version-history":[{"count":0,"href":"https:\/\/jornalnossahistoria.com.br\/portal\/index.php\/wp-json\/wp\/v2\/posts\/7663\/revisions"}],"wp:featuredmedia":[{"embeddable":true,"href":"https:\/\/jornalnossahistoria.com.br\/portal\/index.php\/wp-json\/wp\/v2\/media\/7664"}],"wp:attachment":[{"href":"https:\/\/jornalnossahistoria.com.br\/portal\/index.php\/wp-json\/wp\/v2\/media?parent=7663"}],"wp:term":[{"taxonomy":"category","embeddable":true,"href":"https:\/\/jornalnossahistoria.com.br\/portal\/index.php\/wp-json\/wp\/v2\/categories?post=7663"},{"taxonomy":"post_tag","embeddable":true,"href":"https:\/\/jornalnossahistoria.com.br\/portal\/index.php\/wp-json\/wp\/v2\/tags?post=7663"}],"curies":[{"name":"wp","href":"https:\/\/api.w.org\/{rel}","templated":true}]}}