{"id":7661,"date":"2026-09-02T13:30:02","date_gmt":"2026-09-02T16:30:02","guid":{"rendered":"https:\/\/jornalnossahistoria.com.br\/portal\/index.php\/2026\/09\/02\/hemominas-alerta-para-estoques-criticos-e-reforca-pedido-de-doacoes-de-sangue-em-minas\/"},"modified":"2026-09-02T13:30:02","modified_gmt":"2026-09-02T16:30:02","slug":"hemominas-alerta-para-estoques-criticos-e-reforca-pedido-de-doacoes-de-sangue-em-minas","status":"publish","type":"post","link":"https:\/\/jornalnossahistoria.com.br\/portal\/index.php\/2026\/09\/02\/hemominas-alerta-para-estoques-criticos-e-reforca-pedido-de-doacoes-de-sangue-em-minas\/","title":{"rendered":"Hemominas alerta para estoques cr\u00edticos e refor\u00e7a pedido de doa\u00e7\u00f5es de sangue em Minas"},"content":{"rendered":"<p><em>Hemominas alerta para a necessidade de novas doa\u00e7\u00f5es ap\u00f3s queda nos estoques de sangue em unidades do Estado (Foto: Adair Gomes)<\/em><\/p>\n<p><strong>Tipos O\u2212, O+ e A+ est\u00e3o em n\u00edvel cr\u00edtico; Funda\u00e7\u00e3o atende mais de 90% da demanda hemoter\u00e1pica do estado e destaca a import\u00e2ncia da <a href=\"https:\/\/www.prosadefato.com.br\/campanha-mobiliza-doadores-para-reforcar-estoques-de-sangue-em-bh\/\">doa\u00e7\u00e3o regular<\/a><\/strong><\/p>\n<p>A <strong>Funda\u00e7\u00e3o Hemominas<\/strong> refor\u00e7a o pedido para que a popula\u00e7\u00e3o procure as unidades de coleta e mantenha as doa\u00e7\u00f5es de sangue regulares diante da queda dos estoques em Minas Gerais. O sangue coletado \u00e9 utilizado no atendimento a pacientes internados, v\u00edtimas de acidentes e pessoas em tratamento de doen\u00e7as graves.<\/p>\n<p>Levantamento realizado em<strong> 1\u00ba de setembro <\/strong>aponta que os tipos sangu\u00edneos<strong> O\u2212, O+ e A+ est\u00e3o em n\u00edvel cr\u00edtico na rede<\/strong>. Os tipos<strong> A\u2212, B+ e B\u2212 permanecem em estado de alerta<\/strong>. O <strong>AB+ apresenta situa\u00e7\u00e3o est\u00e1vel<\/strong>, enquanto o <strong>AB\u2212 est\u00e1 em n\u00edvel adequado<\/strong>.<\/p>\n<p>Respons\u00e1vel por atender mais de <strong>90% da demanda hemoter\u00e1pica de Minas Gerais<\/strong>, a Hemominas realiza a coleta, o processamento e a distribui\u00e7\u00e3o de sangue para hospitais de diferentes regi\u00f5es do estado.<\/p>\n<p>Ap\u00f3s a coleta, o sangue \u00e9 separado em hemocomponentes e encaminhado \u00e0s unidades hospitalares conforme a necessidade de cada paciente. Esses componentes s\u00e3o utilizados diariamente em <strong>atendimentos de urg\u00eancia e emerg\u00eancia, cirurgias, tratamentos oncol\u00f3gicos, transplantes e outros procedimentos m\u00e9dicos.<\/strong><\/p>\n<p>Uma \u00fanica doa\u00e7\u00e3o pode beneficiar<strong> at\u00e9 quatro pessoas<\/strong>, j\u00e1 que o sangue coletado \u00e9 fracionado em diferentes componentes utilizados de acordo com a indica\u00e7\u00e3o cl\u00ednica.<\/p>\n<ul>\n<li><strong>Hospitais mant\u00eam demanda permanente por sangue<\/strong><\/li>\n<\/ul>\n<p>A necessidade de sangue \u00e9 constante na rede hospitalar mineira. Em 2025, a Hemominas coletou mais de<strong> 289 mil bolsas de sangue<\/strong>, o equivalente a uma m\u00e9dia de aproximadamente <strong>24 mil doa\u00e7\u00f5es por m\u00eas.<\/strong><\/p>\n<p>A partir desse volume, foram produzidos <strong>774.703 hemocomponentes<\/strong>, entre concentrados de hem\u00e1cias, plaquetas, plasma e crioprecipitado.<\/p>\n<p>A quantidade utilizada varia de acordo com cada procedimento. Enquanto algumas cirurgias n\u00e3o necessitam de transfus\u00e3o, outras podem demandar v\u00e1rias unidades de hemocomponentes, dependendo das condi\u00e7\u00f5es cl\u00ednicas do paciente e da ocorr\u00eancia de sangramentos.<\/p>\n<p>Por isso, a manuten\u00e7\u00e3o dos estoques depende da participa\u00e7\u00e3o cont\u00ednua dos doadores durante todo o ano.<\/p>\n<ul>\n<li><strong>Quem pode doar sangue<\/strong><\/li>\n<\/ul>\n<p>Podem doar pessoas que:<\/p>\n<p>. Tenham entre\u00a0<strong>16 e 69 anos<\/strong>;<br \/>. Estejam em boas condi\u00e7\u00f5es de sa\u00fade;<br \/>. Pesem mais de 50 quilos;<br \/>. Estejam alimentadas e descansadas;<br \/>. Apresentem documento oficial de identifica\u00e7\u00e3o.<\/p>\n<ul>\n<li><strong>Servi\u00e7o<\/strong><\/li>\n<\/ul>\n<p><strong>Doa\u00e7\u00e3o de sangue na Funda\u00e7\u00e3o Hemominas<\/strong><\/p>\n<p><strong>Agendamento:<\/strong> pelo site da <a href=\"https:\/\/www.hemominas.mg.gov.br\/\">Funda\u00e7\u00e3o Hemominas<\/a> ou pelo MG App<br \/><strong>Hor\u00e1rio:<\/strong> de segunda a sexta-feira, das 7h \u00e0s 18h, e aos s\u00e1bados, das 7h \u00e0s 13h<br \/><strong>Locais:<\/strong> unidades de atendimento dispon\u00edveis no portal da Funda\u00e7\u00e3o Hemominas<\/p>\n<p><strong>Confira tamb\u00e9m:<\/strong> campanha de mobiliza\u00e7\u00e3o de doadores para refor\u00e7ar os estoques de sangue em Belo Horizonte<\/p>","protected":false},"excerpt":{"rendered":"<p>Hemominas alerta para estoques cr\u00edticos e refor\u00e7a pedido de doa\u00e7\u00f5es de sangue em Minas<\/p>\n","protected":false},"author":1,"featured_media":7662,"comment_status":"","ping_status":"open","sticky":false,"template":"","format":"standard","meta":{"_monsterinsights_skip_tracking":false,"footnotes":"","jetpack_publicize_message":"","jetpack_publicize_feature_enabled":true,"jetpack_social_post_already_shared":true,"jetpack_social_options":{"image_generator_settings":{"template":"highway","default_image_id":0,"font":"","enabled":false},"version":2}},"categories":[51],"tags":[],"class_list":["post-7661","post","type-post","status-publish","format-standard","has-post-thumbnail","hentry","category-sindijori_mg"],"aioseo_notices":[],"jetpack_publicize_connections":[],"_links":{"self":[{"href":"https:\/\/jornalnossahistoria.com.br\/portal\/index.php\/wp-json\/wp\/v2\/posts\/7661","targetHints":{"allow":["GET"]}}],"collection":[{"href":"https:\/\/jornalnossahistoria.com.br\/portal\/index.php\/wp-json\/wp\/v2\/posts"}],"about":[{"href":"https:\/\/jornalnossahistoria.com.br\/portal\/index.php\/wp-json\/wp\/v2\/types\/post"}],"author":[{"embeddable":true,"href":"https:\/\/jornalnossahistoria.com.br\/portal\/index.php\/wp-json\/wp\/v2\/users\/1"}],"replies":[{"embeddable":true,"href":"https:\/\/jornalnossahistoria.com.br\/portal\/index.php\/wp-json\/wp\/v2\/comments?post=7661"}],"version-history":[{"count":0,"href":"https:\/\/jornalnossahistoria.com.br\/portal\/index.php\/wp-json\/wp\/v2\/posts\/7661\/revisions"}],"wp:featuredmedia":[{"embeddable":true,"href":"https:\/\/jornalnossahistoria.com.br\/portal\/index.php\/wp-json\/wp\/v2\/media\/7662"}],"wp:attachment":[{"href":"https:\/\/jornalnossahistoria.com.br\/portal\/index.php\/wp-json\/wp\/v2\/media?parent=7661"}],"wp:term":[{"taxonomy":"category","embeddable":true,"href":"https:\/\/jornalnossahistoria.com.br\/portal\/index.php\/wp-json\/wp\/v2\/categories?post=7661"},{"taxonomy":"post_tag","embeddable":true,"href":"https:\/\/jornalnossahistoria.com.br\/portal\/index.php\/wp-json\/wp\/v2\/tags?post=7661"}],"curies":[{"name":"wp","href":"https:\/\/api.w.org\/{rel}","templated":true}]}}