{"id":7643,"date":"2026-09-01T12:12:02","date_gmt":"2026-09-01T15:12:02","guid":{"rendered":"https:\/\/jornalnossahistoria.com.br\/portal\/index.php\/2026\/09\/01\/araxa-e-uberlandia-se-unem-em-projeto-pioneiro\/"},"modified":"2026-09-01T12:12:02","modified_gmt":"2026-09-01T15:12:02","slug":"araxa-e-uberlandia-se-unem-em-projeto-pioneiro","status":"publish","type":"post","link":"https:\/\/jornalnossahistoria.com.br\/portal\/index.php\/2026\/09\/01\/araxa-e-uberlandia-se-unem-em-projeto-pioneiro\/","title":{"rendered":"Arax\u00e1 e Uberl\u00e2ndia se unem em projeto pioneiro"},"content":{"rendered":"<p><em><span>Foto: Divulga\u00e7\u00e3o St George Mining<\/span><\/em><\/p>\n<p><strong><span>COLUNA MG<\/span><\/strong><br \/><span>Principais destaques dos jornais e portais integrantes da Rede Sindijori MG<\/span><br \/><span><a href=\"https:\/\/www.sindijorimg.com.br\/\">www.sindijorimg.com.br<\/a><\/span><\/p>\n<p><strong><span><\/span><\/strong><\/p>\n<p><strong><span>Arax\u00e1 e Uberl\u00e2ndia se unem em projeto pioneiro<\/span><\/strong><br \/><span>O Projeto Arax\u00e1, conduzido pela australiana St George Mining, deu um importante passo para fortalecer a cadeia de valor de terras raras e ni\u00f3bio em Minas Gerais. A mineradora assinou um protocolo de inten\u00e7\u00f5es com o Grupo Lima &amp; Pergher, com o apoio do Governo de Minas Gerais, para viabilizar um centro avan\u00e7ado de processamento de minerais cr\u00edticos no estado. A iniciativa conecta o munic\u00edpio de Arax\u00e1, detentor de uma das maiores reservas de ni\u00f3bio e terras raras do pa\u00eds, a Uberl\u00e2ndia, cidade que abrigar\u00e1 a futura unidade industrial de refino. A meta das empresas \u00e9 iniciar as opera\u00e7\u00f5es at\u00e9 2030. (Clarim Net)<\/span><br \/><span><a href=\"https:\/\/clarim.net.br\/st-george-araxa-e-uberlandia-se-unem-em-projeto-pioneiro-para-processamento-de-terras-raras-em-mg\/\">https:\/\/clarim.net.br\/st-george-araxa-e-uberlandia-se-unem-em-projeto-pioneiro-para-processamento-de-terras-raras-em-mg\/<\/a><\/span><\/p>\n<p><strong><span><\/span><\/strong><\/p>\n<p><strong><span>Vereador \u00e9 preso em Uberaba<\/span><\/strong><br \/><span>A pris\u00e3o do vereador Almir Silva, nesta ter\u00e7a-feira (1\u00ba), colocou a C\u00e2mara Municipal de Uberaba diante de uma situa\u00e7\u00e3o sem precedente semelhante em sua hist\u00f3ria recente. Segundo o diretor-geral do Legislativo, Rodrigo Souto, n\u00e3o h\u00e1 registro de outro parlamentar em pleno exerc\u00edcio do mandato preso em uma investiga\u00e7\u00e3o relacionada a supostos crimes ligados \u00e0 pr\u00f3pria atua\u00e7\u00e3o parlamentar. Almir foi preso em casa pela Pol\u00edcia Civil durante desdobramento da Opera\u00e7\u00e3o Ca\u00e7a-Fantasmas, que investiga suspeitas de irregularidades envolvendo pessoas ligadas ao gabinete do vereador. Simultaneamente \u00e0 pris\u00e3o, policiais cumpriram mandados na sede administrativa da C\u00e2mara e no anexo onde funcionam os gabinetes parlamentares. (Jornal da Manh\u00e3)<\/span><br \/><span><a href=\"https:\/\/www.jmonline.com.br\/politica\/caso-almir-marca-primeira-pris-o-de-vereador-em-exercicio-na-historia-recente-da-camara-1.661959\">https:\/\/www.jmonline.com.br\/politica\/caso-almir-marca-primeira-pris-o-de-vereador-em-exercicio-na-historia-recente-da-camara-1.661959<\/a><\/span><\/p>\n<p><strong><span><\/span><\/strong><\/p>\n<p><strong><span>Temporal causa estragos em Varginha<\/span><\/strong><br \/><span>Uma forte tempestade, com ventos fortes, atingiu Varginha na noite de segunda-feira (31) e provocou estragos em diferentes regi\u00f5es. Moradores relatam \u00e1rvores ca\u00eddas, telhas arrancadas, calhas soltas, fios nas ruas e interrup\u00e7\u00f5es no fornecimento de energia. Dados exibidos no Mapa de Fornecimento de Energia da Cemig mostram que 21.359 unidades estavam sem energia em Varginha, ap\u00f3s a forte tempestade que atingiu o munic\u00edpio. (Varginha Digital)<\/span><br \/><span><a href=\"https:\/\/varginhadigital.com.br\/noticias\/noticias-de-varginha\/temporal-varginha-estragos-sem-energia\/\">https:\/\/varginhadigital.com.br\/noticias\/noticias-de-varginha\/temporal-varginha-estragos-sem-energia\/<\/a><\/span><\/p>\n<p><strong><span><\/span><\/strong><\/p>\n<p><strong><span>Festas de Reinado movimentam Divin\u00f3polis<\/span><\/strong><br \/><span>As tradicionais Festas de Reinado em Divin\u00f3polis continuam movimentando diferentes comunidades do munic\u00edpio durante o m\u00eas de setembro. A programa\u00e7\u00e3o re\u00fane celebra\u00e7\u00f5es marcadas por f\u00e9, devo\u00e7\u00e3o, cultura e tradi\u00e7\u00e3o em diversas regi\u00f5es da cidade. A programa\u00e7\u00e3o re\u00fane irmandades, fi\u00e9is e comunidades em momentos de f\u00e9 e tradi\u00e7\u00e3o. O calend\u00e1rio do Reinado continua em outubro e no in\u00edcio de novembro. A programa\u00e7\u00e3o de setembro come\u00e7a entre os dias 4 e 6, com a festa da Irmandade de Nossa Senhora do Ros\u00e1rio e S\u00e3o Benedito, na Vila Romana. (Portal MPA)<\/span><br \/><span><a href=\"https:\/\/www.sistemampa.com.br\/noticias\/divinopolis\/festas-de-reinado-divinopolis\/\">https:\/\/www.sistemampa.com.br\/noticias\/divinopolis\/festas-de-reinado-divinopolis\/<\/a><\/span><\/p>\n<p><strong><span><\/span><\/strong><\/p>\n<p><strong><span>Parceria incentiva cultura em Minas<\/span><\/strong><br \/><span>O Instituto Cultural Filarm\u00f4nica, organiza\u00e7\u00e3o social respons\u00e1vel pela gest\u00e3o da Orquestra Filarm\u00f4nica de Minas Gerais, firmou uma parceria com a Associa\u00e7\u00e3o Comercial e Empresarial de Minas (ACMinas) para 2026. A iniciativa busca estreitar a rela\u00e7\u00e3o entre o setor empresarial e uma das principais orquestras da Am\u00e9rica Latina. O acordo prev\u00ea ampliar o acesso \u00e0 programa\u00e7\u00e3o cultural para associados da entidade, al\u00e9m descontos especiais em ingressos, visitas guiadas \u00e0 Sala Minas Gerais e a\u00e7\u00f5es voltadas ao relacionamento institucional. A parceria tamb\u00e9m prev\u00ea a participa\u00e7\u00e3o da Filarm\u00f4nica em eventos promovidos pela ACMinas e outras iniciativas da entidade. (Cidade Conecta)<\/span><br \/><span><a href=\"https:\/\/www.cidadeconecta.com\/noticias\/negocios\/parceria-inedita-fortalece-rede-de-apoio-empresarial-a-cultura-do-estado\/\">https:\/\/www.cidadeconecta.com\/noticias\/negocios\/parceria-inedita-fortalece-rede-de-apoio-empresarial-a-cultura-do-estado\/<\/a><\/span><\/p>\n<p><strong><span><\/span><\/strong><\/p>\n<p><strong><span>Valadares recebe evento religioso<\/span><\/strong><br \/><span>Governador Valadares recebe, no dia 12 de setembro, a primeira edi\u00e7\u00e3o do Metamorfose \u2013 Transformados pela F\u00e9. O evento ser\u00e1 realizado na \u00e1rea coberta do Parque de Exposi\u00e7\u00f5es de Governador Valadares e reunir\u00e1 crist\u00e3os, fam\u00edlias e amigos para uma noite de louvor, m\u00fasica e celebra\u00e7\u00e3o. A iniciativa nasce com o prop\u00f3sito de promover um espa\u00e7o de encontro pautado por valores crist\u00e3os, aproximando pessoas de Governador Valadares e regi\u00e3o em torno daquilo que compartilham: a f\u00e9 em Cristo. (Jornal da Cidade)<\/span><br \/><span><a href=\"https:\/\/jornaldacidadevalesdeminas.com\/evento-acontece-no-dia-12-de-setembro-no-parque-de-exposicoes-e-tera-pagode-do-restaura-pela-primeira-vez-no-leste-de-minas-gerais\/\">https:\/\/jornaldacidadevalesdeminas.com\/evento-acontece-no-dia-12-de-setembro-no-parque-de-exposicoes-e-tera-pagode-do-restaura-pela-primeira-vez-no-leste-de-minas-gerais\/<\/a><\/span><\/p>\n<p><span><\/span><\/p>","protected":false},"excerpt":{"rendered":"<p>Foto: Divulga\u00e7\u00e3o St George Mining COLUNA MGPrincipais destaques dos jornais e portais integrantes da Rede Sindijori MGwww.sindijorimg.com.br Arax\u00e1 e Uberl\u00e2ndia se unem em projeto pioneiroO Projeto<span class=\"excerpt-hellip\"> [\u2026]<\/span><\/p>\n","protected":false},"author":1,"featured_media":7644,"comment_status":"","ping_status":"open","sticky":false,"template":"","format":"standard","meta":{"_monsterinsights_skip_tracking":false,"footnotes":"","jetpack_publicize_message":"","jetpack_publicize_feature_enabled":true,"jetpack_social_post_already_shared":true,"jetpack_social_options":{"image_generator_settings":{"template":"highway","default_image_id":0,"font":"","enabled":false},"version":2}},"categories":[50],"tags":[],"class_list":["post-7643","post","type-post","status-publish","format-standard","has-post-thumbnail","hentry","category-coluna_mg"],"aioseo_notices":[],"jetpack_publicize_connections":[],"_links":{"self":[{"href":"https:\/\/jornalnossahistoria.com.br\/portal\/index.php\/wp-json\/wp\/v2\/posts\/7643","targetHints":{"allow":["GET"]}}],"collection":[{"href":"https:\/\/jornalnossahistoria.com.br\/portal\/index.php\/wp-json\/wp\/v2\/posts"}],"about":[{"href":"https:\/\/jornalnossahistoria.com.br\/portal\/index.php\/wp-json\/wp\/v2\/types\/post"}],"author":[{"embeddable":true,"href":"https:\/\/jornalnossahistoria.com.br\/portal\/index.php\/wp-json\/wp\/v2\/users\/1"}],"replies":[{"embeddable":true,"href":"https:\/\/jornalnossahistoria.com.br\/portal\/index.php\/wp-json\/wp\/v2\/comments?post=7643"}],"version-history":[{"count":0,"href":"https:\/\/jornalnossahistoria.com.br\/portal\/index.php\/wp-json\/wp\/v2\/posts\/7643\/revisions"}],"wp:featuredmedia":[{"embeddable":true,"href":"https:\/\/jornalnossahistoria.com.br\/portal\/index.php\/wp-json\/wp\/v2\/media\/7644"}],"wp:attachment":[{"href":"https:\/\/jornalnossahistoria.com.br\/portal\/index.php\/wp-json\/wp\/v2\/media?parent=7643"}],"wp:term":[{"taxonomy":"category","embeddable":true,"href":"https:\/\/jornalnossahistoria.com.br\/portal\/index.php\/wp-json\/wp\/v2\/categories?post=7643"},{"taxonomy":"post_tag","embeddable":true,"href":"https:\/\/jornalnossahistoria.com.br\/portal\/index.php\/wp-json\/wp\/v2\/tags?post=7643"}],"curies":[{"name":"wp","href":"https:\/\/api.w.org\/{rel}","templated":true}]}}