{"id":7641,"date":"2026-08-31T13:47:51","date_gmt":"2026-08-31T16:47:51","guid":{"rendered":"https:\/\/jornalnossahistoria.com.br\/portal\/index.php\/2026\/08\/31\/flavio-roscoe-visita-sistema-faemg-e-apresenta-propostas-para-fortalecer-a-agropecuaria-mineira\/"},"modified":"2026-08-31T13:47:51","modified_gmt":"2026-08-31T16:47:51","slug":"flavio-roscoe-visita-sistema-faemg-e-apresenta-propostas-para-fortalecer-a-agropecuaria-mineira","status":"publish","type":"post","link":"https:\/\/jornalnossahistoria.com.br\/portal\/index.php\/2026\/08\/31\/flavio-roscoe-visita-sistema-faemg-e-apresenta-propostas-para-fortalecer-a-agropecuaria-mineira\/","title":{"rendered":"Fl\u00e1vio Roscoe visita Sistema Faemg e apresenta propostas para fortalecer a agropecu\u00e1ria mineira"},"content":{"rendered":"<p><strong>Candidato ao governo de Minas conheceu n\u00fameros do setor e recebeu documento com os principais pleitos de produtores e sindicatos rurais do estado<\/strong><\/p>\n<p>O candidato do <strong>PL ao governo de Minas Gerais, Fl\u00e1vio Roscoe<\/strong>, e sua candidata a vice, <strong>Ellen Miziara<\/strong>, visitaram o <strong>Sistema Faemg<\/strong> na manh\u00e3 desta sexta-feira (28). O encontro faz parte de uma s\u00e9rie de agendas promovidas pela entidade com candidatos ao governo estadual para conhecer as propostas destinadas ao agroneg\u00f3cio mineiro e apresentar as principais demandas do setor.<\/p>\n<p>Roscoe foi recebido pelo presidente do Sistema Faemg, <strong>Ant\u00f4nio de Salvo<\/strong>, al\u00e9m de vice-presidentes e diretores da entidade. Durante a visita, o candidato conheceu n\u00fameros da agropecu\u00e1ria mineira e destacou a import\u00e2ncia estrat\u00e9gica do setor para a economia do estado, com participa\u00e7\u00e3o nas exporta\u00e7\u00f5es, gera\u00e7\u00e3o de empregos, desenvolvimento de tecnologia e inova\u00e7\u00e3o e produ\u00e7\u00e3o de alimentos.<\/p>\n<p>Ao apresentar suas propostas, Roscoe apontou a\u00e7\u00f5es relacionadas \u00e0 infraestrutura log\u00edstica, capacita\u00e7\u00e3o e assist\u00eancia t\u00e9cnica, acesso ao cr\u00e9dito e seguran\u00e7a no campo.<\/p>\n<p><em>\u201cTodas as cidades de Minas Gerais possuem atividade agropecu\u00e1ria, desde a agricultura familiar, at\u00e9 grandes produtores. Em muitas cidades, essa \u00e9 a principal atividade econ\u00f4mica. Vamos apoiar o crescimento do setor com log\u00edstica adequada para o escoamento da produ\u00e7\u00e3o, capacita\u00e7\u00e3o e assist\u00eancia t\u00e9cnica, acesso ao cr\u00e9dito e investimentos em uma rede de seguran\u00e7a robusta, que garanta a tranquilidade no campo. Esse importante pilar da nossa economia merece aten\u00e7\u00e3o especial do Estado\u201d,<\/em> disse o <strong>candidato<\/strong>.<\/p>\n<ul>\n<li><strong>Demandas do setor s\u00e3o entregues ao candidato<\/strong><\/li>\n<\/ul>\n<p>Ao final da visita, Fl\u00e1vio Roscoe conversou com a imprensa e recebeu da diretoria do Sistema Faemg o documento <strong>\u201cPleito do Produtor Rural e do Sistema Sindical Rural Mineiro aos Candidatos ao Governo de Minas\u201d.<\/strong><\/p>\n<p>O material re\u00fane demandas e propostas consideradas essenciais pelo Sistema Faemg para o desenvolvimento da agropecu\u00e1ria mineira e integra o di\u00e1logo promovido pela entidade com os candidatos ao governo de Minas Gerais durante o per\u00edodo eleitoral.<\/p>","protected":false},"excerpt":{"rendered":"<p>Fl\u00e1vio Roscoe visita Sistema Faemg e apresenta propostas para fortalecer a agropecu\u00e1ria mineira<\/p>\n","protected":false},"author":1,"featured_media":7642,"comment_status":"","ping_status":"open","sticky":false,"template":"","format":"standard","meta":{"_monsterinsights_skip_tracking":false,"footnotes":"","jetpack_publicize_message":"","jetpack_publicize_feature_enabled":true,"jetpack_social_post_already_shared":true,"jetpack_social_options":{"image_generator_settings":{"template":"highway","default_image_id":0,"font":"","enabled":false},"version":2}},"categories":[51],"tags":[],"class_list":["post-7641","post","type-post","status-publish","format-standard","has-post-thumbnail","hentry","category-sindijori_mg"],"aioseo_notices":[],"jetpack_publicize_connections":[],"_links":{"self":[{"href":"https:\/\/jornalnossahistoria.com.br\/portal\/index.php\/wp-json\/wp\/v2\/posts\/7641","targetHints":{"allow":["GET"]}}],"collection":[{"href":"https:\/\/jornalnossahistoria.com.br\/portal\/index.php\/wp-json\/wp\/v2\/posts"}],"about":[{"href":"https:\/\/jornalnossahistoria.com.br\/portal\/index.php\/wp-json\/wp\/v2\/types\/post"}],"author":[{"embeddable":true,"href":"https:\/\/jornalnossahistoria.com.br\/portal\/index.php\/wp-json\/wp\/v2\/users\/1"}],"replies":[{"embeddable":true,"href":"https:\/\/jornalnossahistoria.com.br\/portal\/index.php\/wp-json\/wp\/v2\/comments?post=7641"}],"version-history":[{"count":0,"href":"https:\/\/jornalnossahistoria.com.br\/portal\/index.php\/wp-json\/wp\/v2\/posts\/7641\/revisions"}],"wp:featuredmedia":[{"embeddable":true,"href":"https:\/\/jornalnossahistoria.com.br\/portal\/index.php\/wp-json\/wp\/v2\/media\/7642"}],"wp:attachment":[{"href":"https:\/\/jornalnossahistoria.com.br\/portal\/index.php\/wp-json\/wp\/v2\/media?parent=7641"}],"wp:term":[{"taxonomy":"category","embeddable":true,"href":"https:\/\/jornalnossahistoria.com.br\/portal\/index.php\/wp-json\/wp\/v2\/categories?post=7641"},{"taxonomy":"post_tag","embeddable":true,"href":"https:\/\/jornalnossahistoria.com.br\/portal\/index.php\/wp-json\/wp\/v2\/tags?post=7641"}],"curies":[{"name":"wp","href":"https:\/\/api.w.org\/{rel}","templated":true}]}}