{"id":7122,"date":"2026-05-02T11:28:13","date_gmt":"2026-05-02T14:28:13","guid":{"rendered":"https:\/\/jornalnossahistoria.com.br\/portal\/index.php\/2026\/05\/02\/uemg-sob-influencia-de-decisao-politica\/"},"modified":"2026-05-02T11:28:13","modified_gmt":"2026-05-02T14:28:13","slug":"uemg-sob-influencia-de-decisao-politica","status":"publish","type":"post","link":"https:\/\/jornalnossahistoria.com.br\/portal\/index.php\/2026\/05\/02\/uemg-sob-influencia-de-decisao-politica\/","title":{"rendered":"UEMG sob influ\u00eancia de decis\u00e3o pol\u00edtica"},"content":{"rendered":"<p><em><span>Foto: Arquivo UEMG<\/span><\/em><\/p>\n\n<p><strong><span>COLUNA MG<\/span><\/strong><br \/><span>Principais destaques dos jornais e portais integrantes da Rede Sindijori MG<\/span><br \/><span><a href=\"https:\/\/www.sindijorimg.com.br\/\">www.sindijorimg.com.br<\/a><\/span><\/p>\n<p><strong><span><\/span><\/strong><\/p>\n<p><strong><span>UEMG sob influ\u00eancia de decis\u00e3o pol\u00edtica<\/span><\/strong><br \/><span>A Universidade do Estado de Minas Gerais vive um momento de tens\u00e3o institucional. Com elei\u00e7\u00e3o marcada para formar a lista tr\u00edplice que ser\u00e1 enviada ao governador Mateus Sim\u00f5es em 20 de maio de 2026, tr\u00eas chapas disputam o comando da institui\u00e7\u00e3o. O governador tem a prerrogativa de escolher qualquer nome da lista e ele deixou clara sua posi\u00e7\u00e3o durante visita recente ao campus de Frutal, no Tri\u00e2ngulo Mineiro: s\u00f3 ter\u00e1 chance real de nomea\u00e7\u00e3o o candidato que n\u00e3o se oponha \u00e0 venda ou destina\u00e7\u00e3o de um pr\u00e9dio abandonado da universidade naquela cidade. (Observo)<\/span><br \/><span><a href=\"https:\/\/www.observo.com.br\/futuro-da-uemg-em-jogo-tres-chapas-disputam-reitoria-sob-sombra-de-decisao-politica\">https:\/\/www.observo.com.br\/futuro-da-uemg-em-jogo-tres-chapas-disputam-reitoria-sob-sombra-de-decisao-politica<\/a><\/span><\/p>\n<p><span><\/span><\/p>\n<p><strong><span>Gasmig amplia rede em Ipatinga<\/span><\/strong><br \/><span>A Companhia de G\u00e1s de Minas Gerais (Gasmig) ampliou sua rede de distribui\u00e7\u00e3o em Ipatinga, no Vale do A\u00e7o, refor\u00e7ando a presen\u00e7a da Gasmig na regi\u00e3o que concentra importantes clientes industriais. Com o novo bols\u00e3o Horto, a Gasmig investiu aproximadamente R$ 7 milh\u00f5es e adicionou mais 8 quil\u00f4metros de extens\u00e3o \u00e0 rede. A expans\u00e3o permite o atendimento de novos clientes dos segmentos residencial e comercial no munic\u00edpio. A Companhia tamb\u00e9m prev\u00ea a implanta\u00e7\u00e3o de mais 24 quil\u00f4metros de rede em um novo bols\u00e3o na regi\u00e3o do Cidade Nobre com obras a partir de maio. (Di\u00e1rio do A\u00e7o)<\/span><br \/><span><a href=\"https:\/\/www.diariodoaco.com.br\/noticia\/0133443-gasmig-amplia-rede-em-ipatinga-com-investimento-de-r-7-milhoes\">https:\/\/www.diariodoaco.com.br\/noticia\/0133443-gasmig-amplia-rede-em-ipatinga-com-investimento-de-r-7-milhoes<\/a><\/span><\/p>\n<p><span><\/span><\/p>\n<p><strong><span>Minas \u00e9 eleito um dos destinos mais seguros<\/span><\/strong><br \/><span>Conhecida pelas cidades hist\u00f3ricas, culin\u00e1ria t\u00edpica e acolhimento, nos \u00faltimos tempos, Minas Gerais tamb\u00e9m vem se destacando por uma outra caracter\u00edstica: a seguran\u00e7a quando o assunto \u00e9 morar sozinho, como destacado pelos brasileiros em um novo estudo \u2014 que classificaram o estado como o 3\u00b0 mais indicado para quem pretende viver essa experi\u00eancia. \u00a0Os dados s\u00e3o da Verisure, empresa de alarmes monitorados que, nas \u00faltimas semanas, buscou entender os desafios, motiva\u00e7\u00f5es e h\u00e1bitos relacionados \u00e0 vida independente no pa\u00eds. A pesquisa mostra que, al\u00e9m de influenciar a rotina, a seguran\u00e7a tamb\u00e9m tem peso consider\u00e1vel na forma como esse p\u00fablico organiza sua vida e escolhe o destino em que morar sem a companhia dos outros. (MG Turismo)<\/span><br \/><span><a href=\"https:\/\/mgturismo.com.br\/minas-e-eleito-um-dos-destinos-mais-seguros-para-quem-deseja-morar-sozinho-segundo-os-brasileiros\/\">https:\/\/mgturismo.com.br\/minas-e-eleito-um-dos-destinos-mais-seguros-para-quem-deseja-morar-sozinho-segundo-os-brasileiros\/<\/a><\/span><\/p>\n<p><span><\/span><\/p>\n<p><strong><span>Hospital de Belo Oriente ampliado<\/span><\/strong><br \/><span>A rede de sa\u00fade de Belo Oriente alcan\u00e7ou um novo patamar de atendimento nesta semana. A Prefeitura Municipal, em parceria com a Associa\u00e7\u00e3o Hospital S\u00e3o Vicente de Paulo, inaugurou duas novas salas cir\u00fargicas no Hospital Jaques Gon\u00e7alves Pereira. Com a expans\u00e3o, a unidade hospitalar passa a contar com quatro salas cir\u00fargicas modernas e totalmente equipadas. O investimento visa dobrar a capacidade de realiza\u00e7\u00e3o de procedimentos e reduzir ainda mais as filas de espera para cirurgias eletivas na regi\u00e3o do Vale do A\u00e7o. (Jornal dos Vales)<\/span><br \/><span><a href=\"https:\/\/www.jornaldosvales.com.br\/noticia\/63551\/hospital-jacques-goncalves-pereira-em-belo-oriente-ganha-novas-salas-e-moderniza-centro-cirurgico\">https:\/\/www.jornaldosvales.com.br\/noticia\/63551\/hospital-jacques-goncalves-pereira-em-belo-oriente-ganha-novas-salas-e-moderniza-centro-cirurgico<\/a><\/span><\/p>\n<p><span><\/span><\/p>\n<p><strong><span>Paisagem Cafeeira como patrim\u00f4nio estadual<\/span><\/strong><br \/><span>O estado avan\u00e7a em uma mobiliza\u00e7\u00e3o hist\u00f3rica para o reconhecimento da Paisagem Cultural Cafeeira como patrim\u00f4nio cultural do estado e entra, agora, em sua fase mais decisiva: a ades\u00e3o institucional e popular ao processo. Lan\u00e7ada durante o 2\u00ba F\u00f3rum Regional de Cultura Cafeeira da Microrregi\u00e3o de Varginha, em 09 de abril de 2026, a iniciativa ganha for\u00e7a ao convocar oficialmente munic\u00edpios cafeeiros, entidades representativas e a sociedade civil a formalizarem seu apoio por meio de instrumentos estruturados e acess\u00edveis. (Pouso Alegre em Foco)<\/span><br \/><span><a href=\"https:\/\/pousoalegreemfoco.com.br\/noticia\/4028\/minas-avanca-em-mobilizacao-historica-para-reconhecer-a-paisagem-cultural-cafeeira-como-pa\">https:\/\/pousoalegreemfoco.com.br\/noticia\/4028\/minas-avanca-em-mobilizacao-historica-para-reconhecer-a-paisagem-cultural-cafeeira-como-pa<\/a><\/span><\/p>\n<p><span><\/span><\/p>\n<p><strong><span>Nomes bem avaliados para o pleito de 2026<\/span><\/strong><br \/><span>Uma meia d\u00fazia de ex-prefeitos em cidades de Minas Gerais est\u00e3o embalados para disputar as elei\u00e7\u00f5es de 2026. A grande novidade \u00e9 a confirma\u00e7\u00e3o do nome do jornalista e radialista Eduardo Costa, que j\u00e1 est\u00e1 em plena atividade pol\u00edtica. Outros nomes na lista: o de prefeito de Patos de Minas, Lu\u00eds Eduardo Falc\u00e3o; o ex-atleta e ex-deputado Jo\u00e3o Leite \u00e9 outro nome alentado para pleitear uma vaga no Congresso Nacional; o empres\u00e1rio, apresentador de TV e advogado Fabiano Cazeca tem projeto encaminhado para tentar conquistar uma cadeira no Parlamento Federal. (Edi\u00e7\u00e3o do Brasil)<\/span><br \/><span><a href=\"https:\/\/edicaodobrasil.com.br\/nomes-bem-avaliados-para-conquistar-votos-no-pleito-de-2026\/\">https:\/\/edicaodobrasil.com.br\/nomes-bem-avaliados-para-conquistar-votos-no-pleito-de-2026\/<\/a><\/span><\/p>\n<p><span><\/span><\/p>","protected":false},"excerpt":{"rendered":"<p>Foto: Arquivo UEMG COLUNA MGPrincipais destaques dos jornais e portais integrantes da Rede Sindijori MGwww.sindijorimg.com.br UEMG sob influ\u00eancia de decis\u00e3o pol\u00edticaA Universidade do Estado de Minas<span class=\"excerpt-hellip\"> [\u2026]<\/span><\/p>\n","protected":false},"author":1,"featured_media":7123,"comment_status":"","ping_status":"open","sticky":false,"template":"","format":"standard","meta":{"_monsterinsights_skip_tracking":false,"_monsterinsights_sitenote_active":false,"_monsterinsights_sitenote_note":"","_monsterinsights_sitenote_category":0,"footnotes":"","jetpack_publicize_message":"","jetpack_publicize_feature_enabled":true,"jetpack_social_post_already_shared":true,"jetpack_social_options":{"image_generator_settings":{"template":"highway","default_image_id":0,"font":"","enabled":false},"version":2}},"categories":[50],"tags":[],"class_list":["post-7122","post","type-post","status-publish","format-standard","has-post-thumbnail","hentry","category-coluna_mg"],"aioseo_notices":[],"jetpack_publicize_connections":[],"_links":{"self":[{"href":"https:\/\/jornalnossahistoria.com.br\/portal\/index.php\/wp-json\/wp\/v2\/posts\/7122","targetHints":{"allow":["GET"]}}],"collection":[{"href":"https:\/\/jornalnossahistoria.com.br\/portal\/index.php\/wp-json\/wp\/v2\/posts"}],"about":[{"href":"https:\/\/jornalnossahistoria.com.br\/portal\/index.php\/wp-json\/wp\/v2\/types\/post"}],"author":[{"embeddable":true,"href":"https:\/\/jornalnossahistoria.com.br\/portal\/index.php\/wp-json\/wp\/v2\/users\/1"}],"replies":[{"embeddable":true,"href":"https:\/\/jornalnossahistoria.com.br\/portal\/index.php\/wp-json\/wp\/v2\/comments?post=7122"}],"version-history":[{"count":0,"href":"https:\/\/jornalnossahistoria.com.br\/portal\/index.php\/wp-json\/wp\/v2\/posts\/7122\/revisions"}],"wp:featuredmedia":[{"embeddable":true,"href":"https:\/\/jornalnossahistoria.com.br\/portal\/index.php\/wp-json\/wp\/v2\/media\/7123"}],"wp:attachment":[{"href":"https:\/\/jornalnossahistoria.com.br\/portal\/index.php\/wp-json\/wp\/v2\/media?parent=7122"}],"wp:term":[{"taxonomy":"category","embeddable":true,"href":"https:\/\/jornalnossahistoria.com.br\/portal\/index.php\/wp-json\/wp\/v2\/categories?post=7122"},{"taxonomy":"post_tag","embeddable":true,"href":"https:\/\/jornalnossahistoria.com.br\/portal\/index.php\/wp-json\/wp\/v2\/tags?post=7122"}],"curies":[{"name":"wp","href":"https:\/\/api.w.org\/{rel}","templated":true}]}}