{"id":7106,"date":"2026-04-30T14:19:09","date_gmt":"2026-04-30T17:19:09","guid":{"rendered":"https:\/\/jornalnossahistoria.com.br\/portal\/?p=7106"},"modified":"2026-04-30T14:21:53","modified_gmt":"2026-04-30T17:21:53","slug":"comida-di-buteco-e-destaque-no-bairro-sagrada-familia","status":"publish","type":"post","link":"https:\/\/jornalnossahistoria.com.br\/portal\/index.php\/2026\/04\/30\/comida-di-buteco-e-destaque-no-bairro-sagrada-familia\/","title":{"rendered":"Comida di Buteco \u00e9 destaque no bairro Sagrada Fam\u00edlia"},"content":{"rendered":"\t\t<div data-elementor-type=\"wp-post\" data-elementor-id=\"7106\" class=\"elementor elementor-7106\" data-elementor-post-type=\"post\">\n\t\t\t\t<div class=\"elementor-element elementor-element-7753c26 e-flex e-con-boxed e-con e-parent\" data-id=\"7753c26\" data-element_type=\"container\">\n\t\t\t\t\t<div class=\"e-con-inner\">\n\t\t\t\t<div class=\"elementor-element elementor-element-c9f5cdd elementor-widget elementor-widget-heading\" data-id=\"c9f5cdd\" data-element_type=\"widget\" data-widget_type=\"heading.default\">\n\t\t\t\t<div class=\"elementor-widget-container\">\n\t\t\t\t\t<h1 class=\"elementor-heading-title elementor-size-default\"> Comida di Buteco \u00e9 destaque no bairro Sagrada Fam\u00edlia<\/h1>\t\t\t\t<\/div>\n\t\t\t\t<\/div>\n\t\t\t\t\t<\/div>\n\t\t\t\t<\/div>\n\t\t<div class=\"elementor-element elementor-element-38ffb50 e-flex e-con-boxed e-con e-parent\" data-id=\"38ffb50\" data-element_type=\"container\">\n\t\t\t\t\t<div class=\"e-con-inner\">\n\t\t<div class=\"elementor-element elementor-element-903348c e-con-full e-flex e-con e-child\" data-id=\"903348c\" data-element_type=\"container\">\n\t\t\t\t<div class=\"elementor-element elementor-element-c052594 elementor-widget elementor-widget-text-editor\" data-id=\"c052594\" data-element_type=\"widget\" data-widget_type=\"text-editor.default\">\n\t\t\t\t<div class=\"elementor-widget-container\">\n\t\t\t\t\t\t\t\t\t<p>Belo Horizonte est\u00e1 recebendo a 26\u00aa edi\u00e7\u00e3o do Comida di Buteco, o maior concurso de cozinha raiz do Brasil. De 10 de abril a 10 de maio, os amantes da boa culin\u00e1ria podem explorar os sabores dos aut\u00eanticos butecos da cidade, que competem com petiscos criativos e deliciosos.<\/p><p>Em 2026, as verduras assumem o centro das aten\u00e7\u00f5es. Mais do que seguir uma tend\u00eancia gastron\u00f4mica, o tema deste ano mergulha em um dos pilares da identidade cultural de Minas Gerais. Presentes nos quintais, hortas e mesas das fam\u00edlias mineiras, as verduras traduzem a ess\u00eancia da cozinha afetiva e refor\u00e7am a conex\u00e3o entre tradi\u00e7\u00e3o e criatividade, marca registrada dos butecos da capital.<\/p><p>O Comida di Buteco nasceu em 2000 com o objetivo de resgatar os butecos aut\u00eanticos, aqueles que t\u00eam alma e todo mundo tem no cora\u00e7\u00e3o. Crie seu pr\u00f3prio roteiro e aproveite o festival. Voc\u00ea, leitor do Jornal Nossa Hist\u00f3ria Arena, temos duas dicas maravilhosas de pratos mais que saborosos para prestigiar: o Bar du Magrelo na rua S\u00e3o Felipe, 21 e o Bar e Restaurante do Branco na rua Pitangui, 3197.<\/p>\t\t\t\t\t\t\t\t<\/div>\n\t\t\t\t<\/div>\n\t\t\t\t<\/div>\n\t\t<div class=\"elementor-element elementor-element-85be805 e-con-full e-flex e-con e-child\" data-id=\"85be805\" data-element_type=\"container\">\n\t\t\t\t<div class=\"elementor-element elementor-element-f06cc4c elementor-widget elementor-widget-image\" data-id=\"f06cc4c\" data-element_type=\"widget\" data-widget_type=\"image.default\">\n\t\t\t\t<div class=\"elementor-widget-container\">\n\t\t\t\t\t\t\t\t\t\t\t\t\t\t\t<img fetchpriority=\"high\" decoding=\"async\" width=\"1200\" height=\"675\" src=\"https:\/\/jornalnossahistoria.com.br\/portal\/wp-content\/uploads\/2026\/04\/Bar-do-Branco-1-1200x675.jpg\" class=\"attachment-large size-large wp-image-7107\" alt=\"\" srcset=\"https:\/\/jornalnossahistoria.com.br\/portal\/wp-content\/uploads\/2026\/04\/Bar-do-Branco-1-1200x675.jpg 1200w, https:\/\/jornalnossahistoria.com.br\/portal\/wp-content\/uploads\/2026\/04\/Bar-do-Branco-1-500x281.jpg 500w, https:\/\/jornalnossahistoria.com.br\/portal\/wp-content\/uploads\/2026\/04\/Bar-do-Branco-1-300x169.jpg 300w, https:\/\/jornalnossahistoria.com.br\/portal\/wp-content\/uploads\/2026\/04\/Bar-do-Branco-1-768x432.jpg 768w, https:\/\/jornalnossahistoria.com.br\/portal\/wp-content\/uploads\/2026\/04\/Bar-do-Branco-1-1536x864.jpg 1536w, https:\/\/jornalnossahistoria.com.br\/portal\/wp-content\/uploads\/2026\/04\/Bar-do-Branco-1-133x75.jpg 133w, https:\/\/jornalnossahistoria.com.br\/portal\/wp-content\/uploads\/2026\/04\/Bar-do-Branco-1-480x270.jpg 480w, https:\/\/jornalnossahistoria.com.br\/portal\/wp-content\/uploads\/2026\/04\/Bar-do-Branco-1-rotated.jpg 1600w\" sizes=\"(max-width:767px) 480px, (max-width:1200px) 100vw, 1200px\" \/>\t\t\t\t\t\t\t\t\t\t\t\t\t\t\t<\/div>\n\t\t\t\t<\/div>\n\t\t\t\t<\/div>\n\t\t\t\t\t<\/div>\n\t\t\t\t<\/div>\n\t\t<div class=\"elementor-element elementor-element-46dbfa2 e-flex e-con-boxed e-con e-parent\" data-id=\"46dbfa2\" data-element_type=\"container\">\n\t\t\t\t\t<div class=\"e-con-inner\">\n\t\t<div class=\"elementor-element elementor-element-9bcd07c e-con-full e-flex e-con e-child\" data-id=\"9bcd07c\" data-element_type=\"container\">\n\t\t\t\t<div class=\"elementor-element elementor-element-60e6562 elementor-widget elementor-widget-image\" data-id=\"60e6562\" data-element_type=\"widget\" data-widget_type=\"image.default\">\n\t\t\t\t<div class=\"elementor-widget-container\">\n\t\t\t\t\t\t\t\t\t\t\t\t\t\t\t<img decoding=\"async\" width=\"168\" height=\"299\" src=\"https:\/\/jornalnossahistoria.com.br\/portal\/wp-content\/uploads\/2026\/04\/Bar-du-Magrelo-.jpg\" class=\"attachment-large size-large wp-image-7109\" alt=\"\" srcset=\"https:\/\/jornalnossahistoria.com.br\/portal\/wp-content\/uploads\/2026\/04\/Bar-du-Magrelo-.jpg 168w, https:\/\/jornalnossahistoria.com.br\/portal\/wp-content\/uploads\/2026\/04\/Bar-du-Magrelo--42x75.jpg 42w\" sizes=\"(max-width:767px) 168px, 168px\" \/>\t\t\t\t\t\t\t\t\t\t\t\t\t\t\t<\/div>\n\t\t\t\t<\/div>\n\t\t\t\t<\/div>\n\t\t<div class=\"elementor-element elementor-element-15b6ae6 e-con-full e-flex e-con e-child\" data-id=\"15b6ae6\" data-element_type=\"container\">\n\t\t\t\t<div class=\"elementor-element elementor-element-5cddd81 elementor-widget elementor-widget-image\" data-id=\"5cddd81\" data-element_type=\"widget\" data-widget_type=\"image.default\">\n\t\t\t\t<div class=\"elementor-widget-container\">\n\t\t\t\t\t\t\t\t\t\t\t\t\t\t\t<img decoding=\"async\" width=\"720\" height=\"540\" src=\"https:\/\/jornalnossahistoria.com.br\/portal\/wp-content\/uploads\/2026\/04\/Prato-do-Bar-du-Magrelo-1.png\" class=\"attachment-large size-large wp-image-7110\" alt=\"\" srcset=\"https:\/\/jornalnossahistoria.com.br\/portal\/wp-content\/uploads\/2026\/04\/Prato-do-Bar-du-Magrelo-1.png 720w, https:\/\/jornalnossahistoria.com.br\/portal\/wp-content\/uploads\/2026\/04\/Prato-do-Bar-du-Magrelo-1-500x375.png 500w, https:\/\/jornalnossahistoria.com.br\/portal\/wp-content\/uploads\/2026\/04\/Prato-do-Bar-du-Magrelo-1-300x225.png 300w, https:\/\/jornalnossahistoria.com.br\/portal\/wp-content\/uploads\/2026\/04\/Prato-do-Bar-du-Magrelo-1-100x75.png 100w, https:\/\/jornalnossahistoria.com.br\/portal\/wp-content\/uploads\/2026\/04\/Prato-do-Bar-du-Magrelo-1-480x360.png 480w\" sizes=\"(max-width:767px) 480px, 720px\" \/>\t\t\t\t\t\t\t\t\t\t\t\t\t\t\t<\/div>\n\t\t\t\t<\/div>\n\t\t\t\t<\/div>\n\t\t<div class=\"elementor-element elementor-element-c065963 e-con-full e-flex e-con e-child\" data-id=\"c065963\" data-element_type=\"container\">\n\t\t\t\t<div class=\"elementor-element elementor-element-f6a7114 elementor-widget elementor-widget-image\" data-id=\"f6a7114\" data-element_type=\"widget\" data-widget_type=\"image.default\">\n\t\t\t\t<div class=\"elementor-widget-container\">\n\t\t\t\t\t\t\t\t\t\t\t\t\t\t\t<img loading=\"lazy\" decoding=\"async\" width=\"697\" height=\"575\" src=\"https:\/\/jornalnossahistoria.com.br\/portal\/wp-content\/uploads\/2026\/04\/Prato-do-Bar-e-Restaurante-do-Branco-1-1.png\" class=\"attachment-large size-large wp-image-7112\" alt=\"\" srcset=\"https:\/\/jornalnossahistoria.com.br\/portal\/wp-content\/uploads\/2026\/04\/Prato-do-Bar-e-Restaurante-do-Branco-1-1.png 697w, https:\/\/jornalnossahistoria.com.br\/portal\/wp-content\/uploads\/2026\/04\/Prato-do-Bar-e-Restaurante-do-Branco-1-1-500x412.png 500w, https:\/\/jornalnossahistoria.com.br\/portal\/wp-content\/uploads\/2026\/04\/Prato-do-Bar-e-Restaurante-do-Branco-1-1-300x247.png 300w, https:\/\/jornalnossahistoria.com.br\/portal\/wp-content\/uploads\/2026\/04\/Prato-do-Bar-e-Restaurante-do-Branco-1-1-91x75.png 91w, https:\/\/jornalnossahistoria.com.br\/portal\/wp-content\/uploads\/2026\/04\/Prato-do-Bar-e-Restaurante-do-Branco-1-1-480x396.png 480w\" sizes=\"(max-width:767px) 480px, 697px\" \/>\t\t\t\t\t\t\t\t\t\t\t\t\t\t\t<\/div>\n\t\t\t\t<\/div>\n\t\t\t\t<\/div>\n\t\t\t\t\t<\/div>\n\t\t\t\t<\/div>\n\t\t\t\t<\/div>\n\t\t","protected":false},"excerpt":{"rendered":"<p>Comida di Buteco \u00e9 destaque no bairro Sagrada Fam\u00edlia Belo Horizonte est\u00e1 recebendo a 26\u00aa edi\u00e7\u00e3o do Comida di Buteco, o maior concurso de cozinha raiz<span class=\"excerpt-hellip\"> [\u2026]<\/span><\/p>\n","protected":false},"author":1,"featured_media":7107,"comment_status":"closed","ping_status":"open","sticky":false,"template":"","format":"standard","meta":{"_monsterinsights_skip_tracking":false,"_monsterinsights_sitenote_active":false,"_monsterinsights_sitenote_note":"","_monsterinsights_sitenote_category":0,"footnotes":"","jetpack_publicize_message":"","jetpack_publicize_feature_enabled":true,"jetpack_social_post_already_shared":true,"jetpack_social_options":{"image_generator_settings":{"template":"highway","default_image_id":0,"font":"","enabled":false},"version":2}},"categories":[5],"tags":[],"class_list":["post-7106","post","type-post","status-publish","format-standard","has-post-thumbnail","hentry","category-news"],"aioseo_notices":[],"jetpack_publicize_connections":[],"_links":{"self":[{"href":"https:\/\/jornalnossahistoria.com.br\/portal\/index.php\/wp-json\/wp\/v2\/posts\/7106","targetHints":{"allow":["GET"]}}],"collection":[{"href":"https:\/\/jornalnossahistoria.com.br\/portal\/index.php\/wp-json\/wp\/v2\/posts"}],"about":[{"href":"https:\/\/jornalnossahistoria.com.br\/portal\/index.php\/wp-json\/wp\/v2\/types\/post"}],"author":[{"embeddable":true,"href":"https:\/\/jornalnossahistoria.com.br\/portal\/index.php\/wp-json\/wp\/v2\/users\/1"}],"replies":[{"embeddable":true,"href":"https:\/\/jornalnossahistoria.com.br\/portal\/index.php\/wp-json\/wp\/v2\/comments?post=7106"}],"version-history":[{"count":4,"href":"https:\/\/jornalnossahistoria.com.br\/portal\/index.php\/wp-json\/wp\/v2\/posts\/7106\/revisions"}],"predecessor-version":[{"id":7115,"href":"https:\/\/jornalnossahistoria.com.br\/portal\/index.php\/wp-json\/wp\/v2\/posts\/7106\/revisions\/7115"}],"wp:featuredmedia":[{"embeddable":true,"href":"https:\/\/jornalnossahistoria.com.br\/portal\/index.php\/wp-json\/wp\/v2\/media\/7107"}],"wp:attachment":[{"href":"https:\/\/jornalnossahistoria.com.br\/portal\/index.php\/wp-json\/wp\/v2\/media?parent=7106"}],"wp:term":[{"taxonomy":"category","embeddable":true,"href":"https:\/\/jornalnossahistoria.com.br\/portal\/index.php\/wp-json\/wp\/v2\/categories?post=7106"},{"taxonomy":"post_tag","embeddable":true,"href":"https:\/\/jornalnossahistoria.com.br\/portal\/index.php\/wp-json\/wp\/v2\/tags?post=7106"}],"curies":[{"name":"wp","href":"https:\/\/api.w.org\/{rel}","templated":true}]}}