{"id":7097,"date":"2026-04-30T11:51:26","date_gmt":"2026-04-30T14:51:26","guid":{"rendered":"https:\/\/jornalnossahistoria.com.br\/portal\/index.php\/2026\/04\/30\/diamantina-se-projeta-nacionalmente-no-turismo\/"},"modified":"2026-04-30T11:51:26","modified_gmt":"2026-04-30T14:51:26","slug":"diamantina-se-projeta-nacionalmente-no-turismo","status":"publish","type":"post","link":"https:\/\/jornalnossahistoria.com.br\/portal\/index.php\/2026\/04\/30\/diamantina-se-projeta-nacionalmente-no-turismo\/","title":{"rendered":"Diamantina se projeta nacionalmente no turismo"},"content":{"rendered":"<p><em><span>Foto: Reprodu\u00e7\u00e3o\/Governo de Minas<\/span><\/em><\/p>\n<p><strong><span>COLUNA MG<\/span><\/strong><br \/><span>Principais destaques dos jornais e portais integrantes da Rede Sindijori MG<\/span><br \/><span><a href=\"https:\/\/www.sindijorimg.com.br\/\">www.sindijorimg.com.br<\/a><\/span><\/p>\n<p><span><\/span><\/p>\n<p><strong><span>Diamantina se projeta nacionalmente no turismo<\/span><\/strong><br \/><span>Reconhecida mundialmente por seu patrim\u00f4nio hist\u00f3rico, arquitet\u00f4nico e cultural, a cidade de Diamantina amplia agora sua presen\u00e7a no mapa do turismo brasileiro ao despontar como um dos mais promissores destinos gastron\u00f4micos de Minas Gerais. Entre os dias 22 e 26 de abril, a cidade hist\u00f3rica sediou uma press trip estrat\u00e9gica que reuniu jornalistas de importantes ve\u00edculos nacionais em uma imers\u00e3o sensorial e cultural voltada \u00e0 valoriza\u00e7\u00e3o da cozinha regional e da identidade alimentar do Vale do Jequitinhonha. (Minas Conex\u00e3o)<\/span><br \/><span><a href=\"https:\/\/minasconexao.com.br\/diamantina-se-projeta-nacionalmente-como-destino-de-turismo-gastronomico-promovendo-tradicao-e-mineiridade\/\">https:\/\/minasconexao.com.br\/diamantina-se-projeta-nacionalmente-como-destino-de-turismo-gastronomico-promovendo-tradicao-e-mineiridade\/<\/a><\/span><\/p>\n<p><strong><span><\/span><\/strong><\/p>\n<p><strong><span>Operadoras e bancos lideram reclama\u00e7\u00f5es<\/span><\/strong><br \/><span>Os setores de telefonia e servi\u00e7os banc\u00e1rios continuam concentrando a maior parte das reclama\u00e7\u00f5es registradas no Procon de Uberaba. De acordo com o levantamento mais recente divulgado pelo \u00f3rg\u00e3o, as demandas envolvem principalmente problemas relacionados \u00e0 presta\u00e7\u00e3o de servi\u00e7os, atendimento ao consumidor e cobran\u00e7as consideradas indevidas. O presidente do Procon, Anderson Romero, conta que a lideran\u00e7a desses segmentos est\u00e1 diretamente ligada ao volume de servi\u00e7os oferecidos e \u00e0 frequ\u00eancia de uso pela popula\u00e7\u00e3o. (Jornal da Manh\u00e3)<\/span><br \/><span><a href=\"https:\/\/www.jmonline.com.br\/cidade\/operadoras-e-bancos-lideram-reclamac-es-de-consumidores-em-uberaba-1.619604\">https:\/\/www.jmonline.com.br\/cidade\/operadoras-e-bancos-lideram-reclamac-es-de-consumidores-em-uberaba-1.619604<\/a><\/span><\/p>\n<p><strong><span><\/span><\/strong><\/p>\n<p><strong><span>Feira de Malhas celebra 30 anos<\/span><\/strong><br \/><span>A Feira de Malhas de Tric\u00f4 do Sul de Minas deu o pontap\u00e9 inicial nesta ter\u00e7a-feira (28), no Minascentro, com evento de lan\u00e7amento de mais uma edi\u00e7\u00e3o, para convidados e imprensa, revelando as tend\u00eancias outono-inverno 2026. Este ano, a feira completa 30 anos se consolidando como uma das principais no calend\u00e1rio de moda nacional. A 68\u00aa Feira de Malhas \u00a0ser\u00e1 realizada de 08 a 17 de maio, no Minascentro, em comemora\u00e7\u00e3o aos seus 30 anos e ao Dia das M\u00e3es. O evento mostra toda a criatividade dos produtores de Jacutinga e Monte Si\u00e3o, cidades mineiras conhecidas como \u201cCapital Nacional das Malhas\u201d (Jacutinga) e polo de porcelanas\/tric\u00f4 (Monte Si\u00e3o). (Cidade Conecta)<\/span><br \/><span><a href=\"https:\/\/www.cidadeconecta.com\/noticias\/moda\/feira-de-malhas-celebra-30-anos-e-anuncia-colecao-outono-inverno\/\">https:\/\/www.cidadeconecta.com\/noticias\/moda\/feira-de-malhas-celebra-30-anos-e-anuncia-colecao-outono-inverno\/<\/a><\/span><\/p>\n<p><span><\/span><\/p>\n<p><strong><span>Te\u00f3filo Otoni mant\u00e9m tarifas<\/span><\/strong><br \/><span>A tarifa do transporte coletivo em Te\u00f3filo Otoni continuar\u00e1 em R$ 3,90, ap\u00f3s decis\u00e3o do prefeito F\u00e1bio Marinho dos Santos, que recusou o pedido de reajuste apresentado pela concession\u00e1ria respons\u00e1vel pelo servi\u00e7o. A solicita\u00e7\u00e3o foi encaminhada pela Via\u00e7\u00e3o Vale do Mucury Ltda., que formalizou o pedido no dia 1\u00ba de abril de 2026. (Di\u00e1rio Tribuna)<\/span><br \/><span><a href=\"https:\/\/diariotribuna.com.br\/?p=33411\">https:\/\/diariotribuna.com.br\/?p=33411<\/a><\/span><\/p>\n<p><strong><span><\/span><\/strong><\/p>\n<p><strong><span>Patrim\u00f4nio de Mariana recebe investimentos<\/span><\/strong><br \/><span>O munic\u00edpio de Mariana aprovou novos investimentos voltados \u00e0 preserva\u00e7\u00e3o do patrim\u00f4nio hist\u00f3rico e cultural. As medidas foram definidas durante reuni\u00e3o do Conselho Municipal de Patrim\u00f4nio Cultural e somam mais de R$ 2,4 milh\u00f5es em recursos. O an\u00fancio foi feito nesta ter\u00e7a-feira (28) por meio das redes sociais. Entre as interven\u00e7\u00f5es est\u00e1 a destina\u00e7\u00e3o de R$ 161.291,11 para a conclus\u00e3o das obras e dos elementos art\u00edsticos da Capela Nossa Senhora da Gl\u00f3ria, no subdistrito de Barro Branco. (O Liberal)<\/span><br \/><span><a href=\"https:\/\/oliberalinconfidentes.com.br\/mariana\/distritos-e-centro-historico-de-mariana-recebem-acoes-de-preservacao-investimento-supera-r-2-milhoes\/\">https:\/\/oliberalinconfidentes.com.br\/mariana\/distritos-e-centro-historico-de-mariana-recebem-acoes-de-preservacao-investimento-supera-r-2-milhoes\/<\/a><\/span><\/p>\n<p><span><\/span><\/p>\n<p><strong><span>Patos refor\u00e7a polo de biotecnologia<\/span><\/strong><br \/><span>Refer\u00eancia global em biotecnologia, Patos de Minas \u00e9 um dos munic\u00edpios mineiros a aplicar a metodologia do programa de Atra\u00e7\u00e3o de Investimentos, do Sebrae. Realizada desde o segundo semestre de 2025, a iniciativa est\u00e1 qualificando a equipe interna da Prefeitura para fortalecer o ambiente local de neg\u00f3cios e tornar a cidade ainda mais atrativa para empresas e investidores. Na \u00faltima semana, um workshop reuniu agentes p\u00fablicos, empreendedores e lideran\u00e7as locais para debater a proposta de valor segmentada no setor de biotecnologia, em especial, na produ\u00e7\u00e3o de sementes e de agentes de controle biol\u00f3gico. (Patos Not\u00edcias)<\/span><br \/><span><a href=\"https:\/\/patosnoticias.com.br\/patos-de-minas-reforca-posicao-como-polo-de-biotecnologia\/\">https:\/\/patosnoticias.com.br\/patos-de-minas-reforca-posicao-como-polo-de-biotecnologia\/<\/a><\/span><\/p>\n<p><span><\/span><\/p>\n<p><strong><span>Inhotim celebra 20 anos com exposi\u00e7\u00f5es<\/span><\/strong><br \/><span>O Instituto Inhotim abriu as comemora\u00e7\u00f5es de seus 20 anos no \u00faltimo s\u00e1bado (25) com a inaugura\u00e7\u00e3o de tr\u00eas novas obras que reafirmam sua voca\u00e7\u00e3o de unir arte, natureza e reflex\u00e3o: Contraplano, de Lais Myrrha, Dupla Cura, de Dalton Paula, e Tororama, de Davi de Jesus do Nascimento. Considerado o maior museu a c\u00e9u aberto da Am\u00e9rica Latina, o Inhotim amplia seu acervo com obras que dialogam com paisagem, ancestralidade e mem\u00f3ria, em uma programa\u00e7\u00e3o especial que marca duas d\u00e9cadas da institui\u00e7\u00e3o em Brumadinho. (Balc\u00e3o News)<\/span><br \/><span><a href=\"https:\/\/balcaonews.com.br\/2026\/04\/27\/inhotim-celebra-20-anos-com-novas-exposicoes\/\">https:\/\/balcaonews.com.br\/2026\/04\/27\/inhotim-celebra-20-anos-com-novas-exposicoes\/<\/a><\/span><\/p>\n<p><span><\/span><\/p>","protected":false},"excerpt":{"rendered":"<p>Foto: Reprodu\u00e7\u00e3o\/Governo de Minas COLUNA MGPrincipais destaques dos jornais e portais integrantes da Rede Sindijori MGwww.sindijorimg.com.br Diamantina se projeta nacionalmente no turismoReconhecida mundialmente por seu patrim\u00f4nio<span class=\"excerpt-hellip\"> [\u2026]<\/span><\/p>\n","protected":false},"author":1,"featured_media":7098,"comment_status":"","ping_status":"open","sticky":false,"template":"","format":"standard","meta":{"_monsterinsights_skip_tracking":false,"_monsterinsights_sitenote_active":false,"_monsterinsights_sitenote_note":"","_monsterinsights_sitenote_category":0,"footnotes":"","jetpack_publicize_message":"","jetpack_publicize_feature_enabled":true,"jetpack_social_post_already_shared":true,"jetpack_social_options":{"image_generator_settings":{"template":"highway","default_image_id":0,"font":"","enabled":false},"version":2}},"categories":[50],"tags":[],"class_list":["post-7097","post","type-post","status-publish","format-standard","has-post-thumbnail","hentry","category-coluna_mg"],"aioseo_notices":[],"jetpack_publicize_connections":[],"_links":{"self":[{"href":"https:\/\/jornalnossahistoria.com.br\/portal\/index.php\/wp-json\/wp\/v2\/posts\/7097","targetHints":{"allow":["GET"]}}],"collection":[{"href":"https:\/\/jornalnossahistoria.com.br\/portal\/index.php\/wp-json\/wp\/v2\/posts"}],"about":[{"href":"https:\/\/jornalnossahistoria.com.br\/portal\/index.php\/wp-json\/wp\/v2\/types\/post"}],"author":[{"embeddable":true,"href":"https:\/\/jornalnossahistoria.com.br\/portal\/index.php\/wp-json\/wp\/v2\/users\/1"}],"replies":[{"embeddable":true,"href":"https:\/\/jornalnossahistoria.com.br\/portal\/index.php\/wp-json\/wp\/v2\/comments?post=7097"}],"version-history":[{"count":0,"href":"https:\/\/jornalnossahistoria.com.br\/portal\/index.php\/wp-json\/wp\/v2\/posts\/7097\/revisions"}],"wp:featuredmedia":[{"embeddable":true,"href":"https:\/\/jornalnossahistoria.com.br\/portal\/index.php\/wp-json\/wp\/v2\/media\/7098"}],"wp:attachment":[{"href":"https:\/\/jornalnossahistoria.com.br\/portal\/index.php\/wp-json\/wp\/v2\/media?parent=7097"}],"wp:term":[{"taxonomy":"category","embeddable":true,"href":"https:\/\/jornalnossahistoria.com.br\/portal\/index.php\/wp-json\/wp\/v2\/categories?post=7097"},{"taxonomy":"post_tag","embeddable":true,"href":"https:\/\/jornalnossahistoria.com.br\/portal\/index.php\/wp-json\/wp\/v2\/tags?post=7097"}],"curies":[{"name":"wp","href":"https:\/\/api.w.org\/{rel}","templated":true}]}}