{"id":7079,"date":"2026-04-29T12:19:00","date_gmt":"2026-04-29T15:19:00","guid":{"rendered":"https:\/\/jornalnossahistoria.com.br\/portal\/index.php\/2026\/04\/29\/producao-industrial-cresce-em-minas\/"},"modified":"2026-04-29T12:19:00","modified_gmt":"2026-04-29T15:19:00","slug":"producao-industrial-cresce-em-minas","status":"publish","type":"post","link":"https:\/\/jornalnossahistoria.com.br\/portal\/index.php\/2026\/04\/29\/producao-industrial-cresce-em-minas\/","title":{"rendered":"Produ\u00e7\u00e3o industrial cresce em Minas"},"content":{"rendered":"<p><em><span>Foto: CNI\/Miguel \u00c2ngelo\/DC<\/span><\/em><\/p>\n<p><strong><span>COLUNA MG<\/span><\/strong><br \/><span>Principais destaques dos jornais e portais integrantes da Rede Sindijori MG<\/span><br \/><span><a href=\"https:\/\/www.sindijorimg.com.br\/\">www.sindijorimg.com.br<\/a><\/span><\/p>\n<p><span><\/span><\/p>\n<p><strong><span>Produ\u00e7\u00e3o industrial cresce em Minas<\/span><\/strong><br \/><span>O ano de 2026 n\u00e3o est\u00e1 sendo f\u00e1cil para o industrial mineiro. Com cen\u00e1rio internacional inst\u00e1vel e economia incerta, o empres\u00e1rio do Estado segue com pouca seguran\u00e7a para investir, apesar de a atividade industrial ter registrado uma recupera\u00e7\u00e3o em mar\u00e7o de 2026. De acordo com a Sondagem Industrial da Federa\u00e7\u00e3o das Ind\u00fastrias de Minas Gerais (Fiemg), o \u00edndice de evolu\u00e7\u00e3o da produ\u00e7\u00e3o industrial atingiu 54,6 pontos, acima da linha de 50 pontos, que indica crescimento, refletindo principalmente a normaliza\u00e7\u00e3o da atividade ap\u00f3s um per\u00edodo marcado por menor demanda, f\u00e9rias coletivas e Carnaval. (Di\u00e1rio do Com\u00e9rcio)<\/span><br \/><span><a href=\"https:\/\/diariodocomercio.com.br\/economia\/producao-industrial-cresce-em-marco-mas-confianca-segue-baixa-em-minas-gerais\/\">https:\/\/diariodocomercio.com.br\/economia\/producao-industrial-cresce-em-marco-mas-confianca-segue-baixa-em-minas-gerais\/<\/a><\/span><\/p>\n<p><span><\/span><\/p>\n<p><strong><span>Tr\u00eas Marias atinge capacidade m\u00e1xima<\/span><\/strong><br \/><span>A Represa de Tr\u00eas Marias, um dos maiores reservat\u00f3rios do pa\u00eds, voltou a ser destaque nacional ao atingir e superar 100% de sua capacidade \u00fatil em abril de 2026. Localizada no leito do Rio S\u00e3o Francisco, a represa reafirma sua import\u00e2ncia estrat\u00e9gica para o Brasil \u2014 e, ao mesmo tempo, impulsiona o turismo e o desenvolvimento regional. Administrada pela Cemig, a barragem opera com seguran\u00e7a mesmo com o alto volume de \u00e1gua, sem necessidade de abertura de comportas. No dia 16 de abril, o reservat\u00f3rio alcan\u00e7ou 102,34% da capacidade \u00fatil. (Portal R\u00e1diTV 87)\u00a0<\/span><br \/><span><a href=\"https:\/\/radiotv87.com.br\/noticia\/6\">https:\/\/radiotv87.com.br\/noticia\/6<\/a><\/span><\/p>\n<p><strong><span><\/span><\/strong><\/p>\n<p><strong><span>Australiana adquire projeto de terras raras<\/span><\/strong><br \/><span>A Power Minerals, empresa listada na bolsa da Austr\u00e1lia, concluiu a aquisi\u00e7\u00e3o da Minera\u00e7\u00e3o Terras Raras S.A. (MTR), que det\u00e9m o dep\u00f3sito de terras raras Morro do Ferro, localizado no Complexo de Po\u00e7os de Caldas. O valor total da aquisi\u00e7\u00e3o \u00e9 de 22,5 milh\u00f5es de d\u00f3lares australianos (aproximadamente US$ 16 milh\u00f5es). O pagamento ser\u00e1 feito em duas modalidades: 12 milh\u00f5es de d\u00f3lares australianos em dinheiro, a serem saldados em cinco anos, e 10,5 milh\u00f5es de d\u00f3lares australianos em a\u00e7\u00f5es da Power Minerals, que n\u00e3o poder\u00e3o ser negociadas pelo prazo de 12 meses. Al\u00e9m disso, a empresa pagar\u00e1 um royalty de 2,5% sobre o valor da produ\u00e7\u00e3o caso a mina entre em opera\u00e7\u00e3o. (Po\u00e7os J\u00e1)<\/span><br \/><span><a href=\"https:\/\/pocosja.com.br\/noticia\/economia\/2026\/04\/28\/mais-uma-empresa-australiana-adquire-projeto-de-terras-raras-em-pocos-de-caldas-investimento-de-us-16-milhoes\/\">https:\/\/pocosja.com.br\/noticia\/economia\/2026\/04\/28\/mais-uma-empresa-australiana-adquire-projeto-de-terras-raras-em-pocos-de-caldas-investimento-de-us-16-milhoes\/<\/a><\/span><\/p>\n<p><span><\/span><\/p>\n<p><strong><span>Tim\u00f3teo regulariza escrituras<\/span><\/strong><br \/><span>Tim\u00f3teo deu in\u00edcio, nesta ter\u00e7a-feira (28), \u00e0s comemora\u00e7\u00f5es pelos seus 62 anos com uma programa\u00e7\u00e3o especial na Pra\u00e7a 29 de Abril, marcada por momentos de forte significado social e apresenta\u00e7\u00f5es culturais que emocionaram o p\u00fablico. A abertura contou com a presen\u00e7a do prefeito Capit\u00e3o Vitor Vicente do Prado e do vice-prefeito Marcelo Martins, e teve como principal destaque a entrega de escrituras a fam\u00edlias do munic\u00edpio. A a\u00e7\u00e3o, realizada por meio do programa \u201cA Casa \u00e9 Sua \u2013 Minas Reurb\u201d, com cerca de 300 escrituras previstas, o programa contempla fam\u00edlias de bairros como Bela Vista, Nova Esperan\u00e7a e Novo Tempo, promovendo cidadania e valoriza\u00e7\u00e3o dos im\u00f3veis. (BairrosNet)<\/span><br \/><span><a href=\"https:\/\/www.jornalbairrosnet.com.br\/2026\/destaques\/62-anos-timoteo-inicia-comemoracoes-com-escrituras-para-familias-shows-e-volta-da-banda-tcharas\/\">https:\/\/www.jornalbairrosnet.com.br\/2026\/destaques\/62-anos-timoteo-inicia-comemoracoes-com-escrituras-para-familias-shows-e-volta-da-banda-tcharas\/<\/a><\/span><\/p>\n<p><span><\/span><\/p>\n<p><strong><span>Arax\u00e1 recebe vestido de Dona Beja<\/span><\/strong><br \/><span>O Museu Hist\u00f3rico de Arax\u00e1 &#8211; Dona Beja passou a contar com uma nova pe\u00e7a em seu acervo: o vestido usado pela atriz Grazi Massafera na novela Dona Beja (2026), da HBO. O figurino foi usado por Grazi no primeiro cap\u00edtulo da novela, em uma cena que retrata o noivado entre Dona Beja e Ant\u00f4nio Sampaio. A pe\u00e7a chegou a Arax\u00e1 por interm\u00e9dio do autor da produ\u00e7\u00e3o, Daniel Berlinsky, com apoio dos figurinistas Beth Filipecki e Renaldo Machado, respons\u00e1veis pela cria\u00e7\u00e3o do traje e pela parceria que viabilizou a doa\u00e7\u00e3o. (Jornal Intera\u00e7\u00e3o)<\/span><br \/><span><a href=\"https:\/\/www.jornalinteracao.com.br\/araxa-recebe-vestido-de-dona-beja-usado-por-grazi-massafera-em-novela-da-hbo\">https:\/\/www.jornalinteracao.com.br\/araxa-recebe-vestido-de-dona-beja-usado-por-grazi-massafera-em-novela-da-hbo<\/a><\/span><\/p>\n<p><span><\/span><\/p>\n<p><strong><span>Arcos supera meta de alfabetiza\u00e7\u00e3o<\/span><\/strong><br \/><span>Ap\u00f3s receber o Selo Ouro do Compromisso Nacional Crian\u00e7a Alfabetizada, Arcos alcan\u00e7ou mais um importante marco na \u00e1rea da educa\u00e7\u00e3o ao superar a meta estabelecida para o \u00cdndice de Crian\u00e7a Alfabetizada (ICA) em 2025. Com a meta fixada em 79,17%, a rede municipal ultrapassou o objetivo estipulado, alcan\u00e7ando 88,92%. O resultado tamb\u00e9m supera a m\u00e9dia nacional, que \u00e9 de 64%, e representa o percentual de crian\u00e7as que conseguem ler e escrever adequadamente ao final do 2\u00ba ano \u2014 uma das etapas mais importantes da forma\u00e7\u00e3o escolar. (Correio Centro Oeste)<\/span><br \/><span><a href=\"https:\/\/www.jornalcco.com.br\/arcos-supera-meta-de-alfabetizacao-e-ultrapassa-media-nacional\">https:\/\/www.jornalcco.com.br\/arcos-supera-meta-de-alfabetizacao-e-ultrapassa-media-nacional<\/a><\/span><\/p>\n<p><span><\/span><\/p>","protected":false},"excerpt":{"rendered":"<p>Foto: CNI\/Miguel \u00c2ngelo\/DC COLUNA MGPrincipais destaques dos jornais e portais integrantes da Rede Sindijori MGwww.sindijorimg.com.br Produ\u00e7\u00e3o industrial cresce em MinasO ano de 2026 n\u00e3o est\u00e1 sendo<span class=\"excerpt-hellip\"> [\u2026]<\/span><\/p>\n","protected":false},"author":1,"featured_media":7080,"comment_status":"","ping_status":"open","sticky":false,"template":"","format":"standard","meta":{"_monsterinsights_skip_tracking":false,"_monsterinsights_sitenote_active":false,"_monsterinsights_sitenote_note":"","_monsterinsights_sitenote_category":0,"footnotes":"","jetpack_publicize_message":"","jetpack_publicize_feature_enabled":true,"jetpack_social_post_already_shared":true,"jetpack_social_options":{"image_generator_settings":{"template":"highway","default_image_id":0,"font":"","enabled":false},"version":2}},"categories":[50],"tags":[],"class_list":["post-7079","post","type-post","status-publish","format-standard","has-post-thumbnail","hentry","category-coluna_mg"],"aioseo_notices":[],"jetpack_publicize_connections":[],"_links":{"self":[{"href":"https:\/\/jornalnossahistoria.com.br\/portal\/index.php\/wp-json\/wp\/v2\/posts\/7079","targetHints":{"allow":["GET"]}}],"collection":[{"href":"https:\/\/jornalnossahistoria.com.br\/portal\/index.php\/wp-json\/wp\/v2\/posts"}],"about":[{"href":"https:\/\/jornalnossahistoria.com.br\/portal\/index.php\/wp-json\/wp\/v2\/types\/post"}],"author":[{"embeddable":true,"href":"https:\/\/jornalnossahistoria.com.br\/portal\/index.php\/wp-json\/wp\/v2\/users\/1"}],"replies":[{"embeddable":true,"href":"https:\/\/jornalnossahistoria.com.br\/portal\/index.php\/wp-json\/wp\/v2\/comments?post=7079"}],"version-history":[{"count":0,"href":"https:\/\/jornalnossahistoria.com.br\/portal\/index.php\/wp-json\/wp\/v2\/posts\/7079\/revisions"}],"wp:featuredmedia":[{"embeddable":true,"href":"https:\/\/jornalnossahistoria.com.br\/portal\/index.php\/wp-json\/wp\/v2\/media\/7080"}],"wp:attachment":[{"href":"https:\/\/jornalnossahistoria.com.br\/portal\/index.php\/wp-json\/wp\/v2\/media?parent=7079"}],"wp:term":[{"taxonomy":"category","embeddable":true,"href":"https:\/\/jornalnossahistoria.com.br\/portal\/index.php\/wp-json\/wp\/v2\/categories?post=7079"},{"taxonomy":"post_tag","embeddable":true,"href":"https:\/\/jornalnossahistoria.com.br\/portal\/index.php\/wp-json\/wp\/v2\/tags?post=7079"}],"curies":[{"name":"wp","href":"https:\/\/api.w.org\/{rel}","templated":true}]}}