{"id":7077,"date":"2026-04-29T07:48:01","date_gmt":"2026-04-29T10:48:01","guid":{"rendered":"https:\/\/jornalnossahistoria.com.br\/portal\/index.php\/2026\/04\/29\/oab-mg-garante-na-justica-direito-de-advogada-a-honorarios-mesmo-apos-exoneracao\/"},"modified":"2026-04-29T07:48:01","modified_gmt":"2026-04-29T10:48:01","slug":"oab-mg-garante-na-justica-direito-de-advogada-a-honorarios-mesmo-apos-exoneracao","status":"publish","type":"post","link":"https:\/\/jornalnossahistoria.com.br\/portal\/index.php\/2026\/04\/29\/oab-mg-garante-na-justica-direito-de-advogada-a-honorarios-mesmo-apos-exoneracao\/","title":{"rendered":"OAB-MG garante, na Justi\u00e7a, direito de advogada a honor\u00e1rios mesmo ap\u00f3s exonera\u00e7\u00e3o"},"content":{"rendered":"<p>A <strong>OAB-MG,<\/strong> por meio de sua <strong>Procuradoria de Defesa dos Honor\u00e1rios<\/strong>, atuou nos autos do Mandado de Seguran\u00e7a, em tr\u00e2mite 2\u00aa Vara Federal C\u00edvel da Subse\u00e7\u00e3o Judici\u00e1ria de Belo Horizonte, contra decis\u00e3o do <strong>Conselho Regional de Odontologia de Minas Gerais (CRO-MG)<\/strong>, que violava o pagamento dos honor\u00e1rios advocat\u00edcios aos advogados exonerados. O Ju\u00edzo deferiu parcialmente medida cautelar e suspendeu o ato administrativo.<\/p>\n<p>A norma <strong>interna do CRO-MG<\/strong> condicionava o pagamento dos honor\u00e1rios de sucumb\u00eancia \u00e0 manuten\u00e7\u00e3o do v\u00ednculo funcional do advogado. Tal previs\u00e3o viola diretamente o direito adquirido do profissional que efetivamente atuou na causa, desrespeitando a natureza alimentar e a titularidade aut\u00f4noma da verba honor\u00e1ria, consolidada no ordenamento jur\u00eddico.<\/p>\n<p>Em sua manifesta\u00e7\u00e3o, a OAB-MG argumentou que qualquer limita\u00e7\u00e3o fundada em crit\u00e9rios meramente temporais ou administrativos, que n\u00e3o guardem rela\u00e7\u00e3o com a efetiva atua\u00e7\u00e3o no processo, configuram viola\u00e7\u00e3o \u00e0s prerrogativas da advocacia. &#8220;<em>Trata-se, assim, de ato administrativo ilegal que, sob o pretexto de regulamenta\u00e7\u00e3o interna, <strong>viola direito j\u00e1 incorporado ao patrim\u00f4nio jur\u00eddico da Impetrante<\/strong>, al\u00e9m de aplicar retroativamente nova regra, em afronta aos princ\u00edpios da seguran\u00e7a jur\u00eddica e da prote\u00e7\u00e3o da confian\u00e7a leg\u00edtima&#8221;<\/em>, pontuou.<\/p>\n<p>Ao apreciar o recurso, o Juiz deferiu liminarmente a medida cautelar e <strong>suspendeu os efeitos do ato<\/strong> administrativo que exclu\u00eda a advogada do rateio dos honor\u00e1rios sucumbenciais, al\u00e9m de determinar a inclus\u00e3o provis\u00f3ria da impetrante no procedimento administrativo de rateio dos honor\u00e1rios sucumbenciais.<\/p>\n<p>A <strong>Procuradoria de Honor\u00e1rios<\/strong> continuar\u00e1 assistindo \u00e0 advogada com vistas a garantir o justo recebimento dos honor\u00e1rios pelo trabalho por ela prestado. A decis\u00e3o representa relevante precedente em favor da advocacia p\u00fablica ao reafirmar a natureza jur\u00eddica dos honor\u00e1rios sucumbenciais, fortalecendo a autonomia profissional dos advogados p\u00fablicos.<\/p>","protected":false},"excerpt":{"rendered":"<p>OAB-MG garante, na Justi\u00e7a, direito de advogada a honor\u00e1rios mesmo ap\u00f3s exonera\u00e7\u00e3o<\/p>\n","protected":false},"author":1,"featured_media":7078,"comment_status":"","ping_status":"open","sticky":false,"template":"","format":"standard","meta":{"_monsterinsights_skip_tracking":false,"_monsterinsights_sitenote_active":false,"_monsterinsights_sitenote_note":"","_monsterinsights_sitenote_category":0,"footnotes":"","jetpack_publicize_message":"","jetpack_publicize_feature_enabled":true,"jetpack_social_post_already_shared":true,"jetpack_social_options":{"image_generator_settings":{"template":"highway","default_image_id":0,"font":"","enabled":false},"version":2}},"categories":[51],"tags":[],"class_list":["post-7077","post","type-post","status-publish","format-standard","has-post-thumbnail","hentry","category-sindijori_mg"],"aioseo_notices":[],"jetpack_publicize_connections":[],"_links":{"self":[{"href":"https:\/\/jornalnossahistoria.com.br\/portal\/index.php\/wp-json\/wp\/v2\/posts\/7077","targetHints":{"allow":["GET"]}}],"collection":[{"href":"https:\/\/jornalnossahistoria.com.br\/portal\/index.php\/wp-json\/wp\/v2\/posts"}],"about":[{"href":"https:\/\/jornalnossahistoria.com.br\/portal\/index.php\/wp-json\/wp\/v2\/types\/post"}],"author":[{"embeddable":true,"href":"https:\/\/jornalnossahistoria.com.br\/portal\/index.php\/wp-json\/wp\/v2\/users\/1"}],"replies":[{"embeddable":true,"href":"https:\/\/jornalnossahistoria.com.br\/portal\/index.php\/wp-json\/wp\/v2\/comments?post=7077"}],"version-history":[{"count":0,"href":"https:\/\/jornalnossahistoria.com.br\/portal\/index.php\/wp-json\/wp\/v2\/posts\/7077\/revisions"}],"wp:featuredmedia":[{"embeddable":true,"href":"https:\/\/jornalnossahistoria.com.br\/portal\/index.php\/wp-json\/wp\/v2\/media\/7078"}],"wp:attachment":[{"href":"https:\/\/jornalnossahistoria.com.br\/portal\/index.php\/wp-json\/wp\/v2\/media?parent=7077"}],"wp:term":[{"taxonomy":"category","embeddable":true,"href":"https:\/\/jornalnossahistoria.com.br\/portal\/index.php\/wp-json\/wp\/v2\/categories?post=7077"},{"taxonomy":"post_tag","embeddable":true,"href":"https:\/\/jornalnossahistoria.com.br\/portal\/index.php\/wp-json\/wp\/v2\/tags?post=7077"}],"curies":[{"name":"wp","href":"https:\/\/api.w.org\/{rel}","templated":true}]}}