{"id":7075,"date":"2026-04-28T11:43:42","date_gmt":"2026-04-28T14:43:42","guid":{"rendered":"https:\/\/jornalnossahistoria.com.br\/portal\/index.php\/2026\/04\/28\/simoes-usa-evento-como-palanque\/"},"modified":"2026-04-28T11:43:42","modified_gmt":"2026-04-28T14:43:42","slug":"simoes-usa-evento-como-palanque","status":"publish","type":"post","link":"https:\/\/jornalnossahistoria.com.br\/portal\/index.php\/2026\/04\/28\/simoes-usa-evento-como-palanque\/","title":{"rendered":"Sim\u00f5es usa evento como palanque"},"content":{"rendered":"<p><em><span>(Foto: Reprodu\u00e7\u00e3o JU)<\/span><\/em><\/p>\n<p><strong><span>COLUNA MG<\/span><\/strong><br \/><span>Principais destaques dos jornais e portais integrantes da Rede Sindijori MG<\/span><br \/><span><a href=\"https:\/\/www.sindijorimg.com.br\/\">www.sindijorimg.com.br<\/a><\/span><\/p>\n<p><span><\/span><\/p>\n<p><strong><span>Sim\u00f5es usa evento como palanque<\/span><\/strong><br \/><span>A passagem do governador Mateus Sim\u00f5es por Uberaba, durante a Abertura da Safra Mineira de A\u00e7\u00facar e \u00c1lcool 2026\/2027, na \u00faltima sexta-feira (24\/4), foi marcada por cr\u00edticas e forte percep\u00e7\u00e3o de uso pol\u00edtico da estrutura p\u00fablica. Em um evento que deveria priorizar o fortalecimento do setor sucroenerg\u00e9tico, a presen\u00e7a do chefe do Executivo estadual acabou sendo interpretada como mais um movimento de autopromo\u00e7\u00e3o, com baixa relev\u00e2ncia pr\u00e1tica para a popula\u00e7\u00e3o e para o setor produtivo. (Jornal de Uberaba)<\/span><br \/><span><a href=\"https:\/\/www.jornaldeuberaba.com.br\/noticia\/150001\/simoes-usa-evento-publico-como-palanque-vazio-em-uberaba\">https:\/\/www.jornaldeuberaba.com.br\/noticia\/150001\/simoes-usa-evento-publico-como-palanque-vazio-em-uberaba<\/a><\/span><\/p>\n<p><strong><span><\/span><\/strong><\/p>\n<p><strong><span>Cleitinho lidera corrida em Minas\u00a0<\/span><\/strong><br \/><span>Pesquisa divulgada nesta ter\u00e7a-feira (28) pela Quaest indica que o senador Cleitinho Azevedo (Republicanos) lidera todos os cen\u00e1rios testados para o primeiro turno e tamb\u00e9m aparece em vantagem nas simula\u00e7\u00f5es de segundo turno. Na sequ\u00eancia, a disputa pelo segundo lugar varia conforme os cen\u00e1rios. O ex-prefeito Alexandre Kalil (PDT) aparece com \u00edndices entre 14% e 18%, enquanto o senador Rodrigo Pacheco (PSB) oscila entre 8% e 12%. J\u00e1 o atual governador Mateus Sim\u00f5es (PSD) registra entre 3% e 5% das inten\u00e7\u00f5es de voto. A pesquisa foi encomendada pela Genial Investimentos e ouviu 1.482 eleitores em Minas Gerais entre os dias 22 e 26 de abril. A margem de erro \u00e9 de tr\u00eas pontos percentuais, com n\u00edvel de confian\u00e7a de 95%. O levantamento est\u00e1 registrado no Tribunal Superior Eleitoral (TSE).<\/span><br \/><span><a href=\"https:\/\/www.cidadeconecta.com\/noticias\/cleitinho-lidera-corrida-pelo-governo-de-minas-em-todos-os-cenarios\/\">https:\/\/www.cidadeconecta.com\/noticias\/cleitinho-lidera-corrida-pelo-governo-de-minas-em-todos-os-cenarios\/<\/a><\/span><\/p>\n<p><span><\/span><\/p>\n<p><strong><span>JF aprova sepultamento de pets<\/span><\/strong><br \/><span>A C\u00e2mara Municipal de Juiz de Fora aprovou um projeto de lei que autoriza o sepultamento de animais de estima\u00e7\u00e3o em cemit\u00e9rios da cidade. O Projeto de Lei permite que c\u00e3es e gatos sejam enterrados em carneiros, gavetas, jazigos, l\u00f3culos e sepulturas pertencentes \u00e0 fam\u00edlia do tutor. As despesas relacionadas ao procedimento dever\u00e3o ser custeadas pelos respons\u00e1veis pelos animais. A iniciativa busca oferecer uma alternativa para tutores que desejam realizar uma despedida mais pr\u00f3xima e digna de seus animais. (RCWTV)<\/span><br \/><span><a href=\"https:\/\/www.rcwtv.com.br\/noticia\/camara-de-juiz-de-fora-aprova-enterro-de-pets-em-cemiterios-da-cidade\">https:\/\/www.rcwtv.com.br\/noticia\/camara-de-juiz-de-fora-aprova-enterro-de-pets-em-cemiterios-da-cidade<\/a><\/span><\/p>\n<p><span><\/span><\/p>\n<p><strong><span>Sudene participa do 9 \u00ba Congresso da Amupe<\/span><\/strong><br \/><span>A Superintend\u00eancia de Desenvolvimento do Nordeste (Sudene), o qual o Norte de Minas e o Esp\u00edrito Santo est\u00e3o inclu\u00eddos participa desde segunda-feira (27), da abertura do 9\u00ba Congresso da Associa\u00e7\u00e3o Municipalista de Pernambuco (Amupe), na capital pernambucana. Na edi\u00e7\u00e3o deste ano, o evento re\u00fane prefeitos, gestores p\u00fablicos, empresas e representantes da sociedade civil para debater a inova\u00e7\u00e3o como pr\u00e1tica a servi\u00e7o da popula\u00e7\u00e3o. A Autarquia federal \u00e9 uma das institui\u00e7\u00f5es que integra os pain\u00e9is t\u00e9cnicos que integram a programa\u00e7\u00e3o do encontro. (Novo Jornal de Not\u00edcias)<\/span><br \/><span><a href=\"https:\/\/novojornaldenoticias.com\/noticias\/sudene-participa-do-9-o-congresso-da-amupe\/\">https:\/\/novojornaldenoticias.com\/noticias\/sudene-participa-do-9-o-congresso-da-amupe\/<\/a><\/span><\/p>\n<p><span><\/span><\/p>\n<p><strong><span>Servidores de Fabriciano em estado de greve<\/span><\/strong><br \/><span>Na noite de segunda-feira (27), os servidores p\u00fablicos de Coronel Fabriciano se reuniram em assembleia no plen\u00e1rio da C\u00e2mara Municipal para avaliarem a proposta da Campanha Salarial feita pela administra\u00e7\u00e3o municipal. Segundo informado pelo Sindicato dos Trabalhadores no Servi\u00e7o P\u00fablico Municipal (SintmcelF), 94,2% dos trabalhadores presentes reprovaram os valores oferecidos pelo governo. Entre os pontos apresentados pela administra\u00e7\u00e3o municipal, est\u00e1 o reajuste do aux\u00edlio-alimenta\u00e7\u00e3o de forma escalonada, condicionado \u00e0 extin\u00e7\u00e3o imediata das f\u00e9rias-pr\u00eamio. A proposta tamb\u00e9m prev\u00ea aumento real de 1,45%. Os servidores tamb\u00e9m aprovaram o estado de greve. (Di\u00e1rio do A\u00e7o)<\/span><br \/><span><a href=\"https:\/\/www.diariodoaco.com.br\/noticia\/0133381-servidores-de-coronel-fabriciano-rejeitam-proposta-aprovam-estado-de-greve-e-protesto-em-frente-a-prefeitura\">https:\/\/www.diariodoaco.com.br\/noticia\/0133381-servidores-de-coronel-fabriciano-rejeitam-proposta-aprovam-estado-de-greve-e-protesto-em-frente-a-prefeitura<\/a><\/span><\/p>\n<p><span><\/span><\/p>\n<p><strong><span>Parceria entre viabiliza p\u00f3s-gradua\u00e7\u00e3o exclusiva<\/span><\/strong><br \/><span>O Centro Universit\u00e1rio Cat\u00f3lica do Leste de Minas Gerais (Unileste) e a Usiminas realizaram a aula inaugural da P\u00f3s-gradua\u00e7\u00e3o em Gest\u00e3o da Manuten\u00e7\u00e3o, voltada exclusivamente para colaboradores e colaboradoras da empresa. A iniciativa integra um programa estruturado de desenvolvimento profissional da Usiminas, com foco na qualifica\u00e7\u00e3o t\u00e9cnica e estrat\u00e9gica de seus times. A especializa\u00e7\u00e3o foi desenvolvida sob medida para atender \u00e0s necessidades espec\u00edficas da sider\u00fargica, aliando o rigor acad\u00eamico \u00e0s demandas do mercado, bem como \u00e0s expectativas de crescimento profissional dos profissionais. (Portal Silmara de Freitas)<\/span><br \/><span><a href=\"https:\/\/www.silmaradefreitas.com.br\/parceria-entre-unileste-e-usiminas-viabiliza-pos-graduacao-exclusiva-para-colaboradores\/\">https:\/\/www.silmaradefreitas.com.br\/parceria-entre-unileste-e-usiminas-viabiliza-pos-graduacao-exclusiva-para-colaboradores\/<\/a><\/span><\/p>\n<p><span><\/span><\/p>","protected":false},"excerpt":{"rendered":"<p>(Foto: Reprodu\u00e7\u00e3o JU) COLUNA MGPrincipais destaques dos jornais e portais integrantes da Rede Sindijori MGwww.sindijorimg.com.br Sim\u00f5es usa evento como palanqueA passagem do governador Mateus Sim\u00f5es por<span class=\"excerpt-hellip\"> [\u2026]<\/span><\/p>\n","protected":false},"author":1,"featured_media":7076,"comment_status":"","ping_status":"open","sticky":false,"template":"","format":"standard","meta":{"_monsterinsights_skip_tracking":false,"_monsterinsights_sitenote_active":false,"_monsterinsights_sitenote_note":"","_monsterinsights_sitenote_category":0,"footnotes":"","jetpack_publicize_message":"","jetpack_publicize_feature_enabled":true,"jetpack_social_post_already_shared":true,"jetpack_social_options":{"image_generator_settings":{"template":"highway","default_image_id":0,"font":"","enabled":false},"version":2}},"categories":[50],"tags":[],"class_list":["post-7075","post","type-post","status-publish","format-standard","has-post-thumbnail","hentry","category-coluna_mg"],"aioseo_notices":[],"jetpack_publicize_connections":[],"_links":{"self":[{"href":"https:\/\/jornalnossahistoria.com.br\/portal\/index.php\/wp-json\/wp\/v2\/posts\/7075","targetHints":{"allow":["GET"]}}],"collection":[{"href":"https:\/\/jornalnossahistoria.com.br\/portal\/index.php\/wp-json\/wp\/v2\/posts"}],"about":[{"href":"https:\/\/jornalnossahistoria.com.br\/portal\/index.php\/wp-json\/wp\/v2\/types\/post"}],"author":[{"embeddable":true,"href":"https:\/\/jornalnossahistoria.com.br\/portal\/index.php\/wp-json\/wp\/v2\/users\/1"}],"replies":[{"embeddable":true,"href":"https:\/\/jornalnossahistoria.com.br\/portal\/index.php\/wp-json\/wp\/v2\/comments?post=7075"}],"version-history":[{"count":0,"href":"https:\/\/jornalnossahistoria.com.br\/portal\/index.php\/wp-json\/wp\/v2\/posts\/7075\/revisions"}],"wp:featuredmedia":[{"embeddable":true,"href":"https:\/\/jornalnossahistoria.com.br\/portal\/index.php\/wp-json\/wp\/v2\/media\/7076"}],"wp:attachment":[{"href":"https:\/\/jornalnossahistoria.com.br\/portal\/index.php\/wp-json\/wp\/v2\/media?parent=7075"}],"wp:term":[{"taxonomy":"category","embeddable":true,"href":"https:\/\/jornalnossahistoria.com.br\/portal\/index.php\/wp-json\/wp\/v2\/categories?post=7075"},{"taxonomy":"post_tag","embeddable":true,"href":"https:\/\/jornalnossahistoria.com.br\/portal\/index.php\/wp-json\/wp\/v2\/tags?post=7075"}],"curies":[{"name":"wp","href":"https:\/\/api.w.org\/{rel}","templated":true}]}}