{"id":4645,"date":"2025-07-15T12:23:46","date_gmt":"2025-07-15T15:23:46","guid":{"rendered":"https:\/\/jornalnossahistoria.com.br\/portal\/index.php\/2025\/07\/15\/preco-do-leite-cai-em-minas\/"},"modified":"2025-07-15T12:23:46","modified_gmt":"2025-07-15T15:23:46","slug":"preco-do-leite-cai-em-minas","status":"publish","type":"post","link":"https:\/\/jornalnossahistoria.com.br\/portal\/index.php\/2025\/07\/15\/preco-do-leite-cai-em-minas\/","title":{"rendered":"Pre\u00e7o do leite cai em Minas"},"content":{"rendered":"<p><span>Foto: Reprodu\u00e7\u00e3o Adobe Stock \/ DC<\/span><\/p>\n<p><strong><span>COLUNA MG<\/span><\/strong><br \/><span>Principais destaques dos jornais e portais integrantes da rede Sindijori MG\u00a0<\/span><br \/><span><a href=\"http:\/\/www.sindijorimg.com.br\/\">www.sindijorimg.com.br<\/a><\/span><\/p>\n<p><strong><span>Pre\u00e7o do leite cai em Minas\u00a0<\/span><\/strong><br \/><span>O aumento da oferta de leite e o consumo enfraquecido no mercado final provocaram a segunda queda consecutiva nos pre\u00e7os do leite em Minas Gerais. Conforme os dados do Centro de Estudos Avan\u00e7ados em Economia Aplicada (Cepea), no Estado, o leite captado em maio e pago em junho, registrou m\u00e9dia de R$ 2,73 por litro, retra\u00e7\u00e3o de 4,23%. A diminui\u00e7\u00e3o do pre\u00e7o pago ao produtor \u00e9 considerada at\u00edpica para o per\u00edodo de entressafra. Assim como em Minas Gerais, o pre\u00e7o do leite pago ao produtor tamb\u00e9m recuou quando considerada a m\u00e9dia brasileira. (Di\u00e1rio do Com\u00e9rcio \u2013 Belo Horizonte)<\/span><br \/><span><a href=\"https:\/\/diariodocomercio.com.br\/agronegocio\/preco-do-leite-cai-com-consumo-enfraquecido\/\">https:\/\/diariodocomercio.com.br\/agronegocio\/preco-do-leite-cai-com-consumo-enfraquecido\/<\/a><\/span><\/p>\n<p><strong><span>Esquadrilha da Fuma\u00e7a em Patroc\u00ednio<\/span><\/strong><br \/><span>A Esquadrilha da Fuma\u00e7a se apresentar\u00e1 em Patroc\u00ednio nesta quinta-feira, 17 de julho, \u00e0s 16h, no Parque de Exposi\u00e7\u00f5es, com entrada gratuita. O evento, promovido pela For\u00e7a A\u00e9rea Brasileira em parceria com o Governo Municipal, promete atrair grande p\u00fablico com as tradicionais acrobacias a\u00e9reas do Esquadr\u00e3o de Demonstra\u00e7\u00e3o A\u00e9rea. A Prefeitura est\u00e1 organizando toda a estrutura e seguran\u00e7a para garantir um espet\u00e1culo emocionante e seguro para a popula\u00e7\u00e3o. (Jornal de Patroc\u00ednio)<\/span><br \/><span><a href=\"https:\/\/www.jornaldepatrocinio.com\/esquadrilha-da-fumaca-apresenta-se-em-patrocinio-nesta-quinta-feira-17\">https:\/\/www.jornaldepatrocinio.com\/esquadrilha-da-fumaca-apresenta-se-em-patrocinio-nesta-quinta-feira-17<\/a><\/span><\/p>\n<p><strong><span>Servidora investigada em Uberl\u00e2ndia<\/span><\/strong><br \/><span>Uma servidora p\u00fablica da Prefeitura de Uberl\u00e2ndia \u00e9 investigada por liderar um esquema que desviou mais de R$ 6,5 milh\u00f5es dos cofres p\u00fablicos da cidade. De acordo com as investiga\u00e7\u00f5es do Minist\u00e9rio P\u00fablico Estadual (MPE), ela se apropriou de verbas do Programa Tratamento Fora do Domic\u00edlio (TFD), da Secretaria Municipal de Sa\u00fade (SMS). Segundo informa\u00e7\u00f5es, o grupo criminoso desviava recursos p\u00fablicos h\u00e1 cerca de tr\u00eas anos e teria causado o preju\u00edzo milion\u00e1rio aos cofres p\u00fablicos. (Di\u00e1rio de Uberl\u00e2ndia)<\/span><br \/><span><a href=\"https:\/\/diariodeuberlandia.com.br\/noticia\/38430\/servidora-publica-investigada-desviar-r-65-milhoes\">https:\/\/diariodeuberlandia.com.br\/noticia\/38430\/servidora-publica-investigada-desviar-r-65-milhoes<\/a><\/span><\/p>\n<p><strong><span>Festa Peruana na capital mineira<\/span><\/strong><br \/><span>A 6\u00aa Festa Peruana de Belo Horizonte ser\u00e1 realizada no dia 20 de julho, das 10h \u00e0s 20h, no cruzamento das avenidas Get\u00falio Vargas e Crist\u00f3v\u00e3o Colombo, na Savassi, com entrada gratuita mediante retirada de ingresso pela plataforma Go Free. O evento celebra a cultura andina com uma programa\u00e7\u00e3o repleta de dan\u00e7as tradicionais, m\u00fasica, oficinas de m\u00e1scaras ind\u00edgenas e pratos t\u00edpicos da culin\u00e1ria peruana. A iniciativa busca aproximar o p\u00fablico mineiro da riqueza cultural do Peru, promovendo um encontro entre dois povos acolhedores por meio de arte, gastronomia e manifesta\u00e7\u00f5es populares. (Cidade Conecta \u2013 Nova Lima)<\/span><br \/><span><a href=\"https:\/\/www.cidadeconecta.com\/noticias\/cultura\/festa-peruana-traz-cultura-andina-para-a-capital-mineira\/\">https:\/\/www.cidadeconecta.com\/noticias\/cultura\/festa-peruana-traz-cultura-andina-para-a-capital-mineira\/<\/a><\/span><\/p>\n<p><strong><span>Recursos do MP para Ipatinga<\/span><\/strong><br \/><span>Com recursos obtidos por meio de Termos de Ajustamento de Conduta (TACs), o Minist\u00e9rio P\u00fablico de Minas Gerais, em parceria com a Prefeitura de Ipatinga e a Usiminas, viabilizou o Projeto Conviver, que promover\u00e1 a revitaliza\u00e7\u00e3o urbana e ambiental nos bairros Ideal e Cariru, no Vale do A\u00e7o. No Ideal, ser\u00e3o criadas uma nova pra\u00e7a com mais de 4.400 m\u00b2 e uma pista de caminhada interligada, ambas com equipamentos de lazer, ilumina\u00e7\u00e3o LED e \u00e1reas de conviv\u00eancia; j\u00e1 no Cariru, a tradicional pista ao redor da Avenida It\u00e1lia ser\u00e1 revitalizada com pavimenta\u00e7\u00e3o, acessibilidade e paisagismo, incluindo espa\u00e7os \u00e0s margens do Rio Piracicaba. (Jornal Classivale \u2013 Ipatinga)<\/span><br \/><span><a href=\"https:\/\/jornalclassivale.com.br\/noticia\/4536\/recursos-obtidos-pelo-mpmg-viabilizam-revitalizacao-de-espacos-publicos-nos-bairros-ideal-e-cariru-em-ipatinga\">https:\/\/jornalclassivale.com.br\/noticia\/4536\/recursos-obtidos-pelo-mpmg-viabilizam-revitalizacao-de-espacos-publicos-nos-bairros-ideal-e-cariru-em-ipatinga<\/a><\/span><\/p>\n<p><strong><span>Itatiaiu\u00e7u faz Festa do Pe\u00e3o\u00a0<\/span><\/strong><br \/><span>A 3\u00aa Festa do Pe\u00e3o de Itatiaiu\u00e7u j\u00e1 tem atra\u00e7\u00f5es confirmadas e promete agitar o Parque de Exposi\u00e7\u00f5es e Leil\u00f5es Jo\u00e3o Belo Andrade nos dias 14, 15 e 16 de agosto. Entre os destaques est\u00e3o o cantor L\u00e9o Santana, que se apresenta no dia 15, e as duplas sertanejas Jo\u00e3o Neto &amp; Frederico e Teodoro &amp; Sampaio, que sobem ao palco no dia 16. Al\u00e9m dos shows, o evento contar\u00e1 com disputas entre pe\u00f5es, comidas t\u00edpicas e muita tradi\u00e7\u00e3o sertaneja, mantendo-se como uma das celebra\u00e7\u00f5es mais aguardadas da cidade. (Folha do Povo Itatiaiu\u00e7u)<\/span><br \/><span><a href=\"https:\/\/www.folhapovoitatiaiucu.com\/rodeio-em-agosto-3a-festa-do-peao-ja-tem-atracoes-confirmadas\">https:\/\/www.folhapovoitatiaiucu.com\/rodeio-em-agosto-3a-festa-do-peao-ja-tem-atracoes-confirmadas<\/a><\/span><\/p>\n<p><span><\/span><\/p>","protected":false},"excerpt":{"rendered":"<p>Foto: Reprodu\u00e7\u00e3o Adobe Stock \/ DC COLUNA MGPrincipais destaques dos jornais e portais integrantes da rede Sindijori MG\u00a0www.sindijorimg.com.br Pre\u00e7o do leite cai em Minas\u00a0O aumento da<span class=\"excerpt-hellip\"> [\u2026]<\/span><\/p>\n","protected":false},"author":1,"featured_media":4646,"comment_status":"","ping_status":"open","sticky":false,"template":"","format":"standard","meta":{"_monsterinsights_skip_tracking":false,"_monsterinsights_sitenote_active":false,"_monsterinsights_sitenote_note":"","_monsterinsights_sitenote_category":0,"footnotes":"","jetpack_publicize_message":"","jetpack_publicize_feature_enabled":true,"jetpack_social_post_already_shared":true,"jetpack_social_options":{"image_generator_settings":{"template":"highway","default_image_id":0,"font":"","enabled":false},"version":2}},"categories":[50],"tags":[],"class_list":["post-4645","post","type-post","status-publish","format-standard","has-post-thumbnail","hentry","category-coluna_mg"],"aioseo_notices":[],"jetpack_publicize_connections":[],"_links":{"self":[{"href":"https:\/\/jornalnossahistoria.com.br\/portal\/index.php\/wp-json\/wp\/v2\/posts\/4645","targetHints":{"allow":["GET"]}}],"collection":[{"href":"https:\/\/jornalnossahistoria.com.br\/portal\/index.php\/wp-json\/wp\/v2\/posts"}],"about":[{"href":"https:\/\/jornalnossahistoria.com.br\/portal\/index.php\/wp-json\/wp\/v2\/types\/post"}],"author":[{"embeddable":true,"href":"https:\/\/jornalnossahistoria.com.br\/portal\/index.php\/wp-json\/wp\/v2\/users\/1"}],"replies":[{"embeddable":true,"href":"https:\/\/jornalnossahistoria.com.br\/portal\/index.php\/wp-json\/wp\/v2\/comments?post=4645"}],"version-history":[{"count":0,"href":"https:\/\/jornalnossahistoria.com.br\/portal\/index.php\/wp-json\/wp\/v2\/posts\/4645\/revisions"}],"wp:featuredmedia":[{"embeddable":true,"href":"https:\/\/jornalnossahistoria.com.br\/portal\/index.php\/wp-json\/wp\/v2\/media\/4646"}],"wp:attachment":[{"href":"https:\/\/jornalnossahistoria.com.br\/portal\/index.php\/wp-json\/wp\/v2\/media?parent=4645"}],"wp:term":[{"taxonomy":"category","embeddable":true,"href":"https:\/\/jornalnossahistoria.com.br\/portal\/index.php\/wp-json\/wp\/v2\/categories?post=4645"},{"taxonomy":"post_tag","embeddable":true,"href":"https:\/\/jornalnossahistoria.com.br\/portal\/index.php\/wp-json\/wp\/v2\/tags?post=4645"}],"curies":[{"name":"wp","href":"https:\/\/api.w.org\/{rel}","templated":true}]}}