{"id":4635,"date":"2025-07-14T18:33:39","date_gmt":"2025-07-14T21:33:39","guid":{"rendered":"https:\/\/jornalnossahistoria.com.br\/portal\/?p=4635"},"modified":"2025-07-14T18:36:52","modified_gmt":"2025-07-14T21:36:52","slug":"sistema-fecomercio-mg-por-meio-do-sesc-em-minas-realiza-nova-edicao-do-sesc-geek-com-foco-nas-culturas-coreana-e-japonesa","status":"publish","type":"post","link":"https:\/\/jornalnossahistoria.com.br\/portal\/index.php\/2025\/07\/14\/sistema-fecomercio-mg-por-meio-do-sesc-em-minas-realiza-nova-edicao-do-sesc-geek-com-foco-nas-culturas-coreana-e-japonesa\/","title":{"rendered":"Sistema Fecom\u00e9rcio MG, por meio do Sesc em Minas, realiza nova edi\u00e7\u00e3o do Sesc Geek com foco nas culturas coreana e japonesa"},"content":{"rendered":"\t\t<div data-elementor-type=\"wp-post\" data-elementor-id=\"4635\" class=\"elementor elementor-4635\" data-elementor-post-type=\"post\">\n\t\t\t\t<div class=\"elementor-element elementor-element-0a1678b e-flex e-con-boxed e-con e-parent\" data-id=\"0a1678b\" data-element_type=\"container\">\n\t\t\t\t\t<div class=\"e-con-inner\">\n\t\t\t\t<div class=\"elementor-element elementor-element-f159bfa elementor-widget elementor-widget-heading\" data-id=\"f159bfa\" data-element_type=\"widget\" data-widget_type=\"heading.default\">\n\t\t\t\t<div class=\"elementor-widget-container\">\n\t\t\t\t\t<h1 class=\"elementor-heading-title elementor-size-default\">Sistema Fecom\u00e9rcio MG, por meio do Sesc em Minas, realiza nova edi\u00e7\u00e3o do Sesc Geek com foco nas culturas coreana e japonesa<\/h1>\t\t\t\t<\/div>\n\t\t\t\t<\/div>\n\t\t\t\t<div class=\"elementor-element elementor-element-4794d72 elementor-widget elementor-widget-heading\" data-id=\"4794d72\" data-element_type=\"widget\" data-widget_type=\"heading.default\">\n\t\t\t\t<div class=\"elementor-widget-container\">\n\t\t\t\t\t<h2 class=\"elementor-heading-title elementor-size-default\">Evento no Sesc Palladium traz atra\u00e7\u00f5es nacionais, shows, torneios, orquestra, concursos e experi\u00eancias imersivas no universo geek<\/h2>\t\t\t\t<\/div>\n\t\t\t\t<\/div>\n\t\t\t\t\t<\/div>\n\t\t\t\t<\/div>\n\t\t<div class=\"elementor-element elementor-element-386c88b e-flex e-con-boxed e-con e-parent\" data-id=\"386c88b\" data-element_type=\"container\">\n\t\t\t\t\t<div class=\"e-con-inner\">\n\t\t<div class=\"elementor-element elementor-element-fc09450 e-con-full e-flex e-con e-child\" data-id=\"fc09450\" data-element_type=\"container\">\n\t\t\t\t<div class=\"elementor-element elementor-element-583d515 elementor-widget elementor-widget-text-editor\" data-id=\"583d515\" data-element_type=\"widget\" data-widget_type=\"text-editor.default\">\n\t\t\t\t<div class=\"elementor-widget-container\">\n\t\t\t\t\t\t\t\t\t<p>O Sistema Fecom\u00e9rcio MG, por meio do Sesc em Minas, realiza no domingo (20\/7), no Sesc Palladium (rua Rio de Janeiro, 1.046, Centro &#8211; Belo Horizonte), a primeira edi\u00e7\u00e3o de 2025 do Sesc Geek, evento dedicado \u00e0 valoriza\u00e7\u00e3o da cultura geek em suas diversas express\u00f5es. A programa\u00e7\u00e3o destaca as culturas coreana e japonesa, com atra\u00e7\u00f5es que combinam dan\u00e7a, m\u00fasica, games, cosplay e experi\u00eancias imersivas.<\/p><p>\u00a0Com atividades que ocupam todos os espa\u00e7os do Sesc Palladium \u2013 Grande Teatro, foyers, Teatro de Bolso, Cinema e Mezanino \u2013, o evento \u00e9 voltado para jovens, pessoas adultas e praticantes amadores, amadoras\u00a0 e profissionais, al\u00e9m de f\u00e3s do universo geek e da cultura pop asi\u00e1tica. Os ingressos t\u00eam pre\u00e7os entre R$ 20 e R$ 50 e est\u00e3o dispon\u00edveis na plataforma Sympla neste link.<\/p><p>\u00a0<\/p><p><strong>Destaques da programa\u00e7\u00e3o<\/strong><\/p><p>\u00a0Entre os destaques do Sesc Geek, est\u00e1 o tradicional concurso de cosplay, que contemplar\u00e1 quem ficar nos tr\u00eas primeiros lugares. Tamb\u00e9m haver\u00e1 torneios dos jogos Street Fighter 6 e Just Dance \u2013 Especial K-pop, com premia\u00e7\u00e3o em dinheiro.<\/p><p>\u00a0No Grande Teatro, o p\u00fablico poder\u00e1 conhecer o trabalho da influenciadora e artista Maypi Takeyama, que tamb\u00e9m ser\u00e1 mestra de cerim\u00f4nias do evento. Um dos destaques da programa\u00e7\u00e3o \u00e9 o mestre da mente, hipnotista, m\u00e1gico e influenciador Pyong Lee, que far\u00e1 um show de m\u00e1gica e hipnose. Outra atra\u00e7\u00e3o \u00e9 a bailarina e cantora Clarice Matsunaga, reconhecida por seu trabalho que une dan\u00e7a e folclore japon\u00eas.<\/p><p>\u00a0A Orquestra de C\u00e2mara Sesc tamb\u00e9m se apresenta com trilhas de K-pop, K-dramas, animes e temas cl\u00e1ssicos da cultura geek. O encerramento no Grande Teatro ser\u00e1 com o cantor Ricardo Cruz, \u00fanico estrangeiro integrante do grupo japon\u00eas JAM Project e voz de temas de animes como One-Punch Man e Saint Seiya.<\/p><p>\u00a0Nos outros espa\u00e7os do Sesc Palladium, a programa\u00e7\u00e3o inclui pain\u00e9is, bate-papos, oficinas, shows e exibi\u00e7\u00f5es audiovisuais. O foyer da Augusto de Lima receber\u00e1 a BNK Dance Union, com competi\u00e7\u00f5es de dan\u00e7a K-pop. O Cinema ter\u00e1 mostra de produ\u00e7\u00f5es coreanas e participa\u00e7\u00e3o da influenciadora Duda Persson, comentarista sobre k-dramas nas redes sociais. J\u00e1 no Teatro de Bolso, o Chatelaine Podcast receber\u00e1 convidados e convidadas em uma s\u00e9rie de conversas sobre o cen\u00e1rio atual da cultura pop asi\u00e1tica.<\/p><p>\u00a0O Espa\u00e7o Play estar\u00e1 aberto durante todo o evento com jogos eletr\u00f4nicos, atividades tem\u00e1ticas, karaok\u00ea e oficinas, incluindo torneios com premia\u00e7\u00f5es. A \u00e1rea de alimenta\u00e7\u00e3o e as lojas geeks tamb\u00e9m integram o evento, oferecendo produtos e sabores das culturas coreana e japonesa.<\/p><p>\u00a0<\/p><p><strong>Sobre a Fecom\u00e9rcio MG e o Sesc em Minas<\/strong><\/p><p>\u00a0A Federa\u00e7\u00e3o do Com\u00e9rcio de Bens, Servi\u00e7os e Turismo de Minas Gerais (Fecom\u00e9rcio MG) \u00e9 a principal entidade representativa do setor do com\u00e9rcio de bens, servi\u00e7os e turismo no estado, abrangendo cerca de 750 mil empresas e respondendo por mais de 50 sindicatos. Hoje sob a presid\u00eancia de Nadim Elias Donato Filho, a Fecom\u00e9rcio MG atua h\u00e1 86 anos como porta-voz das demandas do empresariado, buscando solu\u00e7\u00f5es atrav\u00e9s do di\u00e1logo com o poder p\u00fablico e a sociedade.<\/p><p>\u00a0Outra importante atribui\u00e7\u00e3o da entidade \u00e9 a administra\u00e7\u00e3o do Servi\u00e7o Social do Com\u00e9rcio (Sesc) e do Servi\u00e7o Nacional de Aprendizagem Comercial (Senac) em Minas Gerais. A atua\u00e7\u00e3o integrada das tr\u00eas casas fortalece a promo\u00e7\u00e3o de servi\u00e7os que beneficiam comerci\u00e1rios e comerci\u00e1rias, empres\u00e1rios e empres\u00e1rias e a comunidade em geral, a partir de suas diversas unidades distribu\u00eddas pelo estado.<\/p><p>\u00a0H\u00e1 quase 80 anos, o Sesc cumpre a miss\u00e3o de promover o encontro das pessoas com o bem-estar e a qualidade de vida. S\u00e3o encontros di\u00e1rios com a A\u00e7\u00e3o Social, a Sa\u00fade, a Educa\u00e7\u00e3o, o Turismo, o Lazer, o Esporte e a Cultura. Fundado pela Confedera\u00e7\u00e3o Nacional do Com\u00e9rcio em 13 de setembro de 1946, o Sesc em Minas \u00e9 uma institui\u00e7\u00e3o privada mantida pela contribui\u00e7\u00e3o sindical do empresariado do com\u00e9rcio.\u00a0 Em Minas Gerais, o Sesc atua em todas as regi\u00f5es do estado, com 38 unidades fixas e 13 unidades m\u00f3veis.<\/p><p>\u00a0A Fecom\u00e9rcio MG tamb\u00e9m trabalha em estreita colabora\u00e7\u00e3o com a Confedera\u00e7\u00e3o Nacional do Com\u00e9rcio (CNC), hoje presidida por Jos\u00e9 Roberto Tadros, e atua ativamente na defesa dos interesses do setor nos \u00e2mbitos municipal, estadual e federal. Seu papel \u00e9 fundamental para transformar a vida de cidad\u00e3os e cidad\u00e3s e impulsionar a economia mineira.<\/p><p>\u00a0<\/p><p>\u00a0<strong>SERVI\u00c7O<\/strong><\/p><p>\u00a0<strong>Sesc Geek &#8211; Edi\u00e7\u00e3o de julho<\/strong><\/p><p>\u00a0Data: domingo, 20 de julho de 2025<\/p><p>Hor\u00e1rio: das 11h \u00e0s 19h30<\/p><p>Local: Sesc Palladium &#8211; rua Rio de Janeiro, 1.046, Centro &#8211; Belo Horizonte<\/p><p>Ingressos: entre R$ 20 e R$ 50 \u2013 \u00e0 venda pela plataforma Sympla<\/p><p>Classifica\u00e7\u00e3o et\u00e1ria: 10 anos<\/p><p>\u00a0<\/p>\t\t\t\t\t\t\t\t<\/div>\n\t\t\t\t<\/div>\n\t\t\t\t<\/div>\n\t\t<div class=\"elementor-element elementor-element-ba7baef e-con-full e-flex e-con e-child\" data-id=\"ba7baef\" data-element_type=\"container\">\n\t\t\t\t<div class=\"elementor-element elementor-element-130515d elementor-widget elementor-widget-image\" data-id=\"130515d\" data-element_type=\"widget\" data-widget_type=\"image.default\">\n\t\t\t\t<div class=\"elementor-widget-container\">\n\t\t\t\t\t\t\t\t\t\t\t\t\t\t\t<img fetchpriority=\"high\" decoding=\"async\" width=\"1200\" height=\"800\" src=\"https:\/\/jornalnossahistoria.com.br\/portal\/wp-content\/uploads\/2025\/07\/24_08_10_Cultura_Sesc-Geek_Palladium_Eduardo-Galetto-444-1200x800.jpg\" class=\"attachment-large size-large wp-image-4638\" alt=\"\" srcset=\"https:\/\/jornalnossahistoria.com.br\/portal\/wp-content\/uploads\/2025\/07\/24_08_10_Cultura_Sesc-Geek_Palladium_Eduardo-Galetto-444-1200x800.jpg 1200w, https:\/\/jornalnossahistoria.com.br\/portal\/wp-content\/uploads\/2025\/07\/24_08_10_Cultura_Sesc-Geek_Palladium_Eduardo-Galetto-444-500x333.jpg 500w, https:\/\/jornalnossahistoria.com.br\/portal\/wp-content\/uploads\/2025\/07\/24_08_10_Cultura_Sesc-Geek_Palladium_Eduardo-Galetto-444-300x200.jpg 300w, https:\/\/jornalnossahistoria.com.br\/portal\/wp-content\/uploads\/2025\/07\/24_08_10_Cultura_Sesc-Geek_Palladium_Eduardo-Galetto-444-768x512.jpg 768w, https:\/\/jornalnossahistoria.com.br\/portal\/wp-content\/uploads\/2025\/07\/24_08_10_Cultura_Sesc-Geek_Palladium_Eduardo-Galetto-444-1536x1024.jpg 1536w, https:\/\/jornalnossahistoria.com.br\/portal\/wp-content\/uploads\/2025\/07\/24_08_10_Cultura_Sesc-Geek_Palladium_Eduardo-Galetto-444-2048x1365.jpg 2048w, https:\/\/jornalnossahistoria.com.br\/portal\/wp-content\/uploads\/2025\/07\/24_08_10_Cultura_Sesc-Geek_Palladium_Eduardo-Galetto-444-113x75.jpg 113w, https:\/\/jornalnossahistoria.com.br\/portal\/wp-content\/uploads\/2025\/07\/24_08_10_Cultura_Sesc-Geek_Palladium_Eduardo-Galetto-444-480x320.jpg 480w\" sizes=\"(max-width:767px) 480px, (max-width:1200px) 100vw, 1200px\" \/>\t\t\t\t\t\t\t\t\t\t\t\t\t\t\t<\/div>\n\t\t\t\t<\/div>\n\t\t\t\t<div class=\"elementor-element elementor-element-84bf7d8 elementor-widget elementor-widget-image\" data-id=\"84bf7d8\" data-element_type=\"widget\" data-widget_type=\"image.default\">\n\t\t\t\t<div class=\"elementor-widget-container\">\n\t\t\t\t\t\t\t\t\t\t\t\t\t\t\t<img decoding=\"async\" width=\"1200\" height=\"800\" src=\"https:\/\/jornalnossahistoria.com.br\/portal\/wp-content\/uploads\/2025\/07\/Eduardo-Galetto_Sesc-em-Minas-1200x800.jpg\" class=\"attachment-large size-large wp-image-4639\" alt=\"\" srcset=\"https:\/\/jornalnossahistoria.com.br\/portal\/wp-content\/uploads\/2025\/07\/Eduardo-Galetto_Sesc-em-Minas-1200x800.jpg 1200w, https:\/\/jornalnossahistoria.com.br\/portal\/wp-content\/uploads\/2025\/07\/Eduardo-Galetto_Sesc-em-Minas-500x333.jpg 500w, https:\/\/jornalnossahistoria.com.br\/portal\/wp-content\/uploads\/2025\/07\/Eduardo-Galetto_Sesc-em-Minas-300x200.jpg 300w, https:\/\/jornalnossahistoria.com.br\/portal\/wp-content\/uploads\/2025\/07\/Eduardo-Galetto_Sesc-em-Minas-768x512.jpg 768w, https:\/\/jornalnossahistoria.com.br\/portal\/wp-content\/uploads\/2025\/07\/Eduardo-Galetto_Sesc-em-Minas-1536x1024.jpg 1536w, https:\/\/jornalnossahistoria.com.br\/portal\/wp-content\/uploads\/2025\/07\/Eduardo-Galetto_Sesc-em-Minas-2048x1365.jpg 2048w, https:\/\/jornalnossahistoria.com.br\/portal\/wp-content\/uploads\/2025\/07\/Eduardo-Galetto_Sesc-em-Minas-113x75.jpg 113w, https:\/\/jornalnossahistoria.com.br\/portal\/wp-content\/uploads\/2025\/07\/Eduardo-Galetto_Sesc-em-Minas-480x320.jpg 480w\" sizes=\"(max-width:767px) 480px, (max-width:1200px) 100vw, 1200px\" \/>\t\t\t\t\t\t\t\t\t\t\t\t\t\t\t<\/div>\n\t\t\t\t<\/div>\n\t\t\t\t<div class=\"elementor-element elementor-element-96e6fc5 elementor-widget elementor-widget-image\" data-id=\"96e6fc5\" data-element_type=\"widget\" data-widget_type=\"image.default\">\n\t\t\t\t<div class=\"elementor-widget-container\">\n\t\t\t\t\t\t\t\t\t\t\t\t\t\t\t<img decoding=\"async\" width=\"1200\" height=\"800\" src=\"https:\/\/jornalnossahistoria.com.br\/portal\/wp-content\/uploads\/2025\/07\/24_08_10_Cultura_Sesc-Geek_Palladium_Eduardo-Galetto-161-1200x800.jpg\" class=\"attachment-large size-large wp-image-4636\" alt=\"\" srcset=\"https:\/\/jornalnossahistoria.com.br\/portal\/wp-content\/uploads\/2025\/07\/24_08_10_Cultura_Sesc-Geek_Palladium_Eduardo-Galetto-161-1200x800.jpg 1200w, https:\/\/jornalnossahistoria.com.br\/portal\/wp-content\/uploads\/2025\/07\/24_08_10_Cultura_Sesc-Geek_Palladium_Eduardo-Galetto-161-500x333.jpg 500w, https:\/\/jornalnossahistoria.com.br\/portal\/wp-content\/uploads\/2025\/07\/24_08_10_Cultura_Sesc-Geek_Palladium_Eduardo-Galetto-161-300x200.jpg 300w, https:\/\/jornalnossahistoria.com.br\/portal\/wp-content\/uploads\/2025\/07\/24_08_10_Cultura_Sesc-Geek_Palladium_Eduardo-Galetto-161-768x512.jpg 768w, https:\/\/jornalnossahistoria.com.br\/portal\/wp-content\/uploads\/2025\/07\/24_08_10_Cultura_Sesc-Geek_Palladium_Eduardo-Galetto-161-1536x1024.jpg 1536w, https:\/\/jornalnossahistoria.com.br\/portal\/wp-content\/uploads\/2025\/07\/24_08_10_Cultura_Sesc-Geek_Palladium_Eduardo-Galetto-161-2048x1365.jpg 2048w, https:\/\/jornalnossahistoria.com.br\/portal\/wp-content\/uploads\/2025\/07\/24_08_10_Cultura_Sesc-Geek_Palladium_Eduardo-Galetto-161-113x75.jpg 113w, https:\/\/jornalnossahistoria.com.br\/portal\/wp-content\/uploads\/2025\/07\/24_08_10_Cultura_Sesc-Geek_Palladium_Eduardo-Galetto-161-480x320.jpg 480w\" sizes=\"(max-width:767px) 480px, (max-width:1200px) 100vw, 1200px\" \/>\t\t\t\t\t\t\t\t\t\t\t\t\t\t\t<\/div>\n\t\t\t\t<\/div>\n\t\t\t\t<\/div>\n\t\t\t\t\t<\/div>\n\t\t\t\t<\/div>\n\t\t\t\t<\/div>\n\t\t","protected":false},"excerpt":{"rendered":"<p>Sistema Fecom\u00e9rcio MG, por meio do Sesc em Minas, realiza nova edi\u00e7\u00e3o do Sesc Geek com foco nas culturas coreana e japonesa Evento no Sesc Palladium<span class=\"excerpt-hellip\"> [\u2026]<\/span><\/p>\n","protected":false},"author":1,"featured_media":4636,"comment_status":"closed","ping_status":"open","sticky":false,"template":"","format":"standard","meta":{"_monsterinsights_skip_tracking":false,"_monsterinsights_sitenote_active":false,"_monsterinsights_sitenote_note":"","_monsterinsights_sitenote_category":0,"footnotes":"","jetpack_publicize_message":"","jetpack_publicize_feature_enabled":true,"jetpack_social_post_already_shared":true,"jetpack_social_options":{"image_generator_settings":{"template":"highway","default_image_id":0,"font":"","enabled":false},"version":2}},"categories":[5],"tags":[],"class_list":["post-4635","post","type-post","status-publish","format-standard","has-post-thumbnail","hentry","category-news"],"aioseo_notices":[],"jetpack_publicize_connections":[],"_links":{"self":[{"href":"https:\/\/jornalnossahistoria.com.br\/portal\/index.php\/wp-json\/wp\/v2\/posts\/4635","targetHints":{"allow":["GET"]}}],"collection":[{"href":"https:\/\/jornalnossahistoria.com.br\/portal\/index.php\/wp-json\/wp\/v2\/posts"}],"about":[{"href":"https:\/\/jornalnossahistoria.com.br\/portal\/index.php\/wp-json\/wp\/v2\/types\/post"}],"author":[{"embeddable":true,"href":"https:\/\/jornalnossahistoria.com.br\/portal\/index.php\/wp-json\/wp\/v2\/users\/1"}],"replies":[{"embeddable":true,"href":"https:\/\/jornalnossahistoria.com.br\/portal\/index.php\/wp-json\/wp\/v2\/comments?post=4635"}],"version-history":[{"count":4,"href":"https:\/\/jornalnossahistoria.com.br\/portal\/index.php\/wp-json\/wp\/v2\/posts\/4635\/revisions"}],"predecessor-version":[{"id":4642,"href":"https:\/\/jornalnossahistoria.com.br\/portal\/index.php\/wp-json\/wp\/v2\/posts\/4635\/revisions\/4642"}],"wp:featuredmedia":[{"embeddable":true,"href":"https:\/\/jornalnossahistoria.com.br\/portal\/index.php\/wp-json\/wp\/v2\/media\/4636"}],"wp:attachment":[{"href":"https:\/\/jornalnossahistoria.com.br\/portal\/index.php\/wp-json\/wp\/v2\/media?parent=4635"}],"wp:term":[{"taxonomy":"category","embeddable":true,"href":"https:\/\/jornalnossahistoria.com.br\/portal\/index.php\/wp-json\/wp\/v2\/categories?post=4635"},{"taxonomy":"post_tag","embeddable":true,"href":"https:\/\/jornalnossahistoria.com.br\/portal\/index.php\/wp-json\/wp\/v2\/tags?post=4635"}],"curies":[{"name":"wp","href":"https:\/\/api.w.org\/{rel}","templated":true}]}}