{"id":4632,"date":"2025-07-14T12:15:49","date_gmt":"2025-07-14T15:15:49","guid":{"rendered":"https:\/\/jornalnossahistoria.com.br\/portal\/index.php\/2025\/07\/14\/fraude-em-camaras-de-12-cidades\/"},"modified":"2025-07-14T12:15:49","modified_gmt":"2025-07-14T15:15:49","slug":"fraude-em-camaras-de-12-cidades","status":"publish","type":"post","link":"https:\/\/jornalnossahistoria.com.br\/portal\/index.php\/2025\/07\/14\/fraude-em-camaras-de-12-cidades\/","title":{"rendered":"Fraude em C\u00e2maras de 12 cidades"},"content":{"rendered":"<p><span>Foto: Divulga\u00e7\u00e3o TRE MG<\/span><\/p>\n\n<p><strong><span>COLUNA MG<\/span><\/strong><\/p>\n<p><span>Principais destaques dos jornais e portais integrantes da rede Sindijori MG<\/span><\/p>\n<p><span><a href=\"http:\/\/www.sindijorimg.com.br\/\">www.sindijorimg.com.br<\/a><\/span><\/p>\n<p><span><\/span><\/p>\n<p><span>\u00a0<\/span><\/p>\n<p><strong><span>Fraude em C\u00e2maras de 12 cidades\u00a0<\/span><\/strong><\/p>\n<p><span>Den\u00fancias sobre a utiliza\u00e7\u00e3o de candidaturas fict\u00edcias para fraudar as cotas de g\u00eanero durante as elei\u00e7\u00f5es de 2024 abalam as C\u00e2maras Municipais de doze cidades mineiras. Senten\u00e7as proferidas por diferentes inst\u00e2ncias da Justi\u00e7a Eleitoral at\u00e9 a primeira semana deste m\u00eas j\u00e1 ordenaram a cassa\u00e7\u00e3o de ao menos 15 vereadores em oito munic\u00edpios. Em outras duas cidades h\u00e1 risco de mudan\u00e7a na composi\u00e7\u00e3o do Legislativo devido \u00e0 possibilidade de altera\u00e7\u00e3o dos c\u00e1lculos para distribui\u00e7\u00e3o de vagas nas Casas. As apura\u00e7\u00f5es acontecem nos munic\u00edpios de Varginha, Ipatinga, Carmo do Rio Claro, Paiva, Uberaba, Patos de Minas, Santos Drumont, Ijaci, Uba\u00ed, Lambari, Itajub\u00e1 e Tim\u00f3teo. (Jornal dos Vales)<\/span><\/p>\n<p><span><a href=\"https:\/\/www.jornaldosvales.com.br\/noticia\/56165\/fraude-eleitoral-abala-camaras-de-12-cidades-de-mg\">https:\/\/www.jornaldosvales.com.br\/noticia\/56165\/fraude-eleitoral-abala-camaras-de-12-cidades-de-mg<\/a><\/span><\/p>\n<p><span><\/span><\/p>\n\n<p><strong><span>Circuito Liberdade tem programa de f\u00e9rias<\/span><\/strong><\/p>\n<p><span>Os museus, espa\u00e7os culturais, educativos e criativos integrantes do Circuito Liberdade elaboraram programa\u00e7\u00e3o especial de f\u00e9rias para atender ao p\u00fablico que estar\u00e1 em Belo Horizonte durante o recesso. Para quem curte o per\u00edodo na cidade natal ou para aqueles que visitam a capital\u00a0 mineira, uma gama de atividades, entre gratuitas e pagas, envolve artisticamente o p\u00fablico de todas as idades. Do dias 14\/7 a 2\/8, a programa\u00e7\u00e3o percorre shows, espet\u00e1culos, oficinas, exposi\u00e7\u00f5es, visitas guiadas, lan\u00e7amentos liter\u00e1rios e ateli\u00eas, convidando ao \u00f3cio com qualidade \u2014 criativo e cultural. (Jornal MG Turismo \u2013 Belo Horizonte)<\/span><\/p>\n<p><span><a href=\"https:\/\/mgturismo.com.br\/programacao-para-toda-a-familia-nas-ferias-escolares-do-circuito-liberdade\/\">https:\/\/mgturismo.com.br\/programacao-para-toda-a-familia-nas-ferias-escolares-do-circuito-liberdade\/<\/a><\/span><\/p>\n<p><span><\/span><\/p>\n<p><strong><span>Latam volta operar em Uberaba<\/span><\/strong><\/p>\n<p><span>Uberaba deve voltar a ter conex\u00f5es diretas para o Aeroporto Internacional de Guarulhos, em S\u00e3o Paulo. A previs\u00e3o \u00e9 que a Latam ofere\u00e7a esses voos a partir do dia 5 de janeiro de 2026. A novidade foi anunciada oficialmente nessa sexta-feira (11) pela companhia. Segundo informa\u00e7\u00f5es, a nova rota ter\u00e1 tr\u00eas frequ\u00eancias semanais, ampliando a conectividade da cidade com o principal hub da empresa no pa\u00eds. A opera\u00e7\u00e3o ser\u00e1 feita com aeronaves Airbus A319, com capacidade para 140 passageiros. (Jornal da Manh\u00e3 \u2013 Uberaba)<\/span><\/p>\n<p><span><a href=\"https:\/\/jmonline.com.br\/politica\/latam-oferecera-voos-de-uberaba-para-guarulhos-a-partir-de-janeiro-1.522977\">https:\/\/jmonline.com.br\/politica\/latam-oferecera-voos-de-uberaba-para-guarulhos-a-partir-de-janeiro-1.522977<\/a><\/span><\/p>\n<p><span><\/span><\/p>\n\n<p><strong><span>Ara\u00e7uai debate cadeia do l\u00edtio<\/span><\/strong><\/p>\n<p><span>A cadeia do l\u00edtio no Vale do Jequitinhonha foi tema do painel que reuniu CEOs e executivos de empresas que atuam na regi\u00e3o durante a Confer\u00eancia do Lithium Business, realizada em Ara\u00e7ua\u00ed, em Minas Gerais. Mediado pelo idealizador do evento, Rossandro Ramos, o debate discutiu estrat\u00e9gias para o fortalecimento da cadeia produtiva, o desenvolvimento sustent\u00e1vel e os entraves \u00e0 verticaliza\u00e7\u00e3o da produ\u00e7\u00e3o no Brasil. As falas dos l\u00edderes empresariais refor\u00e7aram tanto o potencial competitivo do Brasil no cen\u00e1rio global quanto os desafios locais para transformar recursos minerais em desenvolvimento econ\u00f4mico duradouro para comunidades locais. (Gazeta de Ara\u00e7uai)<\/span><\/p>\n<p><span><a href=\"https:\/\/gazetadearacuai.com.br\/noticia\/1042\/brasil-aposta-responsabilidade-social-liderar-cadeia-global\">https:\/\/gazetadearacuai.com.br\/noticia\/1042\/brasil-aposta-responsabilidade-social-liderar-cadeia-global<\/a><\/span><\/p>\n<p><span><\/span><\/p>\n\n<p><strong><span>BR-381 segue com obras\u00a0<\/span><\/strong><\/p>\n<p><span>A Nova 381 Concession\u00e1ria de Rodovia segue com o cronograma de obras na BR-381 entre os dias 13 e 19 de julho, de Caet\u00e9 a Governador Valadares. Sempre das 7h \u00e0s 18h30, ser\u00e3o executados servi\u00e7os de pavimento r\u00edgido \u2013 demoli\u00e7\u00e3o e recomposi\u00e7\u00e3o de placas de Caet\u00e9 a Bar\u00e3o de Cocais, do km 422 ao 385, nos dois sentidos. Em Naque, ser\u00e1 realizado um microrrevestimento asf\u00e1ltico a frio, entre o km 201 e 205, em ambos os sentidos. (Portal Carlos Couto)<\/span><\/p>\n<p><span><a href=\"https:\/\/www.portalcarlossouto.com.br\/noticias\/regional\/br-381-segue-com-obras-em-trechos-de-caete-a-governador-valadares\/\">https:\/\/www.portalcarlossouto.com.br\/noticias\/regional\/br-381-segue-com-obras-em-trechos-de-caete-a-governador-valadares\/<\/a><\/span><\/p>\n<p><span><\/span><\/p>\n\n<p><strong><span>Cavernas do Perea\u00e7u reconhecidas<\/span><\/strong><\/p>\n<p><span>O Parque Nacional Cavernas do Perua\u00e7u, localizado no munic\u00edpio de C\u00f4nego Marinho, no norte do estado de Minas Gerais, foi reconhecido como Patrim\u00f4nio Mundial Natural pela Organiza\u00e7\u00e3o das Na\u00e7\u00f5es Unidas para a Educa\u00e7\u00e3o, a Ci\u00eancia e a Cultura (Unesco). A decis\u00e3o foi anunciada no domingo (13), durante sess\u00e3o do Comit\u00ea do Patrim\u00f4nio Mundial, realizada em Paris. (Estrada Nacional)<\/span><\/p>\n<p><span><a href=\"https:\/\/www.estradanacional.info\/post\/parque-cavernas-do-perua%C3%A7u-%C3%A9-reconhecido-como-patrim%C3%B4nio-da-unesco\">https:\/\/www.estradanacional.info\/post\/parque-cavernas-do-perua%C3%A7u-%C3%A9-reconhecido-como-patrim%C3%B4nio-da-unesco<\/a><\/span><\/p>\n<p><span><\/span><\/p>\n\n<p><strong><span>Sete Lagoas prepara a Fenex 2025<\/span><\/strong><\/p>\n<p><span>Dentro de exatamente um m\u00eas, o mundo dos neg\u00f3cios de grande parte de Minas Gerais estar\u00e1 com os olhos voltados para Sete Lagoas, com a realiza\u00e7\u00e3o da quarta edi\u00e7\u00e3o da Feira de Neg\u00f3cios Fenex (antes Feconex), de 13 a 16 de agosto. Com grande crescimento em quantidade de expositores e p\u00fablico, nova marca e tamb\u00e9m novo local de realiza\u00e7\u00f5es, agora no Parque de Exposi\u00e7\u00f5es JK, em sintonia com o Sindicato Rural de Sete Lagoas. (Jornal Sete Dias \u2013 Sete Lagoas)<\/span><\/p>\n<p><span><a href=\"https:\/\/www.setedias.com.br\/\">https:\/\/www.setedias.com.br\/<\/a><\/span><\/p>\n<p><span><\/span><\/p>","protected":false},"excerpt":{"rendered":"<p>Foto: Divulga\u00e7\u00e3o TRE MG COLUNA MG Principais destaques dos jornais e portais integrantes da rede Sindijori MG www.sindijorimg.com.br \u00a0 Fraude em C\u00e2maras de 12 cidades\u00a0 Den\u00fancias<span class=\"excerpt-hellip\"> [\u2026]<\/span><\/p>\n","protected":false},"author":1,"featured_media":4633,"comment_status":"","ping_status":"open","sticky":false,"template":"","format":"standard","meta":{"_monsterinsights_skip_tracking":false,"_monsterinsights_sitenote_active":false,"_monsterinsights_sitenote_note":"","_monsterinsights_sitenote_category":0,"footnotes":"","jetpack_publicize_message":"","jetpack_publicize_feature_enabled":true,"jetpack_social_post_already_shared":true,"jetpack_social_options":{"image_generator_settings":{"template":"highway","default_image_id":0,"font":"","enabled":false},"version":2}},"categories":[50],"tags":[],"class_list":["post-4632","post","type-post","status-publish","format-standard","has-post-thumbnail","hentry","category-coluna_mg"],"aioseo_notices":[],"jetpack_publicize_connections":[],"_links":{"self":[{"href":"https:\/\/jornalnossahistoria.com.br\/portal\/index.php\/wp-json\/wp\/v2\/posts\/4632","targetHints":{"allow":["GET"]}}],"collection":[{"href":"https:\/\/jornalnossahistoria.com.br\/portal\/index.php\/wp-json\/wp\/v2\/posts"}],"about":[{"href":"https:\/\/jornalnossahistoria.com.br\/portal\/index.php\/wp-json\/wp\/v2\/types\/post"}],"author":[{"embeddable":true,"href":"https:\/\/jornalnossahistoria.com.br\/portal\/index.php\/wp-json\/wp\/v2\/users\/1"}],"replies":[{"embeddable":true,"href":"https:\/\/jornalnossahistoria.com.br\/portal\/index.php\/wp-json\/wp\/v2\/comments?post=4632"}],"version-history":[{"count":0,"href":"https:\/\/jornalnossahistoria.com.br\/portal\/index.php\/wp-json\/wp\/v2\/posts\/4632\/revisions"}],"wp:featuredmedia":[{"embeddable":true,"href":"https:\/\/jornalnossahistoria.com.br\/portal\/index.php\/wp-json\/wp\/v2\/media\/4633"}],"wp:attachment":[{"href":"https:\/\/jornalnossahistoria.com.br\/portal\/index.php\/wp-json\/wp\/v2\/media?parent=4632"}],"wp:term":[{"taxonomy":"category","embeddable":true,"href":"https:\/\/jornalnossahistoria.com.br\/portal\/index.php\/wp-json\/wp\/v2\/categories?post=4632"},{"taxonomy":"post_tag","embeddable":true,"href":"https:\/\/jornalnossahistoria.com.br\/portal\/index.php\/wp-json\/wp\/v2\/tags?post=4632"}],"curies":[{"name":"wp","href":"https:\/\/api.w.org\/{rel}","templated":true}]}}