{"id":4630,"date":"2025-07-12T10:37:43","date_gmt":"2025-07-12T13:37:43","guid":{"rendered":"https:\/\/jornalnossahistoria.com.br\/portal\/index.php\/2025\/07\/12\/araxa-e-codemge-fazem-acordo\/"},"modified":"2025-07-12T10:37:43","modified_gmt":"2025-07-12T13:37:43","slug":"araxa-e-codemge-fazem-acordo","status":"publish","type":"post","link":"https:\/\/jornalnossahistoria.com.br\/portal\/index.php\/2025\/07\/12\/araxa-e-codemge-fazem-acordo\/","title":{"rendered":"Arax\u00e1 e Codemge fazem acordo"},"content":{"rendered":"<p><span>Foto: Divulga\u00e7\u00e3o PMA<\/span><\/p>\n\n<p><strong><span>COLUNA MG<\/span><\/strong><\/p>\n<p><span>Principais destaques dos jornais e portais integrantes da rede Sindijori MG<\/span><\/p>\n<p><span><a href=\"http:\/\/www.sindijorimg.com.br\/\">www.sindijorimg.com.br<\/a><\/span><\/p>\n<p><span><\/span><\/p>\n<p><span>\u00a0<\/span><\/p>\n<p><strong><span>Arax\u00e1 e Codemge fazem acordo<\/span><\/strong><\/p>\n<p><span>A Prefeitura de Arax\u00e1 e a Codemge avan\u00e7aram no plano de revitaliza\u00e7\u00e3o do Complexo do Barreiro, com a proposta de transferir sua gest\u00e3o ao munic\u00edpio. O projeto inclui novo estacionamento, melhorias na Vila do Artesanato e cria\u00e7\u00e3o de uma pra\u00e7a de alimenta\u00e7\u00e3o. A parceria prev\u00ea apoio t\u00e9cnico e financeiro da Codemge, e o objetivo \u00e9 transformar o espa\u00e7o em um centro moderno de conviv\u00eancia e eventos, valorizando o patrim\u00f4nio local e o turismo. (Clarim.Net \u2013 Arax\u00e1)<\/span><\/p>\n<p><span><a href=\"https:\/\/clarim.net.br\/araxa-e-codemge-avancam-em-planos-para-revitalizar-o-complexo-do-barreiro\/\">https:\/\/clarim.net.br\/araxa-e-codemge-avancam-em-planos-para-revitalizar-o-complexo-do-barreiro\/<\/a><\/span><\/p>\n<p><span><\/span><\/p>\n\n<p><strong><span>Lan\u00e7ado o Conecta Sabar\u00e1<\/span><\/strong><\/p>\n<p><span>O Conecta Sabar\u00e1 \u00e9 um movimento colaborativo criado por empres\u00e1rios locais com o objetivo de impulsionar o desenvolvimento da cidade por meio da uni\u00e3o, fortalecimento de parcerias e valoriza\u00e7\u00e3o da cultura e das tradi\u00e7\u00f5es sabarenses. Com foco em inova\u00e7\u00e3o, empreendedorismo e gera\u00e7\u00e3o de oportunidades, o projeto convida todos os empres\u00e1rios para uma reuni\u00e3o especial no dia 15 de julho, no audit\u00f3rio da Faculdade de Sabar\u00e1, refor\u00e7ando o compromisso coletivo de construir uma cidade mais forte e conectada. (Folha de Sabar\u00e1)<\/span><\/p>\n<p><span><a href=\"https:\/\/folhadesabara.com.br\/noticia\/47555\/chegou-o-conecta-sabara-um-movimento-de-transformacao-m-empresario-junte-se-a-nos\">https:\/\/folhadesabara.com.br\/noticia\/47555\/chegou-o-conecta-sabara-um-movimento-de-transformacao-m-empresario-junte-se-a-nos<\/a><\/span><\/p>\n<p><span><\/span><\/p>\n\n<p><strong><span>Mariana ganha pontos de carregamento<\/span><\/strong><\/p>\n<p><span>O prefeito de Mariana, Juliano Duarte, anunciou na \u00faltima sexta-feira (4) que o munic\u00edpio agora contar\u00e1 com tr\u00eas pontos de carregamento para ve\u00edculos el\u00e9tricos. O carregamento ser\u00e1 gratuito e visa trazer mais tecnologia e sustentabilidade para a cidade. Os carregadores ainda ser\u00e3o instalados e o prefeito pediu indica\u00e7\u00f5es \u00e0 popula\u00e7\u00e3o sobre quais os melhores pontos para a instala\u00e7\u00e3o: \u201cA gente vai definir os pontos e, muito em breve, Mariana ter\u00e1 tr\u00eas pontos para carregar ve\u00edculos no nosso munic\u00edpio\u201d. (O Liberal \u2013 Ouro Preto)<\/span><\/p>\n<p><span><a href=\"https:\/\/oliberalinconfidentes.com.br\/mariana\/mariana-tera-tres-estacoes-de-carregadores-para-carros-eletricos\/\">https:\/\/oliberalinconfidentes.com.br\/mariana\/mariana-tera-tres-estacoes-de-carregadores-para-carros-eletricos\/<\/a><\/span><\/p>\n<p><span><\/span><\/p>\n\n<p><strong><span>Pontes mobilizam tr\u00eas munic\u00edpios<\/span><\/strong><\/p>\n<p><span>As pontes Engenheiro R\u00e9gis Bittencourt e Engenheiro Armando Godoy, localizadas na BR-393 e respons\u00e1veis por interligar os estados de Minas Gerais e Rio de Janeiro, t\u00eam sido alvo de reivindica\u00e7\u00f5es por parte de lideran\u00e7as municipais e da popula\u00e7\u00e3o local. Ambas as estruturas desempenham um papel fundamental na mobilidade entre os munic\u00edpios de Al\u00e9m Para\u00edba (MG), Carmo (RJ) e Sapucaia (RJ), sendo rotas di\u00e1rias de centenas de pedestres, ciclistas e motoristas.\u00a0 (Agora Jornais \u2013 Al\u00e9m Para\u00edba)<\/span><\/p>\n<p><span><a href=\"https:\/\/www.agorajornais.com.br\/noticia\/5376\/pontes-na-divisa-entre-rj-e-mg-sao-alvo-de-mobilizacao-por-melhorias-e-seguranca\">https:\/\/www.agorajornais.com.br\/noticia\/5376\/pontes-na-divisa-entre-rj-e-mg-sao-alvo-de-mobilizacao-por-melhorias-e-seguranca<\/a><\/span><\/p>\n<p><span><\/span><\/p>\n\n<p><strong><span>Bas\u00edlica divulga cronograma de Festa\u00a0<\/span><\/strong><\/p>\n<p><span>A cidade de Romaria celebra, de 15 de julho a 15 de agosto de 2025, os 155 anos da tradicional Festa de Nossa Senhora da Abadia, com o tema \u201cMaria, peregrina da Esperan\u00e7a\u201d. A programa\u00e7\u00e3o re\u00fane missas di\u00e1rias, prociss\u00f5es, romarias tem\u00e1ticas, momentos de ora\u00e7\u00e3o, apresenta\u00e7\u00f5es culturais e atividades especiais como o leil\u00e3o de animais e o show de pr\u00eamios. Destaque para a Novena Solene, iniciada em 6 de agosto, com b\u00ean\u00e7\u00e3os espec\u00edficas e celebra\u00e7\u00f5es emocionantes, culminando no dia 15 com a Missa Solene, a prociss\u00e3o luminosa, a coroa\u00e7\u00e3o da imagem milagrosa e a encena\u00e7\u00e3o da Assun\u00e7\u00e3o de Maria, encerrando uma das maiores manifesta\u00e7\u00f5es de f\u00e9 do estado. (Gazeta do Tri\u00e2ngulo \u2013 Araguari)<\/span><\/p>\n<p><span><a href=\"https:\/\/gazetadotriangulo.com.br\/santuario-basilica-divulga-cronograma-da-festa-de-nossa-senhora-da-abadia-2025\/\">https:\/\/gazetadotriangulo.com.br\/santuario-basilica-divulga-cronograma-da-festa-de-nossa-senhora-da-abadia-2025\/<\/a><\/span><\/p>\n<p><span><\/span><\/p>\n\n<p><strong><span>Vale do A\u00e7o no Mais M\u00e9dicos<\/span><\/strong><\/p>\n<p><span>O Vale do A\u00e7o ir\u00e1 receber o refor\u00e7o de quatro profissionais do Programa Mais M\u00e9dicos, iniciativa do governo federal que tem como foco ampliar a cobertura da aten\u00e7\u00e3o prim\u00e1ria em regi\u00f5es de maior vulnerabilidade social. Ser\u00e3o dois m\u00e9dicos direcionados para Coronel Fabriciano, um para Bom Jesus do Galho e um para S\u00e3o Jos\u00e9 do Goiabal &#8211; esses dois \u00faltimos munic\u00edpios pertencentes ao Colar Metropolitano do Vale do A\u00e7o -, conforme informa\u00e7\u00f5es repassadas pelo Minist\u00e9rio da Sa\u00fade (MS). (Di\u00e1rio do A\u00e7o \u2013 Ipatinga)<\/span><\/p>\n<p><span><a href=\"https:\/\/www.diariodoaco.com.br\/noticia\/0125925-regiao-recebe-mais-quatro-profissionais-do-programa-mais-medicos\">https:\/\/www.diariodoaco.com.br\/noticia\/0125925-regiao-recebe-mais-quatro-profissionais-do-programa-mais-medicos<\/a><\/span><\/p>\n<p><span><\/span><\/p>\n\n<p><strong><span>Tim\u00f3teo ter\u00e1 Seguran\u00e7a Alimentar<\/span><\/strong><\/p>\n<p><span>As comiss\u00f5es da C\u00e2mara Municipal aprovaram o Projeto de Lei 4.678, que\u00a0 estabelece a Pol\u00edtica Municipal de Seguran\u00e7a Alimentar e Nutricional e organiza o Sistema Nacional de Seguran\u00e7a Alimentar e Nutricional em Tim\u00f3teo, de autoria do Executivo Municipal. A proposta prev\u00ea a\u00e7\u00f5es estruturantes de combate \u00e0 inseguran\u00e7a alimentar, a partir do fortalecimento da Rede Municipal de Seguran\u00e7a Alimentar e Nutricional; da articula\u00e7\u00e3o com a agricultura familiar e com o com\u00e9rcio local de alimentos; e da promo\u00e7\u00e3o da educa\u00e7\u00e3o alimentar e nutricional junto \u00e0 popula\u00e7\u00e3o. (Jornal da Cidade)<\/span><\/p>\n<p><span><a href=\"https:\/\/jornaldacidadevalesdeminas.com\/leste-de-minas\/comissoes-da-camara-de-timoteo-aprovam-implementacao-da-politica-municipal-de-seguranca-alimentar-e-nutricional\/\">https:\/\/jornaldacidadevalesdeminas.com\/leste-de-minas\/comissoes-da-camara-de-timoteo-aprovam-implementacao-da-politica-municipal-de-seguranca-alimentar-e-nutricional\/<\/a><\/span><\/p>\n<p><span><\/span><\/p>","protected":false},"excerpt":{"rendered":"<p>Foto: Divulga\u00e7\u00e3o PMA COLUNA MG Principais destaques dos jornais e portais integrantes da rede Sindijori MG www.sindijorimg.com.br \u00a0 Arax\u00e1 e Codemge fazem acordo A Prefeitura de<span class=\"excerpt-hellip\"> [\u2026]<\/span><\/p>\n","protected":false},"author":1,"featured_media":4631,"comment_status":"","ping_status":"open","sticky":false,"template":"","format":"standard","meta":{"_monsterinsights_skip_tracking":false,"_monsterinsights_sitenote_active":false,"_monsterinsights_sitenote_note":"","_monsterinsights_sitenote_category":0,"footnotes":"","jetpack_publicize_message":"","jetpack_publicize_feature_enabled":true,"jetpack_social_post_already_shared":true,"jetpack_social_options":{"image_generator_settings":{"template":"highway","default_image_id":0,"font":"","enabled":false},"version":2}},"categories":[50],"tags":[],"class_list":["post-4630","post","type-post","status-publish","format-standard","has-post-thumbnail","hentry","category-coluna_mg"],"aioseo_notices":[],"jetpack_publicize_connections":[],"_links":{"self":[{"href":"https:\/\/jornalnossahistoria.com.br\/portal\/index.php\/wp-json\/wp\/v2\/posts\/4630","targetHints":{"allow":["GET"]}}],"collection":[{"href":"https:\/\/jornalnossahistoria.com.br\/portal\/index.php\/wp-json\/wp\/v2\/posts"}],"about":[{"href":"https:\/\/jornalnossahistoria.com.br\/portal\/index.php\/wp-json\/wp\/v2\/types\/post"}],"author":[{"embeddable":true,"href":"https:\/\/jornalnossahistoria.com.br\/portal\/index.php\/wp-json\/wp\/v2\/users\/1"}],"replies":[{"embeddable":true,"href":"https:\/\/jornalnossahistoria.com.br\/portal\/index.php\/wp-json\/wp\/v2\/comments?post=4630"}],"version-history":[{"count":0,"href":"https:\/\/jornalnossahistoria.com.br\/portal\/index.php\/wp-json\/wp\/v2\/posts\/4630\/revisions"}],"wp:featuredmedia":[{"embeddable":true,"href":"https:\/\/jornalnossahistoria.com.br\/portal\/index.php\/wp-json\/wp\/v2\/media\/4631"}],"wp:attachment":[{"href":"https:\/\/jornalnossahistoria.com.br\/portal\/index.php\/wp-json\/wp\/v2\/media?parent=4630"}],"wp:term":[{"taxonomy":"category","embeddable":true,"href":"https:\/\/jornalnossahistoria.com.br\/portal\/index.php\/wp-json\/wp\/v2\/categories?post=4630"},{"taxonomy":"post_tag","embeddable":true,"href":"https:\/\/jornalnossahistoria.com.br\/portal\/index.php\/wp-json\/wp\/v2\/tags?post=4630"}],"curies":[{"name":"wp","href":"https:\/\/api.w.org\/{rel}","templated":true}]}}