{"id":4628,"date":"2025-07-12T11:38:30","date_gmt":"2025-07-12T14:38:30","guid":{"rendered":"https:\/\/jornalnossahistoria.com.br\/portal\/index.php\/2025\/07\/12\/brasil-aposta-na-responsabilidade-social-para-liderar-a-cadeia-global-do-litio\/"},"modified":"2025-07-12T11:38:30","modified_gmt":"2025-07-12T14:38:30","slug":"brasil-aposta-na-responsabilidade-social-para-liderar-a-cadeia-global-do-litio","status":"publish","type":"post","link":"https:\/\/jornalnossahistoria.com.br\/portal\/index.php\/2025\/07\/12\/brasil-aposta-na-responsabilidade-social-para-liderar-a-cadeia-global-do-litio\/","title":{"rendered":"Brasil aposta na responsabilidade social para liderar a cadeia global do l\u00edtio"},"content":{"rendered":"<h3 data-start=\"263\" data-end=\"349\"><strong data-start=\"351\" data-end=\"526\">Lithium Business destaca oportunidades e desafios da cadeia do l\u00edtio no Vale do Jequitinhonha, com foco em verticaliza\u00e7\u00e3o, desenvolvimento local e responsabilidade social.<\/strong><\/h3>\n<p data-start=\"528\" data-end=\"946\">A cadeia do l\u00edtio no Vale do Jequitinhonha foi tema de um painel que reuniu CEOs e executivos de empresas atuantes na regi\u00e3o durante a <strong data-start=\"663\" data-end=\"695\">Confer\u00eancia Lithium Business<\/strong>, realizada em <strong data-start=\"710\" data-end=\"726\">Ara\u00e7ua\u00ed (MG)<\/strong>. Mediado pelo idealizador do evento, <strong data-start=\"764\" data-end=\"783\">Rossandro Ramos<\/strong>, o debate trouxe \u00e0 tona estrat\u00e9gias para o fortalecimento da cadeia produtiva, o desenvolvimento sustent\u00e1vel e os entraves \u00e0 verticaliza\u00e7\u00e3o da produ\u00e7\u00e3o no Brasil.<\/p>\n<p data-start=\"948\" data-end=\"1189\">As falas dos l\u00edderes empresariais refor\u00e7aram tanto o <strong data-start=\"1001\" data-end=\"1054\">potencial competitivo do Brasil no cen\u00e1rio global<\/strong> quanto os <strong data-start=\"1065\" data-end=\"1084\">desafios locais<\/strong> para transformar recursos minerais em desenvolvimento econ\u00f4mico duradouro para as comunidades da regi\u00e3o.<\/p>\n<hr data-start=\"1191\" data-end=\"1194\" \/>\n<h3 data-start=\"1196\" data-end=\"1253\"><strong data-start=\"1200\" data-end=\"1253\">Cen\u00e1rio desafiador e compromisso com o territ\u00f3rio<\/strong><\/h3>\n<p data-start=\"1255\" data-end=\"1464\">Representando a CEO da <strong data-start=\"1278\" data-end=\"1295\">Sigma Lithium<\/strong>, a <strong data-start=\"1299\" data-end=\"1358\">vice-presidente de Rela\u00e7\u00f5es Institucionais, L\u00edgia Pinto<\/strong>, avaliou o momento de instabilidade do mercado e os impactos dos pre\u00e7os do l\u00edtio nas empresas da regi\u00e3o.<\/p>\n<blockquote data-start=\"1466\" data-end=\"1560\">\n<p data-start=\"1468\" data-end=\"1560\">\u201cCerca de 40% das empresas de l\u00edtio est\u00e3o operando no <em data-start=\"1522\" data-end=\"1534\">break even<\/em> ou abaixo dele\u201d, afirmou.<\/p>\n<\/blockquote>\n<p data-start=\"1562\" data-end=\"1755\">Apesar do cen\u00e1rio desafiador, ela refor\u00e7ou o <strong data-start=\"1607\" data-end=\"1648\">compromisso da Sigma com o territ\u00f3rio<\/strong>, destacando os investimentos cont\u00ednuos tanto na <strong data-start=\"1697\" data-end=\"1722\">amplia\u00e7\u00e3o da opera\u00e7\u00e3o<\/strong> quanto em <strong data-start=\"1733\" data-end=\"1754\">programas sociais<\/strong>.<\/p>\n<p data-start=\"1757\" data-end=\"1879\">Entre os projetos mencionados, est\u00e1 o <strong data-start=\"1795\" data-end=\"1811\">Donas de Mim<\/strong>, que tem transformado a vida de mulheres no Vale do Jequitinhonha.<\/p>\n<blockquote data-start=\"1881\" data-end=\"2101\">\n<p data-start=\"1883\" data-end=\"2101\">\u201cO empreendedorismo da regi\u00e3o vai florescer, principalmente o feminino. Acreditamos nesse programa, mesmo com diferentes voca\u00e7\u00f5es e graus de maturidade. O empreendedorismo \u00e9 chave para o desenvolvimento do territ\u00f3rio.\u201d<\/p>\n<\/blockquote>\n<hr data-start=\"2103\" data-end=\"2106\" \/>\n<h3 data-start=\"2108\" data-end=\"2169\"><strong data-start=\"2112\" data-end=\"2169\">Estrat\u00e9gia, impacto social e fortalecimento da cadeia<\/strong><\/h3>\n<p data-start=\"2171\" data-end=\"2470\"><strong data-start=\"2171\" data-end=\"2188\">Fabiano Costa<\/strong>, da <strong data-start=\"2193\" data-end=\"2207\">AMG Brasil<\/strong>, refor\u00e7ou a import\u00e2ncia de equilibrar os <strong data-start=\"2249\" data-end=\"2312\">objetivos financeiros com metas estrat\u00e9gicas de longo prazo<\/strong>. Segundo ele, a empresa decidiu revisar sua planta de engenharia para <strong data-start=\"2383\" data-end=\"2415\">expandir a atua\u00e7\u00e3o na cadeia<\/strong>, com foco na produ\u00e7\u00e3o de compostos t\u00e9cnicos no Brasil.<\/p>\n<p data-start=\"2472\" data-end=\"2619\">Costa tamb\u00e9m <strong data-start=\"2485\" data-end=\"2531\">rejeitou a viabilidade do sulfato de l\u00edtio<\/strong>, classificando-o como ineficiente tanto do ponto de vista ambiental quanto estrat\u00e9gico.<\/p>\n<p data-start=\"2621\" data-end=\"2831\"><strong data-start=\"2621\" data-end=\"2638\">Leandro Gobbo<\/strong>, CEO da <strong data-start=\"2647\" data-end=\"2654\">PLS<\/strong>, trouxe uma abordagem centrada no <strong data-start=\"2689\" data-end=\"2723\">impacto social das mineradoras<\/strong>. Ele relatou a\u00e7\u00f5es realizadas pela empresa em <strong data-start=\"2770\" data-end=\"2781\">Salinas<\/strong>, com foco em <strong data-start=\"2795\" data-end=\"2830\">capacitar empreendedores locais<\/strong>:<\/p>\n<blockquote data-start=\"2833\" data-end=\"2944\">\n<p data-start=\"2835\" data-end=\"2944\">\u201cN\u00e3o queremos empresas dependentes da PLS. Queremos fornecedores locais capazes de atender qualquer cliente.\u201d<\/p>\n<\/blockquote>\n<p data-start=\"2946\" data-end=\"3174\">A companhia tem investido em <strong data-start=\"2975\" data-end=\"2991\">treinamentos<\/strong>, parcerias com o <strong data-start=\"3009\" data-end=\"3022\">Sistema S<\/strong> e <strong data-start=\"3025\" data-end=\"3059\">pol\u00edticas de contrata\u00e7\u00e3o local<\/strong>. Gobbo acredita que esse modelo \u00e9 capaz de gerar <strong data-start=\"3109\" data-end=\"3131\">legado sustent\u00e1vel<\/strong>, mesmo ap\u00f3s o fim da atividade mineradora.<\/p>\n<hr data-start=\"3176\" data-end=\"3179\" \/>\n<h3 data-start=\"3181\" data-end=\"3225\"><strong data-start=\"3185\" data-end=\"3225\">Verticaliza\u00e7\u00e3o e vis\u00e3o internacional<\/strong><\/h3>\n<p data-start=\"3227\" data-end=\"3309\"><strong data-start=\"3227\" data-end=\"3249\">Vin\u00edcius Alvarenga<\/strong>, diretor da <strong data-start=\"3262\" data-end=\"3295\">Companhia Brasileira de L\u00edtio<\/strong>, foi direto:<\/p>\n<blockquote data-start=\"3311\" data-end=\"3455\">\n<p data-start=\"3313\" data-end=\"3455\">\u201cNenhum pa\u00eds avan\u00e7ou na verticaliza\u00e7\u00e3o da cadeia do l\u00edtio sem apoio estatal robusto. No Brasil, ainda n\u00e3o temos nada relevante nesse sentido.\u201d<\/p>\n<\/blockquote>\n<p data-start=\"3457\" data-end=\"3687\">Segundo ele, <strong data-start=\"3470\" data-end=\"3555\">estimular a demanda por ve\u00edculos el\u00e9tricos e sistemas de armazenamento de energia<\/strong> \u00e9 essencial para atrair a cadeia produtiva completa. Alvarenga tamb\u00e9m defendeu uma vis\u00e3o mais positiva sobre a minera\u00e7\u00e3o na regi\u00e3o:<\/p>\n<blockquote data-start=\"3689\" data-end=\"3816\">\n<p data-start=\"3691\" data-end=\"3816\">\u201cFoi a minera\u00e7\u00e3o que gerou essa nova condi\u00e7\u00e3o aqui\u201d, afirmou, referindo-se aos avan\u00e7os em infraestrutura e servi\u00e7os p\u00fablicos.<\/p>\n<\/blockquote>\n<p data-start=\"3818\" data-end=\"3898\"><strong data-start=\"3818\" data-end=\"3835\">Blake Hylands<\/strong>, CEO da <strong data-start=\"3844\" data-end=\"3861\">Lithium Ionic<\/strong>, trouxe a perspectiva internacional:<\/p>\n<blockquote data-start=\"3900\" data-end=\"3954\">\n<p data-start=\"3902\" data-end=\"3954\">\u201cO Brasil tem algumas das melhores rochas do mundo.\u201d<\/p>\n<\/blockquote>\n<p data-start=\"3956\" data-end=\"4260\">Ele tamb\u00e9m destacou <strong data-start=\"3976\" data-end=\"4027\">infraestrutura e for\u00e7a de trabalho qualificadas<\/strong> como diferenciais, mas alertou para a necessidade de <strong data-start=\"4081\" data-end=\"4120\">estabilidade jur\u00eddica e regulat\u00f3ria<\/strong> para atrair mais investidores. Segundo Hylands, o Brasil tem tudo para <strong data-start=\"4192\" data-end=\"4259\">assumir uma posi\u00e7\u00e3o de lideran\u00e7a global na transi\u00e7\u00e3o energ\u00e9tica<\/strong>.<\/p>\n<hr data-start=\"4262\" data-end=\"4265\" \/>\n<h3 data-start=\"4267\" data-end=\"4325\"><strong data-start=\"4271\" data-end=\"4325\">Alinhamento entre empresas, governos e comunidades<\/strong><\/h3>\n<p data-start=\"4327\" data-end=\"4558\">Ao final do painel, <strong data-start=\"4347\" data-end=\"4366\">Rossandro Ramos<\/strong> refor\u00e7ou que o <strong data-start=\"4382\" data-end=\"4466\">desenvolvimento sustent\u00e1vel da cadeia do l\u00edtio exige planejamento de longo prazo<\/strong>, <strong data-start=\"4468\" data-end=\"4499\">pol\u00edticas p\u00fablicas eficazes<\/strong> e <strong data-start=\"4502\" data-end=\"4557\">participa\u00e7\u00e3o ativa de lideran\u00e7as locais e nacionais<\/strong>.<\/p>\n<p data-start=\"4560\" data-end=\"4802\">O debate evidenciou um consenso: <strong data-start=\"4593\" data-end=\"4689\">o Brasil re\u00fane condi\u00e7\u00f5es geol\u00f3gicas, econ\u00f4micas e humanas para liderar a nova economia verde<\/strong>, desde que os esfor\u00e7os estejam integrados e direcionados para o <strong data-start=\"4754\" data-end=\"4801\">desenvolvimento com responsabilidade social<\/strong>.<\/p>","protected":false},"excerpt":{"rendered":"<p>Lithium Business destaca oportunidades e desafios da cadeia do l\u00edtio no Vale do Jequitinhonha, com foco em verticaliza\u00e7\u00e3o, desenvolvimento local e responsabilidade social. A cadeia do<span class=\"excerpt-hellip\"> [\u2026]<\/span><\/p>\n","protected":false},"author":1,"featured_media":4629,"comment_status":"","ping_status":"open","sticky":false,"template":"","format":"standard","meta":{"_monsterinsights_skip_tracking":false,"_monsterinsights_sitenote_active":false,"_monsterinsights_sitenote_note":"","_monsterinsights_sitenote_category":0,"footnotes":"","jetpack_publicize_message":"","jetpack_publicize_feature_enabled":true,"jetpack_social_post_already_shared":true,"jetpack_social_options":{"image_generator_settings":{"template":"highway","default_image_id":0,"font":"","enabled":false},"version":2}},"categories":[51],"tags":[],"class_list":["post-4628","post","type-post","status-publish","format-standard","has-post-thumbnail","hentry","category-sindijori_mg"],"aioseo_notices":[],"jetpack_publicize_connections":[],"_links":{"self":[{"href":"https:\/\/jornalnossahistoria.com.br\/portal\/index.php\/wp-json\/wp\/v2\/posts\/4628","targetHints":{"allow":["GET"]}}],"collection":[{"href":"https:\/\/jornalnossahistoria.com.br\/portal\/index.php\/wp-json\/wp\/v2\/posts"}],"about":[{"href":"https:\/\/jornalnossahistoria.com.br\/portal\/index.php\/wp-json\/wp\/v2\/types\/post"}],"author":[{"embeddable":true,"href":"https:\/\/jornalnossahistoria.com.br\/portal\/index.php\/wp-json\/wp\/v2\/users\/1"}],"replies":[{"embeddable":true,"href":"https:\/\/jornalnossahistoria.com.br\/portal\/index.php\/wp-json\/wp\/v2\/comments?post=4628"}],"version-history":[{"count":0,"href":"https:\/\/jornalnossahistoria.com.br\/portal\/index.php\/wp-json\/wp\/v2\/posts\/4628\/revisions"}],"wp:featuredmedia":[{"embeddable":true,"href":"https:\/\/jornalnossahistoria.com.br\/portal\/index.php\/wp-json\/wp\/v2\/media\/4629"}],"wp:attachment":[{"href":"https:\/\/jornalnossahistoria.com.br\/portal\/index.php\/wp-json\/wp\/v2\/media?parent=4628"}],"wp:term":[{"taxonomy":"category","embeddable":true,"href":"https:\/\/jornalnossahistoria.com.br\/portal\/index.php\/wp-json\/wp\/v2\/categories?post=4628"},{"taxonomy":"post_tag","embeddable":true,"href":"https:\/\/jornalnossahistoria.com.br\/portal\/index.php\/wp-json\/wp\/v2\/tags?post=4628"}],"curies":[{"name":"wp","href":"https:\/\/api.w.org\/{rel}","templated":true}]}}