{"id":4626,"date":"2025-07-11T16:06:11","date_gmt":"2025-07-11T19:06:11","guid":{"rendered":"https:\/\/jornalnossahistoria.com.br\/portal\/index.php\/2025\/07\/11\/donas-de-mim-leva-protagonismo-feminino-e-artesanato-ao-lithium-business\/"},"modified":"2025-07-11T16:06:11","modified_gmt":"2025-07-11T19:06:11","slug":"donas-de-mim-leva-protagonismo-feminino-e-artesanato-ao-lithium-business","status":"publish","type":"post","link":"https:\/\/jornalnossahistoria.com.br\/portal\/index.php\/2025\/07\/11\/donas-de-mim-leva-protagonismo-feminino-e-artesanato-ao-lithium-business\/","title":{"rendered":"Donas de Mim leva protagonismo feminino e artesanato ao Lithium Business"},"content":{"rendered":"<p data-start=\"350\" data-end=\"589\"><strong data-start=\"350\" data-end=\"589\">Empreendedoras do Vale do Jequitinhonha que passaram pelo programa de microcr\u00e9dito expuseram produtos e trocaram experi\u00eancias no evento, provando que parcerias, determina\u00e7\u00e3o e criatividade podem mudar a hist\u00f3ria das mulheres da regi\u00e3o.<\/strong><\/p>\n<p data-start=\"591\" data-end=\"679\"><strong data-start=\"591\" data-end=\"679\">Lislene conseguiu pagar a faculdade da filha com artesanato ap\u00f3s virar empreendedora<\/strong><\/p>\n<p data-start=\"681\" data-end=\"1184\">Entre estandes coloridos montados no p\u00e1tio do <strong data-start=\"727\" data-end=\"747\">Lithium Business<\/strong>, em <strong data-start=\"752\" data-end=\"763\">Ara\u00e7ua\u00ed<\/strong>, evento que reuniu investidores e especialistas da cadeia do l\u00edtio, um deles chamou aten\u00e7\u00e3o dos participantes: pe\u00e7as de artesanato, bolsas de tric\u00f4, geleias e doces carregados de hist\u00f3ria e resist\u00eancia. Mulheres que n\u00e3o apenas expunham seus produtos, mas exibiam <strong data-start=\"1027\" data-end=\"1064\">sonhos transformados em realidade<\/strong>. Cada troca de olhar e pergunta dos visitantes refor\u00e7ava o mantra coletivo:<br data-start=\"1140\" data-end=\"1143\" \/><strong data-start=\"1143\" data-end=\"1184\">\u201cAqui, somos donas do nosso destino.\u201d<\/strong><\/p>\n<p data-start=\"1186\" data-end=\"1431\">O espa\u00e7o tamb\u00e9m sediou <strong data-start=\"1209\" data-end=\"1259\">rodas de conversa sobre empoderamento feminino<\/strong>, com hist\u00f3rias inspiradoras como as de <strong data-start=\"1299\" data-end=\"1323\">Lislene Cardoso (59)<\/strong> e <strong data-start=\"1326\" data-end=\"1348\">Andr\u00e9ia Gomes (36)<\/strong>, que mostraram como \u00e9 poss\u00edvel transformar a pr\u00f3pria realidade e deixar um legado.<\/p>\n<p data-start=\"1433\" data-end=\"1896\">As duas fazem parte do programa <strong data-start=\"1465\" data-end=\"1481\">Donas de Mim<\/strong>, iniciativa da <strong data-start=\"1497\" data-end=\"1514\">Sigma Lithium<\/strong> em parceria com o <strong data-start=\"1533\" data-end=\"1561\">Grupo Mulheres do Brasil<\/strong>, que j\u00e1 formou cerca de <strong data-start=\"1586\" data-end=\"1635\">2 mil empreendedoras no Vale do Jequitinhonha<\/strong>, beneficiando indiretamente mais de <strong data-start=\"1672\" data-end=\"1690\">10 mil pessoas<\/strong>. Por meio de um fundo de <strong data-start=\"1716\" data-end=\"1732\">microcr\u00e9dito<\/strong>, mulheres chefes de fam\u00edlia receberam apoio financeiro e capacita\u00e7\u00e3o para iniciar ou ampliar pequenos neg\u00f3cios nas \u00e1reas de <strong data-start=\"1857\" data-end=\"1895\">artesanato, alimenta\u00e7\u00e3o e servi\u00e7os<\/strong>.<\/p>\n<p data-start=\"1898\" data-end=\"2078\">Durante o evento, <strong data-start=\"1916\" data-end=\"1947\">Andr\u00e9ia emocionou o p\u00fablico<\/strong> ao compartilhar como o programa mudou sua trajet\u00f3ria: v\u00edtima de viol\u00eancia dom\u00e9stica, ela conseguiu recome\u00e7ar a vida com dignidade.<\/p>\n<blockquote data-start=\"2080\" data-end=\"2323\">\n<p data-start=\"2082\" data-end=\"2323\">\u201cHoje trabalho com geleias artesanais e temperos gourmets. Mais do que renda, ganhei autoestima e liberdade para dizer \u2018n\u00e3o\u2019 quando preciso. O <em data-start=\"2225\" data-end=\"2239\">Donas de Mim<\/em> me deu independ\u00eancia financeira e me ensinou que posso escrever uma nova hist\u00f3ria.\u201d<\/p>\n<\/blockquote>\n<p data-start=\"2325\" data-end=\"2487\"><strong data-start=\"2325\" data-end=\"2336\">Lislene<\/strong>, por sua vez, contou que usou o microcr\u00e9dito para comprar materiais e investir no pr\u00f3prio neg\u00f3cio de artesanato \u2014 hoje reconhecido at\u00e9 fora do Brasil.<\/p>\n<blockquote data-start=\"2489\" data-end=\"2739\">\n<p data-start=\"2491\" data-end=\"2739\">\u201cAprendi a precificar, a divulgar na internet\u2026 Hoje sou dona de mim. Consegui pagar a faculdade da minha filha com a renda do artesanato. Esse foi um sonho realizado. Se n\u00e3o fosse essa virada na minha vida, talvez ela n\u00e3o pudesse concluir o curso.\u201d<\/p>\n<\/blockquote>\n<hr data-start=\"2741\" data-end=\"2744\" \/>\n<h3 data-start=\"2746\" data-end=\"2807\"><strong data-start=\"2750\" data-end=\"2807\">Programa valoriza e fortalece o protagonismo feminino<\/strong><\/h3>\n<blockquote data-start=\"2809\" data-end=\"3184\">\n<p data-start=\"2811\" data-end=\"3184\">\u201cO Vale do Jequitinhonha \u00e9 estigmatizado pela pobreza, o que acaba gerando baixa autoestima na popula\u00e7\u00e3o. Trazer para c\u00e1 um programa de microcr\u00e9dito inspirado em Muhammad Yunus \u2014 que deu certo na \u00cdndia \u2014, adaptando \u00e0 nossa realidade, contribui para melhorar a vida das pessoas e devolver dignidade\u201d, destacou <strong data-start=\"3120\" data-end=\"3134\">Aline Sena<\/strong>, primeira-dama de Ara\u00e7ua\u00ed e madrinha do programa.<\/p>\n<\/blockquote>\n<p data-start=\"3186\" data-end=\"3378\">O <em data-start=\"3188\" data-end=\"3202\">Donas de Mim<\/em> \u00e9 hoje <strong data-start=\"3210\" data-end=\"3284\">um dos maiores programas de microcr\u00e9dito da iniciativa privada no pa\u00eds<\/strong>, como explica <strong data-start=\"3299\" data-end=\"3317\">Camila Pontual<\/strong>, gerente de desenvolvimento socioecon\u00f4mico da Sigma Lithium.<\/p>\n<blockquote data-start=\"3380\" data-end=\"3613\">\n<p data-start=\"3382\" data-end=\"3613\">\u201cEmbora estejamos em uma das regi\u00f5es com o segundo pior IDH do Brasil, temos uma riqueza humana imensa. Este programa busca valorizar e dar protagonismo a essas mulheres, que produzem a verdadeira riqueza do Vale do Jequitinhonha.\u201d<\/p>\n<\/blockquote>\n<p data-start=\"3615\" data-end=\"4008\">Desde junho, uma nova fase do programa beneficia <strong data-start=\"3664\" data-end=\"3714\">120 mulheres com microcr\u00e9dito de R$ 2 mil cada<\/strong> \u2014 com <strong data-start=\"3721\" data-end=\"3781\">car\u00eancia de seis meses e 18 parcelas com juros reduzidos<\/strong> \u2014 al\u00e9m da capacita\u00e7\u00e3o de outras <strong data-start=\"3814\" data-end=\"3835\">500 participantes<\/strong>, por meio de cursos que v\u00e3o desde <strong data-start=\"3870\" data-end=\"3919\">empreendedorismo b\u00e1sico at\u00e9 oficinas pr\u00e1ticas<\/strong>, como uso do WhatsApp Comercial e t\u00e9cnicas de embalagem para agregar valor aos produtos.<\/p>\n<blockquote data-start=\"4010\" data-end=\"4212\">\n<p data-start=\"4012\" data-end=\"4212\">\u201cCada renda gerada por uma empreendedora retorna ao fundo, permitindo que outras mulheres ingressem no programa. \u00c9 um ciclo virtuoso de empoderamento e multiplica\u00e7\u00e3o de oportunidades\u201d, destaca Camila.<\/p>\n<\/blockquote>\n<p data-start=\"4214\" data-end=\"4420\">Algumas participantes j\u00e1 relataram convites para fornecer seus produtos a hot\u00e9is e restaurantes em <strong data-start=\"4313\" data-end=\"4331\">Belo Horizonte<\/strong> e at\u00e9 no <strong data-start=\"4341\" data-end=\"4353\">exterior<\/strong>, comprovando que o artesanato do Vale vem ganhando novos mercados.<\/p>\n<hr data-start=\"4422\" data-end=\"4425\" \/>\n<h3 data-start=\"4427\" data-end=\"4475\"><strong data-start=\"4431\" data-end=\"4475\">Impacto local e perspectivas de expans\u00e3o<\/strong><\/h3>\n<p data-start=\"4477\" data-end=\"4678\">O estande do <em data-start=\"4490\" data-end=\"4504\">Donas de Mim<\/em> foi um dos espa\u00e7os mais visitados durante o Lithium Business, atraindo o p\u00fablico e refor\u00e7ando a <strong data-start=\"4601\" data-end=\"4677\">visibilidade do programa como instrumento de inclus\u00e3o produtiva feminina<\/strong>.<\/p>\n<blockquote data-start=\"4680\" data-end=\"4825\">\n<p data-start=\"4682\" data-end=\"4825\">\u201cEste evento \u00e9 a vitrine que precisamos para mostrar ao mundo o talento e a resili\u00eancia das mulheres da nossa regi\u00e3o\u201d, concluiu Camila Pontual.<\/p>\n<\/blockquote>\n<p data-start=\"4827\" data-end=\"4964\">Com <strong data-start=\"4831\" data-end=\"4861\">planos de expans\u00e3o em 2026<\/strong>, o <em data-start=\"4865\" data-end=\"4879\">Donas de Mim<\/em> j\u00e1 se consolidou como uma <strong data-start=\"4906\" data-end=\"4963\">refer\u00eancia em a\u00e7\u00e3o social no cora\u00e7\u00e3o do Jequitinhonha<\/strong>.<\/p>","protected":false},"excerpt":{"rendered":"<p>Empreendedoras do Vale do Jequitinhonha que passaram pelo programa de microcr\u00e9dito expuseram produtos e trocaram experi\u00eancias no evento, provando que parcerias, determina\u00e7\u00e3o e criatividade podem mudar<span class=\"excerpt-hellip\"> [\u2026]<\/span><\/p>\n","protected":false},"author":1,"featured_media":4627,"comment_status":"","ping_status":"open","sticky":false,"template":"","format":"standard","meta":{"_monsterinsights_skip_tracking":false,"_monsterinsights_sitenote_active":false,"_monsterinsights_sitenote_note":"","_monsterinsights_sitenote_category":0,"footnotes":"","jetpack_publicize_message":"","jetpack_publicize_feature_enabled":true,"jetpack_social_post_already_shared":true,"jetpack_social_options":{"image_generator_settings":{"template":"highway","default_image_id":0,"font":"","enabled":false},"version":2}},"categories":[51],"tags":[],"class_list":["post-4626","post","type-post","status-publish","format-standard","has-post-thumbnail","hentry","category-sindijori_mg"],"aioseo_notices":[],"jetpack_publicize_connections":[],"_links":{"self":[{"href":"https:\/\/jornalnossahistoria.com.br\/portal\/index.php\/wp-json\/wp\/v2\/posts\/4626","targetHints":{"allow":["GET"]}}],"collection":[{"href":"https:\/\/jornalnossahistoria.com.br\/portal\/index.php\/wp-json\/wp\/v2\/posts"}],"about":[{"href":"https:\/\/jornalnossahistoria.com.br\/portal\/index.php\/wp-json\/wp\/v2\/types\/post"}],"author":[{"embeddable":true,"href":"https:\/\/jornalnossahistoria.com.br\/portal\/index.php\/wp-json\/wp\/v2\/users\/1"}],"replies":[{"embeddable":true,"href":"https:\/\/jornalnossahistoria.com.br\/portal\/index.php\/wp-json\/wp\/v2\/comments?post=4626"}],"version-history":[{"count":0,"href":"https:\/\/jornalnossahistoria.com.br\/portal\/index.php\/wp-json\/wp\/v2\/posts\/4626\/revisions"}],"wp:featuredmedia":[{"embeddable":true,"href":"https:\/\/jornalnossahistoria.com.br\/portal\/index.php\/wp-json\/wp\/v2\/media\/4627"}],"wp:attachment":[{"href":"https:\/\/jornalnossahistoria.com.br\/portal\/index.php\/wp-json\/wp\/v2\/media?parent=4626"}],"wp:term":[{"taxonomy":"category","embeddable":true,"href":"https:\/\/jornalnossahistoria.com.br\/portal\/index.php\/wp-json\/wp\/v2\/categories?post=4626"},{"taxonomy":"post_tag","embeddable":true,"href":"https:\/\/jornalnossahistoria.com.br\/portal\/index.php\/wp-json\/wp\/v2\/tags?post=4626"}],"curies":[{"name":"wp","href":"https:\/\/api.w.org\/{rel}","templated":true}]}}