{"id":4624,"date":"2025-07-11T15:05:37","date_gmt":"2025-07-11T18:05:37","guid":{"rendered":"https:\/\/jornalnossahistoria.com.br\/portal\/index.php\/2025\/07\/11\/eurochem-e-prefeitura-de-serra-do-salitre-investem-r-26-milhoes-em-seguranca-publica\/"},"modified":"2025-07-11T15:05:37","modified_gmt":"2025-07-11T18:05:37","slug":"eurochem-e-prefeitura-de-serra-do-salitre-investem-r-26-milhoes-em-seguranca-publica","status":"publish","type":"post","link":"https:\/\/jornalnossahistoria.com.br\/portal\/index.php\/2025\/07\/11\/eurochem-e-prefeitura-de-serra-do-salitre-investem-r-26-milhoes-em-seguranca-publica\/","title":{"rendered":"EuroChem e Prefeitura de Serra do Salitre investem R$ 2,6 milh\u00f5es em seguran\u00e7a p\u00fablica"},"content":{"rendered":"<p class=\"MsoNormal\"><span>EuroChem | Divulga\u00e7\u00e3o<\/span><span><\/span><\/p>\n<p><span><\/span><span><\/span><\/p>\n\n<h3 data-start=\"221\" data-end=\"315\"><strong data-start=\"317\" data-end=\"465\">Projeto \u201cOlho Vivo\u201d, da Pol\u00edcia Militar de Minas Gerais, ganha refor\u00e7o com 29 novas c\u00e2meras e expectativa de redu\u00e7\u00e3o da criminalidade na regi\u00e3o.<\/strong><\/h3>\n<p data-start=\"467\" data-end=\"1061\"><strong data-start=\"467\" data-end=\"513\">SERRA DO SALITRE, MG \u2013 11 de julho de 2025<\/strong> \u2013 Em um avan\u00e7o importante para a seguran\u00e7a p\u00fablica de Serra do Salitre e munic\u00edpios vizinhos, a EuroChem, l\u00edder global na produ\u00e7\u00e3o de fertilizantes, e a Prefeitura Municipal, em parceria com a Pol\u00edcia Militar de Minas Gerais (PMMG), anunciaram o investimento de <strong data-start=\"776\" data-end=\"815\">R$ 2,6 milh\u00f5es no Projeto Olho Vivo<\/strong> \u2014 sendo aproximadamente R$ 2 milh\u00f5es aplicados pela empresa e R$ 600 mil pela gest\u00e3o municipal. A iniciativa busca modernizar o sistema de videomonitoramento local, ampliando o combate \u00e0 criminalidade e promovendo mais tranquilidade \u00e0 popula\u00e7\u00e3o.<\/p>\n<p data-start=\"1063\" data-end=\"1219\">A EuroChem mant\u00e9m, desde 2024, um complexo mineroindustrial na cidade, com investimento de <strong data-start=\"1154\" data-end=\"1170\">US$ 1 bilh\u00e3o<\/strong> e gera\u00e7\u00e3o de mais de <strong data-start=\"1192\" data-end=\"1218\">1.800 empregos diretos<\/strong>.<\/p>\n<p data-start=\"1221\" data-end=\"1783\">A cerim\u00f4nia de an\u00fancio foi realizada na sede do Quartel da PM em Serra do Salitre e contou com a presen\u00e7a de <strong data-start=\"1330\" data-end=\"1349\">Evegny Fedoseev<\/strong>, CEO do Complexo; <strong data-start=\"1368\" data-end=\"1382\">Alan Nunes<\/strong>, gerente de Minera\u00e7\u00e3o e Geotecnia; <strong data-start=\"1418\" data-end=\"1438\">Fernanda Valente<\/strong>, gerente de Comunica\u00e7\u00e3o Integrada da EuroChem; <strong data-start=\"1486\" data-end=\"1510\">Izael Alves da Silva<\/strong>, prefeito de Serra do Salitre; <strong data-start=\"1542\" data-end=\"1558\">Z\u00e9lia Azolin<\/strong>, vice-prefeita; os secret\u00e1rios <strong data-start=\"1590\" data-end=\"1624\">Ca\u00edque Fernando Maciel Quirino<\/strong> (Cultura, Turismo e Comunica\u00e7\u00e3o) e <strong data-start=\"1660\" data-end=\"1693\">Eduardo Ant\u00f4nio da Silva Neto<\/strong> (Administra\u00e7\u00e3o e Finan\u00e7as); al\u00e9m do <strong data-start=\"1730\" data-end=\"1762\">tenente F\u00e1bio Geraldo Amorim<\/strong>, da Pol\u00edcia Militar.<\/p>\n<h3 data-start=\"1785\" data-end=\"1826\">Expans\u00e3o tecnol\u00f3gica e impacto direto<\/h3>\n<p data-start=\"1828\" data-end=\"2217\">O projeto prev\u00ea a instala\u00e7\u00e3o de <strong data-start=\"1860\" data-end=\"1880\">29 novas c\u00e2meras<\/strong> e a moderniza\u00e7\u00e3o da plataforma <strong data-start=\"1912\" data-end=\"1922\">H\u00e9lios<\/strong>, sistema digital da PMMG que permite a identifica\u00e7\u00e3o autom\u00e1tica de ve\u00edculos roubados, furtados, com documenta\u00e7\u00e3o irregular ou envolvidos em ocorr\u00eancias. O sistema emite alertas em tempo real para policiais em campo e para a central de opera\u00e7\u00f5es, possibilitando <strong data-start=\"2184\" data-end=\"2216\">respostas r\u00e1pidas e precisas<\/strong>.<\/p>\n<p data-start=\"2219\" data-end=\"2399\">O custo por c\u00e2mera instalada varia entre <strong data-start=\"2260\" data-end=\"2285\">R$ 21.870 e R$ 47.440<\/strong>, dependendo da infraestrutura dispon\u00edvel no local \u2014 como energia el\u00e9trica e conectividade por fibra \u00f3ptica ou 4G.<\/p>\n<blockquote data-start=\"2401\" data-end=\"2621\">\n<p data-start=\"2403\" data-end=\"2621\">\u201cEsse investimento demonstra nosso compromisso com a seguran\u00e7a e o desenvolvimento das comunidades onde atuamos. Acreditamos na tecnologia como aliada da qualidade de vida\u201d, destaca <strong data-start=\"2585\" data-end=\"2599\">Alan Nunes<\/strong>, gerente da EuroChem.<\/p>\n<\/blockquote>\n<p data-start=\"2623\" data-end=\"2920\">A gest\u00e3o municipal ressaltou que essa nova etapa do Olho Vivo amplia a iniciativa iniciada durante a administra\u00e7\u00e3o do ex-prefeito <strong data-start=\"2753\" data-end=\"2787\">Paulo Giovani Silveira de Melo<\/strong>, e hoje conta com o apoio de <strong data-start=\"2817\" data-end=\"2845\">produtores rurais locais<\/strong>, que tamb\u00e9m financiam a instala\u00e7\u00e3o de novas c\u00e2meras em \u00e1reas estrat\u00e9gicas.<\/p>\n<blockquote data-start=\"2922\" data-end=\"3204\">\n<p data-start=\"2924\" data-end=\"3204\">\u201cSem potencializar a vigil\u00e2ncia do sistema H\u00e9lios nas \u00e1reas urbanas e rurais, criminosos encontram facilidades que n\u00e3o existem em outras regi\u00f5es do estado. A expans\u00e3o da cobertura vai nos permitir <strong data-start=\"3121\" data-end=\"3157\">a\u00e7\u00f5es mais pontuais e eficientes<\/strong>\u201d, afirmou o <strong data-start=\"3170\" data-end=\"3194\">tenente F\u00e1bio Amorim<\/strong>, da PMMG.<\/p>\n<\/blockquote>\n<h3 data-start=\"3206\" data-end=\"3243\">Desenvolvimento al\u00e9m da seguran\u00e7a<\/h3>\n<p data-start=\"3245\" data-end=\"3595\">A atua\u00e7\u00e3o da EuroChem em Serra do Salitre vai al\u00e9m da seguran\u00e7a p\u00fablica. O complexo mineiro \u00e9 a <strong data-start=\"3341\" data-end=\"3387\">primeira unidade da empresa fora da Europa<\/strong> e pe\u00e7a-chave na cadeia de fertilizantes no Brasil. Quando estiver operando em plena capacidade, dever\u00e1 produzir <strong data-start=\"3500\" data-end=\"3533\">1 milh\u00e3o de toneladas por ano<\/strong> \u2014 o equivalente a <strong data-start=\"3552\" data-end=\"3594\">15% da produ\u00e7\u00e3o nacional de fosfatados<\/strong>.<\/p>\n<p data-start=\"3597\" data-end=\"3859\">A planta tem forte vi\u00e9s sustent\u00e1vel, com <strong data-start=\"3638\" data-end=\"3712\">reutiliza\u00e7\u00e3o de \u00e1gua, gera\u00e7\u00e3o de 40% da energia consumida internamente<\/strong>, a\u00e7\u00f5es de reflorestamento e projetos sociais como doa\u00e7\u00f5es de ambul\u00e2ncias, visitas escolares \u00e0 unidade e rodas de conversa com moradores da regi\u00e3o.<\/p>\n<hr data-start=\"3861\" data-end=\"3864\" \/>\n<h3 data-start=\"3866\" data-end=\"3899\"><strong data-start=\"3870\" data-end=\"3899\">Sobre o Projeto Olho Vivo<\/strong><\/h3>\n<p data-start=\"3900\" data-end=\"4267\">O Olho Vivo \u00e9 um programa da Pol\u00edcia Militar de Minas Gerais que busca ampliar o monitoramento urbano por meio da plataforma digital <strong data-start=\"4033\" data-end=\"4043\">H\u00e9lios<\/strong>, integrando mais de <strong data-start=\"4064\" data-end=\"4081\">1.100 c\u00e2meras<\/strong> que processam <strong data-start=\"4096\" data-end=\"4128\">milh\u00f5es de dados diariamente<\/strong>. A ferramenta j\u00e1 opera em diversas regi\u00f5es de Minas e contribui diretamente para a redu\u00e7\u00e3o de crimes com base em intelig\u00eancia operacional.<\/p>\n<h3 data-start=\"4269\" data-end=\"4293\"><strong data-start=\"4273\" data-end=\"4293\">Sobre a EuroChem<\/strong><\/h3>\n\n<p data-start=\"4294\" data-end=\"4758\">A EuroChem \u00e9 uma das l\u00edderes globais em nutri\u00e7\u00e3o de plantas e uma das \u00fanicas produtoras dos tr\u00eas macronutrientes essenciais (nitrog\u00eanio, f\u00f3sforo e pot\u00e1ssio). Verticalmente integrada, atua desde a minera\u00e7\u00e3o at\u00e9 a distribui\u00e7\u00e3o final, com presen\u00e7a em mais de <strong data-start=\"4550\" data-end=\"4564\">100 pa\u00edses<\/strong> e mais de <strong data-start=\"4575\" data-end=\"4599\">30 mil colaboradores<\/strong>. No Brasil, opera unidades de mistura e log\u00edstica em todas as regi\u00f5es, com destaque para o <strong data-start=\"4691\" data-end=\"4740\">Complexo Mineroindustrial de Serra do Salitre<\/strong>, em Minas Gerais.<\/p>","protected":false},"excerpt":{"rendered":"<p>EuroChem | Divulga\u00e7\u00e3o Projeto \u201cOlho Vivo\u201d, da Pol\u00edcia Militar de Minas Gerais, ganha refor\u00e7o com 29 novas c\u00e2meras e expectativa de redu\u00e7\u00e3o da criminalidade na regi\u00e3o.<span class=\"excerpt-hellip\"> [\u2026]<\/span><\/p>\n","protected":false},"author":1,"featured_media":4625,"comment_status":"","ping_status":"open","sticky":false,"template":"","format":"standard","meta":{"_monsterinsights_skip_tracking":false,"_monsterinsights_sitenote_active":false,"_monsterinsights_sitenote_note":"","_monsterinsights_sitenote_category":0,"footnotes":"","jetpack_publicize_message":"","jetpack_publicize_feature_enabled":true,"jetpack_social_post_already_shared":true,"jetpack_social_options":{"image_generator_settings":{"template":"highway","default_image_id":0,"font":"","enabled":false},"version":2}},"categories":[51],"tags":[],"class_list":["post-4624","post","type-post","status-publish","format-standard","has-post-thumbnail","hentry","category-sindijori_mg"],"aioseo_notices":[],"jetpack_publicize_connections":[],"_links":{"self":[{"href":"https:\/\/jornalnossahistoria.com.br\/portal\/index.php\/wp-json\/wp\/v2\/posts\/4624","targetHints":{"allow":["GET"]}}],"collection":[{"href":"https:\/\/jornalnossahistoria.com.br\/portal\/index.php\/wp-json\/wp\/v2\/posts"}],"about":[{"href":"https:\/\/jornalnossahistoria.com.br\/portal\/index.php\/wp-json\/wp\/v2\/types\/post"}],"author":[{"embeddable":true,"href":"https:\/\/jornalnossahistoria.com.br\/portal\/index.php\/wp-json\/wp\/v2\/users\/1"}],"replies":[{"embeddable":true,"href":"https:\/\/jornalnossahistoria.com.br\/portal\/index.php\/wp-json\/wp\/v2\/comments?post=4624"}],"version-history":[{"count":0,"href":"https:\/\/jornalnossahistoria.com.br\/portal\/index.php\/wp-json\/wp\/v2\/posts\/4624\/revisions"}],"wp:featuredmedia":[{"embeddable":true,"href":"https:\/\/jornalnossahistoria.com.br\/portal\/index.php\/wp-json\/wp\/v2\/media\/4625"}],"wp:attachment":[{"href":"https:\/\/jornalnossahistoria.com.br\/portal\/index.php\/wp-json\/wp\/v2\/media?parent=4624"}],"wp:term":[{"taxonomy":"category","embeddable":true,"href":"https:\/\/jornalnossahistoria.com.br\/portal\/index.php\/wp-json\/wp\/v2\/categories?post=4624"},{"taxonomy":"post_tag","embeddable":true,"href":"https:\/\/jornalnossahistoria.com.br\/portal\/index.php\/wp-json\/wp\/v2\/tags?post=4624"}],"curies":[{"name":"wp","href":"https:\/\/api.w.org\/{rel}","templated":true}]}}