{"id":4622,"date":"2025-07-11T12:33:21","date_gmt":"2025-07-11T15:33:21","guid":{"rendered":"https:\/\/jornalnossahistoria.com.br\/portal\/index.php\/2025\/07\/11\/heliponto-do-hc-inaugurado-em-uberaba\/"},"modified":"2025-07-11T12:33:21","modified_gmt":"2025-07-11T15:33:21","slug":"heliponto-do-hc-inaugurado-em-uberaba","status":"publish","type":"post","link":"https:\/\/jornalnossahistoria.com.br\/portal\/index.php\/2025\/07\/11\/heliponto-do-hc-inaugurado-em-uberaba\/","title":{"rendered":"Heliponto do HC inaugurado em Uberaba"},"content":{"rendered":"<p><span>Foto: Divulga\u00e7\u00e3o<\/span><\/p>\n\n<p><strong><span>COLUNA MG<\/span><\/strong><\/p>\n<p><span>Principais destaques dos jornais e portais integrantes da rede Sindijori MG\u00a0<\/span><\/p>\n<p><span><a href=\"http:\/\/www.sindijorimg.com.br\/\">www.sindijorimg.com.br<\/a><\/span><\/p>\n<p><span><\/span><\/p>\n\n<p><strong><span>Heliponto do HC inaugurado em Uberaba\u00a0<\/span><\/strong><\/p>\n<p><span>Foi inaugurada nesta sexta, 11, a Unidade Professora Doutora Maria Cristina Silva (Heliponto) e das novas instala\u00e7\u00f5es dos Laborat\u00f3rios de Urg\u00eancia e Emerg\u00eancia do HC da Universidade Federal do Tri\u00e2ngulo Mineiro. A constru\u00e7\u00e3o iniciada em junho de 2023 tem uma \u00e1rea total de 3.670,91 metros quadrados com investimento de mais de R$8,3 milh\u00f5es. A parte t\u00e9rrea do pr\u00e9dio \u00e9 uma extens\u00e3o do pronto-socorro do HC-UFTM e conta com salas de acolhimento, assist\u00eancia social e servi\u00e7o de psicologia para o atendimento aos pacientes e seus familiares. (Jornal da Manh\u00e3 \u2013 Uberaba)<\/span><\/p>\n<p><span> <a href=\"https:\/\/jmonline.com.br\/politica\/heliponto-do-hc-uftm-e-inaugurado-oficialmente-nesta-sexta-em-uberaba-1.522591\">https:\/\/jmonline.com.br\/politica\/heliponto-do-hc-uftm-e-inaugurado-oficialmente-nesta-sexta-em-uberaba-1.522591<\/a><\/span><\/p>\n<p><span><\/span><\/p>\n\n<p><strong><span>Motociclista ter\u00e3o encontro em Vi\u00e7osa<\/span><\/strong><\/p>\n<p><span>Vi\u00e7osa ser\u00e1 palco de mais um encontro de motociclistas no dia 13 de setembro. Com uma programa\u00e7\u00e3o recheada de atividades no Espa\u00e7o Aberto da Universidade Federal de Vi\u00e7osa (UFV), a edi\u00e7\u00e3o IX do evento j\u00e1 conta com uma atra\u00e7\u00e3o confirmada: Matanza Ritual, banda que rodou o Brasil inteiro nos \u00faltimos anos, cantando m\u00fasicas que misturam os estilos de hardcore punk, metal e country.\u00a0 De acordo com os organizadores, a programa\u00e7\u00e3o prev\u00ea ainda atra\u00e7\u00f5es locais, estaduais e de n\u00edvel nacional. (Folha da Mata \u2013 Vi\u00e7osa)<\/span><\/p>\n<p><span><a href=\"https:\/\/www.folhadamata.com.br\/motoclubes-de-vicosa-promovem-ix-encontro-de-motociclistas-em-setembro\">https:\/\/www.folhadamata.com.br\/motoclubes-de-vicosa-promovem-ix-encontro-de-motociclistas-em-setembro<\/a><\/span><\/p>\n<p><span><\/span><\/p>\n\n<p><strong><span>IF Sul inaugura audit\u00f3rio<\/span><\/strong><\/p>\n<p><span>Muzambinho sediou, entre os dias 3 e 5 de julho, simultaneamente o 8\u00ba Congresso de Educa\u00e7\u00e3o F\u00edsica do Sul de Minas e o 3\u00ba Congresso Internacional de Educa\u00e7\u00e3o F\u00edsica. Realizados no Campus do Instituto Federal do Sul de Minas Gerais (IF Sul de Minas), o evento reuniu mais de 200 participantes, entre profissionais, pesquisadores e estudantes do Brasil e do exterior, em torno de debates sobre forma\u00e7\u00e3o profissional, pol\u00edticas p\u00fablicas, inclus\u00e3o, turismo e financiamento ao esporte. A abertura ocorreu no novo audit\u00f3rio do campus, com capacidade para 700 pessoas, infraestrutura ac\u00fastica e multim\u00eddia de ponta. (Folha Regional \u2013 Muzambinho)<\/span><\/p>\n<p><span><a href=\"https:\/\/afolharegional.com.br\/noticias\/novo-auditorio-do-ifsuldeminas-coloca-muzambinho-no-radar-de-congressos-internacionais\/\">https:\/\/afolharegional.com.br\/noticias\/novo-auditorio-do-ifsuldeminas-coloca-muzambinho-no-radar-de-congressos-internacionais\/<\/a><\/span><\/p>\n<p><span><\/span><\/p>\n\n<p><strong><span>Credinor aposta em educa\u00e7\u00e3o financeira<\/span><\/strong><\/p>\n<p><span>Durante a Expomontes 2025, o Sicoob Credinor criou o \u201cEspa\u00e7o Financinhas\u201d para ensinar, de forma l\u00fadica, educa\u00e7\u00e3o financeira a mais de mil crian\u00e7as de Montes Claros e regi\u00e3o. O projeto, sediado no Parque de Exposi\u00e7\u00f5es Jo\u00e3o Alencar Athayde, oferece atividades que abordam controle de gastos, poupan\u00e7a e investimentos, al\u00e9m de distribuir cofrinhos e livros educativos. A a\u00e7\u00e3o \u00e9 complementada pelo circuito \u201cSementinhas do Agro\u201d, promovido pelo Sindicato Rural. (Rede Gazeta \u2013 Montes Claros)<\/span><\/p>\n<p><span><a href=\"https:\/\/gazetanm.com.br\/com-espaco-financeiro-credinor-aposta-em-educacao-financeira-para-criancas-na-expomontes\/\">https:\/\/gazetanm.com.br\/com-espaco-financeiro-credinor-aposta-em-educacao-financeira-para-criancas-na-expomontes\/<\/a><\/span><\/p>\n<p><span><\/span><\/p>\n\n<p><strong><span>Branquinhos celebra o Reinado<\/span><\/strong><\/p>\n<p><span>A comunidade de Branquinhos, em Divin\u00f3polis, celebra at\u00e9 13 de julho o Reinado 2025, uma tradi\u00e7\u00e3o religiosa e cultural que remonta a 1838, mantendo viva a devo\u00e7\u00e3o a Nossa Senhora do Ros\u00e1rio, S\u00e3o Benedito e Santa Efig\u00eania. Com missas, prociss\u00f5es, cortejos e o Ajuntamento de Coroas, a festa re\u00fane diversas guardas de Congo da regi\u00e3o e refor\u00e7a a import\u00e2ncia da f\u00e9 e da cultura afro-brasileira. A celebra\u00e7\u00e3o homenageia nomes hist\u00f3ricos como Francisco Preto, fundador da Guarda de Congo local, e conta com o envolvimento de festeiros, irmandades e toda a comunidade. (G37.com \u2013 Divin\u00f3polis)<\/span><\/p>\n<p><span><a href=\"https:\/\/g37.com.br\/divinopolis\/comunidade-de-branquinhos-celebra-o-reinado-2025-tradicao-viva-desde-1838\/\">https:\/\/g37.com.br\/divinopolis\/comunidade-de-branquinhos-celebra-o-reinado-2025-tradicao-viva-desde-1838\/<\/a><\/span><\/p>\n<p><span><\/span><\/p>\n\n<p><strong><span>Cl\u00ednica Univale atende na ExpoAgro<\/span><\/strong><\/p>\n<p><span>Durante a 54\u00aa ExpoAgro, a Cl\u00ednica Veterin\u00e1ria de Animais de Grande Porte da Univale oferece atendimento 24 horas para garantir a sa\u00fade dos animais presentes na feira. Casos de c\u00f3lica em equinos s\u00e3o os mais frequentes, exigindo interven\u00e7\u00f5es cir\u00fargicas r\u00e1pidas, como no caso recente de um potro que passou por cirurgia e se recupera bem. Com estrutura moderna, equipe qualificada e funcionamento cont\u00ednuo, a cl\u00ednica presta suporte a criadores e competidores como Gean de Paulo da Silva, que destaca a import\u00e2ncia do atendimento veterin\u00e1rio para o desempenho dos cavalos. (Jornal da Cidade \u2013 Governador Valadares)<\/span><\/p>\n<p><span><a href=\"https:\/\/jornaldacidadevalesdeminas.com\/expoagro-gv-2025\/clinica-veterinaria-da-univale-garante-atendimento-especializado-a-grandes-animais-na-54a-expoagro\/\">https:\/\/jornaldacidadevalesdeminas.com\/expoagro-gv-2025\/clinica-veterinaria-da-univale-garante-atendimento-especializado-a-grandes-animais-na-54a-expoagro\/<\/a><\/span><\/p>\n<p><span><\/span><\/p>\n\n<p><strong><span>Caet\u00e9 ter\u00e1 prote\u00e7\u00e3o aos animais<\/span><\/strong><\/p>\n<p><span>Caet\u00e9 caminha para o efetivo cumprimento das leis que punem crimes de maus tratos aos animais. A Prefeitura, as Pol\u00edcias de Meio Ambiente e Civil e representantes das ONGs Amaac e SGPAN se reuniram na quarta-feira, 8, em um momento in\u00e9dito, fruto do 1\u00b0 F\u00f3rum dos Direitos Animais de Caet\u00e9. Foi proposta a cria\u00e7\u00e3o de um sistema de protocolo, elabora\u00e7\u00e3o de balan\u00e7os sobre as den\u00fancias e apura\u00e7\u00e3o dos crimes, realiza\u00e7\u00e3o de reuni\u00f5es peri\u00f3dicas e prepara\u00e7\u00e3o de uma importante campanha de conscientiza\u00e7\u00e3o das pessoas. (Opini\u00e3o \u2013 Caet\u00e9)<\/span><\/p>\n<p><span><a href=\"https:\/\/www.opiniaocaete.com.br\/prefeitura-policias-e-ongs-unem-forcas-para-coibir-crimes-de-maus-tratos-a-animais\/\">https:\/\/www.opiniaocaete.com.br\/prefeitura-policias-e-ongs-unem-forcas-para-coibir-crimes-de-maus-tratos-a-animais\/<\/a><\/span><\/p>\n<p><span><\/span><\/p>","protected":false},"excerpt":{"rendered":"<p>Foto: Divulga\u00e7\u00e3o COLUNA MG Principais destaques dos jornais e portais integrantes da rede Sindijori MG\u00a0 www.sindijorimg.com.br Heliponto do HC inaugurado em Uberaba\u00a0 Foi inaugurada nesta sexta,<span class=\"excerpt-hellip\"> [\u2026]<\/span><\/p>\n","protected":false},"author":1,"featured_media":4623,"comment_status":"","ping_status":"open","sticky":false,"template":"","format":"standard","meta":{"_monsterinsights_skip_tracking":false,"_monsterinsights_sitenote_active":false,"_monsterinsights_sitenote_note":"","_monsterinsights_sitenote_category":0,"footnotes":"","jetpack_publicize_message":"","jetpack_publicize_feature_enabled":true,"jetpack_social_post_already_shared":true,"jetpack_social_options":{"image_generator_settings":{"template":"highway","default_image_id":0,"font":"","enabled":false},"version":2}},"categories":[50],"tags":[],"class_list":["post-4622","post","type-post","status-publish","format-standard","has-post-thumbnail","hentry","category-coluna_mg"],"aioseo_notices":[],"jetpack_publicize_connections":[],"_links":{"self":[{"href":"https:\/\/jornalnossahistoria.com.br\/portal\/index.php\/wp-json\/wp\/v2\/posts\/4622","targetHints":{"allow":["GET"]}}],"collection":[{"href":"https:\/\/jornalnossahistoria.com.br\/portal\/index.php\/wp-json\/wp\/v2\/posts"}],"about":[{"href":"https:\/\/jornalnossahistoria.com.br\/portal\/index.php\/wp-json\/wp\/v2\/types\/post"}],"author":[{"embeddable":true,"href":"https:\/\/jornalnossahistoria.com.br\/portal\/index.php\/wp-json\/wp\/v2\/users\/1"}],"replies":[{"embeddable":true,"href":"https:\/\/jornalnossahistoria.com.br\/portal\/index.php\/wp-json\/wp\/v2\/comments?post=4622"}],"version-history":[{"count":0,"href":"https:\/\/jornalnossahistoria.com.br\/portal\/index.php\/wp-json\/wp\/v2\/posts\/4622\/revisions"}],"wp:featuredmedia":[{"embeddable":true,"href":"https:\/\/jornalnossahistoria.com.br\/portal\/index.php\/wp-json\/wp\/v2\/media\/4623"}],"wp:attachment":[{"href":"https:\/\/jornalnossahistoria.com.br\/portal\/index.php\/wp-json\/wp\/v2\/media?parent=4622"}],"wp:term":[{"taxonomy":"category","embeddable":true,"href":"https:\/\/jornalnossahistoria.com.br\/portal\/index.php\/wp-json\/wp\/v2\/categories?post=4622"},{"taxonomy":"post_tag","embeddable":true,"href":"https:\/\/jornalnossahistoria.com.br\/portal\/index.php\/wp-json\/wp\/v2\/tags?post=4622"}],"curies":[{"name":"wp","href":"https:\/\/api.w.org\/{rel}","templated":true}]}}