{"id":4616,"date":"2025-07-10T12:50:24","date_gmt":"2025-07-10T15:50:24","guid":{"rendered":"https:\/\/jornalnossahistoria.com.br\/portal\/index.php\/2025\/07\/10\/rtone-vai-investir-6-bilhoes-em-uberlandia\/"},"modified":"2025-07-10T12:50:24","modified_gmt":"2025-07-10T15:50:24","slug":"rtone-vai-investir-6-bilhoes-em-uberlandia","status":"publish","type":"post","link":"https:\/\/jornalnossahistoria.com.br\/portal\/index.php\/2025\/07\/10\/rtone-vai-investir-6-bilhoes-em-uberlandia\/","title":{"rendered":"RT&amp;One vai investir 6 bilh\u00f5es em Uberl\u00e2ndia"},"content":{"rendered":"<p><span>Foto: Valter de Paula\/Secom PMU<\/span><\/p>\n\n<p><strong><span>COLUNA MG<\/span><\/strong><\/p>\n<p><span>Principais destaques dos jornais e portais integrantes da rede Sindijori MG\u00a0<\/span><\/p>\n<p><span><a href=\"http:\/\/www.sindijorimg.com.br\/\">www.sindijorimg.com.br<\/a><\/span><\/p>\n<p><span><\/span><\/p>\n\n<p><strong><span>RT-One vai investir 6 bilh\u00f5es em Uberl\u00e2ndia<\/span><\/strong><\/p>\n<p><span>A empresa norte-americana RT-One oficializou, na ter\u00e7a-feira (8), a constru\u00e7\u00e3o de um data center focado em intelig\u00eancia artificial (IA) e seguran\u00e7a na nuvem em Uberl\u00e2ndia, no Tri\u00e2ngulo Mineiro. Para a instala\u00e7\u00e3o, ser\u00e1 feito um investimento inicial de R$ 6 bilh\u00f5es, com potencial de expans\u00e3o significativa ao longo das pr\u00f3ximas fases. A previs\u00e3o \u00e9 que o centro de processamento de dados gere em torno de dois mil empregos permanentes, entre diretos e indiretos, j\u00e1 nos primeiros tr\u00eas anos de opera\u00e7\u00e3o. Durante a fase de constru\u00e7\u00e3o, estima-se que sejam criadas centenas de vagas tempor\u00e1rias. (Di\u00e1rio do Com\u00e9rcio \u2013 Belo Horizonte)<\/span><\/p>\n<p><span><a href=\"https:\/\/diariodocomercio.com.br\/economia\/rt-one-confirma-investimento-data-center-ia-uberlandia\/\">https:\/\/diariodocomercio.com.br\/economia\/rt-one-confirma-investimento-data-center-ia-uberlandia\/<\/a><\/span><\/p>\n<p><span><\/span><\/p>\n\n<p><strong><span>Festival homenageia personalidades<\/span><\/strong><\/p>\n<p><span>A 29\u00aa edi\u00e7\u00e3o do Festival de Inverno de Po\u00e7os de Caldas, que come\u00e7a nesta sexta, 11 de julho, homenageia seis mestres da cultura local sob o tema \u201cRa\u00edzes de Po\u00e7os: Arte e Mineiridade\u201d. O evento valoriza o legado de personalidades como Dona Orlanda da Concei\u00e7\u00e3o, Pedro Caiap\u00f3 e Nicionelly de Carvalho, reconhecendo suas contribui\u00e7\u00f5es \u00e0s tradi\u00e7\u00f5es populares e ao teatro. Com uma programa\u00e7\u00e3o cultural diversificada e projeto gr\u00e1fico que une s\u00edmbolos arquitet\u00f4nicos da cidade \u00e0s imagens dos homenageados, o festival celebra a mem\u00f3ria e a identidade cultural do munic\u00edpio. (Jornal Mantiqueira \u2013 Po\u00e7os de Caldas)<\/span><\/p>\n<p><span><a href=\"https:\/\/www.jornalmantiqueira.com.br\/2025\/07\/07\/festival-de-inverno-homenageia-personalidades-da-cultura-local\/\">https:\/\/www.jornalmantiqueira.com.br\/2025\/07\/07\/festival-de-inverno-homenageia-personalidades-da-cultura-local\/<\/a><\/span><\/p>\n<p><span><\/span><\/p>\n\n<p><strong><span>Festival de Inverno em Sabar\u00e1 ter\u00e1 feira<\/span><\/strong><\/p>\n<p><span>O Festival de Inverno 2025 de Sabar\u00e1 ser\u00e1 realizado no dia 13 de julho, no Largo Nossa Senhora do \u00d3, das 10h \u00e0s 18h, com entrada gratuita e programa\u00e7\u00e3o diversificada que valoriza artistas locais e regionais. O evento contar\u00e1 com feira de artesanato e gastronomia, cortejo de congado, apresenta\u00e7\u00f5es musicais, dan\u00e7a e interven\u00e7\u00f5es c\u00eanicas, destacando o protagonismo feminino e promovendo inclus\u00e3o com a Tenda da Acessibilidade. (Folha de Sabar\u00e1)<\/span><\/p>\n<p><span><a href=\"https:\/\/folhadesabara.com.br\/noticia\/47473\/festival-de-inverno-2025-tera-feira-cortejo-de-congado-e-shows-no-largo-nossa-senhora-do-o\">https:\/\/folhadesabara.com.br\/noticia\/47473\/festival-de-inverno-2025-tera-feira-cortejo-de-congado-e-shows-no-largo-nossa-senhora-do-o<\/a><\/span><\/p>\n<p><span><\/span><\/p>\n\n<p><strong><span>Drone refor\u00e7a trabalho em Patroc\u00ednio<\/span><\/strong><\/p>\n<p><span>A Pol\u00edcia Civil de Patroc\u00ednio recebeu um drone de alta tecnologia, modelo DJI Mavic 3T, avaliado em R$ 50 mil, viabilizado por emenda parlamentar da deputada federal Greyce Elias. O equipamento, com zoom \u00f3tico, digital e imagem em alta resolu\u00e7\u00e3o, refor\u00e7ar\u00e1 a produ\u00e7\u00e3o de provas t\u00e9cnicas, otimizar\u00e1 opera\u00e7\u00f5es e ampliar\u00e1 a efici\u00eancia das investiga\u00e7\u00f5es em \u00e1reas urbanas e rurais. A iniciativa representa um importante avan\u00e7o para a seguran\u00e7a p\u00fablica no munic\u00edpio, fortalecendo a articula\u00e7\u00e3o entre os poderes para o bem-estar da popula\u00e7\u00e3o. (Jornal de Patroc\u00ednio)<\/span><\/p>\n<p><span><a href=\"https:\/\/www.jornaldepatrocinio.com\/chegada-de-drone-com-alta-tecnologia-reforca-trabalho-da-policia-civil-de-patrocinio\">https:\/\/www.jornaldepatrocinio.com\/chegada-de-drone-com-alta-tecnologia-reforca-trabalho-da-policia-civil-de-patrocinio<\/a><\/span><\/p>\n<p><span><\/span><\/p>\n\n<p><strong><span>Varginha receber\u00e1 datacenter<\/span><\/strong><\/p>\n<p><span>Nesta ter\u00e7a-feira (07\/07), o prefeito de Varginha, Leonardo Ciacci, recebeu a confirma\u00e7\u00e3o de que o munic\u00edpio ser\u00e1 sede do primeiro Data Center do Sul de Minas. A informa\u00e7\u00e3o foi repassada pelo secret\u00e1rio executivo de Estado de Desenvolvimento Econ\u00f4mico de Minas Gerais, Bruno Ara\u00fajo. O Data Center ser\u00e1 implantado no condom\u00ednio do Porto Seco Sul de Minas, em Varginha, e dever\u00e1 abrigar uma estrutura moderna com equipamentos de computa\u00e7\u00e3o, armazenamento de dados, sistemas de rede e energia. Esse tipo de instala\u00e7\u00e3o \u00e9 essencial para garantir maior seguran\u00e7a, agilidade e conectividade em opera\u00e7\u00f5es digitais. (Varginha Digital)<\/span><\/p>\n<p><span><a href=\"https:\/\/varginhadigital.com.br\/noticias\/noticias-de-varginha\/varginha-data-center\/\">https:\/\/varginhadigital.com.br\/noticias\/noticias-de-varginha\/varginha-data-center\/<\/a><\/span><\/p>\n<p><span><\/span><\/p>\n\n<p><strong><span>Expo Usipa chega \u00e0 35\u00aa\u00a0 edi\u00e7\u00e3o<\/span><\/strong><\/p>\n<p><span>A tradicional feira de neg\u00f3cios Expo Usipa, celebra neste ano de 2025, a 35\u00aa edi\u00e7\u00e3o, consolidando-se como a maior feira de neg\u00f3cios do Leste de Minas. A Expo Usipa acontece entres os dias 9 e 12 de julho. Com 423 stands confirmados e contar\u00e1 com a participa\u00e7\u00e3o de mais de 300 empresas expositoras de diversos segmentos industriais, comerciais e de presta\u00e7\u00e3o de servi\u00e7os. (Jornal Classivale)<\/span><\/p>\n<p><span><a href=\"https:\/\/jornalclassivale.com.br\/noticia\/4472\/expo-usipa-35-anos-veja-as-novidades-e-programacao-da-feira-de-negocios\">https:\/\/jornalclassivale.com.br\/noticia\/4472\/expo-usipa-35-anos-veja-as-novidades-e-programacao-da-feira-de-negocios<\/a><\/span><\/p>\n<p><span><\/span><\/p>","protected":false},"excerpt":{"rendered":"<p>Foto: Valter de Paula\/Secom PMU COLUNA MG Principais destaques dos jornais e portais integrantes da rede Sindijori MG\u00a0 www.sindijorimg.com.br RT-One vai investir 6 bilh\u00f5es em Uberl\u00e2ndia<span class=\"excerpt-hellip\"> [\u2026]<\/span><\/p>\n","protected":false},"author":1,"featured_media":4617,"comment_status":"","ping_status":"open","sticky":false,"template":"","format":"standard","meta":{"_monsterinsights_skip_tracking":false,"_monsterinsights_sitenote_active":false,"_monsterinsights_sitenote_note":"","_monsterinsights_sitenote_category":0,"footnotes":"","jetpack_publicize_message":"","jetpack_publicize_feature_enabled":true,"jetpack_social_post_already_shared":true,"jetpack_social_options":{"image_generator_settings":{"template":"highway","default_image_id":0,"font":"","enabled":false},"version":2}},"categories":[50],"tags":[],"class_list":["post-4616","post","type-post","status-publish","format-standard","has-post-thumbnail","hentry","category-coluna_mg"],"aioseo_notices":[],"jetpack_publicize_connections":[],"_links":{"self":[{"href":"https:\/\/jornalnossahistoria.com.br\/portal\/index.php\/wp-json\/wp\/v2\/posts\/4616","targetHints":{"allow":["GET"]}}],"collection":[{"href":"https:\/\/jornalnossahistoria.com.br\/portal\/index.php\/wp-json\/wp\/v2\/posts"}],"about":[{"href":"https:\/\/jornalnossahistoria.com.br\/portal\/index.php\/wp-json\/wp\/v2\/types\/post"}],"author":[{"embeddable":true,"href":"https:\/\/jornalnossahistoria.com.br\/portal\/index.php\/wp-json\/wp\/v2\/users\/1"}],"replies":[{"embeddable":true,"href":"https:\/\/jornalnossahistoria.com.br\/portal\/index.php\/wp-json\/wp\/v2\/comments?post=4616"}],"version-history":[{"count":0,"href":"https:\/\/jornalnossahistoria.com.br\/portal\/index.php\/wp-json\/wp\/v2\/posts\/4616\/revisions"}],"wp:featuredmedia":[{"embeddable":true,"href":"https:\/\/jornalnossahistoria.com.br\/portal\/index.php\/wp-json\/wp\/v2\/media\/4617"}],"wp:attachment":[{"href":"https:\/\/jornalnossahistoria.com.br\/portal\/index.php\/wp-json\/wp\/v2\/media?parent=4616"}],"wp:term":[{"taxonomy":"category","embeddable":true,"href":"https:\/\/jornalnossahistoria.com.br\/portal\/index.php\/wp-json\/wp\/v2\/categories?post=4616"},{"taxonomy":"post_tag","embeddable":true,"href":"https:\/\/jornalnossahistoria.com.br\/portal\/index.php\/wp-json\/wp\/v2\/tags?post=4616"}],"curies":[{"name":"wp","href":"https:\/\/api.w.org\/{rel}","templated":true}]}}