{"id":4614,"date":"2025-07-09T12:05:29","date_gmt":"2025-07-09T15:05:29","guid":{"rendered":"https:\/\/jornalnossahistoria.com.br\/portal\/index.php\/2025\/07\/09\/montes-claros-vai-adquirir-onibus-eletricos\/"},"modified":"2025-07-09T12:05:29","modified_gmt":"2025-07-09T15:05:29","slug":"montes-claros-vai-adquirir-onibus-eletricos","status":"publish","type":"post","link":"https:\/\/jornalnossahistoria.com.br\/portal\/index.php\/2025\/07\/09\/montes-claros-vai-adquirir-onibus-eletricos\/","title":{"rendered":"Montes Claros vai adquirir \u00f4nibus el\u00e9tricos"},"content":{"rendered":"<p><span>Foto: Divulga\u00e7\u00e3o MBB<\/span><\/p>\n\n<p><strong><span>COLUNA MG<\/span><\/strong><\/p>\n<p><span>Principais destaques dos jornais e portais integrantes da rede Sindijori MG\u00a0<\/span><\/p>\n<p><span><a href=\"http:\/\/www.sindijorimg.com.br\/\">www.sindijorimg.com.br<\/a><\/span><\/p>\n<p><span><\/span><\/p>\n\n\n<p><strong><span>Montes Claros vai adquirir \u00f4nibus el\u00e9tricos<\/span><\/strong><\/p>\n<p><span>A C\u00e2mara de Montes Claros aprovou projeto que autoriza a Prefeitura adquirir e utilizar at\u00e9 60 novos ve\u00edculos no transporte coletivo urbano, preferencialmente el\u00e9tricos ou h\u00edbridos, visando investimentos na aquisi\u00e7\u00e3o de novos ve\u00edculos. Os ve\u00edculos ficar\u00e3o a cargo da empresa Cons\u00f3rcio do Transporte Coletivo, atualmente administrada pela Moc Bus, durante os anos de 2025 e 2026. Al\u00e9m disso, outro projeto autoriza a aquisi\u00e7\u00e3o, pelo munic\u00edpio, de bilhetes do transporte coletivo urbano, para utiliza\u00e7\u00e3o no Programa Passe Livre Estudantil \u2013 o montante \u00e9 de R$ 1,5 milh\u00e3o. (Gazeta Norte Mineira \u2013 Montes Claros)<\/span><\/p>\n<p><span><a href=\"https:\/\/gazetanm.com.br\/montes-claros-adquire-onibus-eletricos-para-o-transporte-coletivo-urbano\/\">https:\/\/gazetanm.com.br\/montes-claros-adquire-onibus-eletricos-para-o-transporte-coletivo-urbano\/<\/a><\/span><\/p>\n<p><span><\/span><\/p>\n\n<p><strong><span>Divin\u00f3polis ter\u00e1 Semana Esp\u00edrita<\/span><\/strong><\/p>\n<p><span>A Alian\u00e7a Municipal Esp\u00edrita (AME) realizar\u00e1 entre os dias 14 a 18 de julho, a 40\u00aa Semana Esp\u00edrita de Divin\u00f3polis, cujo tema central ser\u00e1 \u201cA paz do mundo come\u00e7a em mim\u201d. O evento \u00e9 gratuito, aberto a toda a comunidade, e representa uma oportunidade especial para refletir, aprender e se conectar com valores universais como amor, paz e solidariedade \u2014 independentemente da religi\u00e3o ou cren\u00e7a pessoal. (Portal G37 \u2013 Divin\u00f3polis)<\/span><\/p>\n<p><span><a href=\"https:\/\/g37.com.br\/divinopolis\/40a-semana-espirita-acontece-na-proxima-semana-e-e-aberta-a-comunidade\/\">https:\/\/g37.com.br\/divinopolis\/40a-semana-espirita-acontece-na-proxima-semana-e-e-aberta-a-comunidade\/<\/a><\/span><\/p>\n<p><span><\/span><\/p>\n\n<p><strong><span>Munic\u00edpio faz manuten\u00e7\u00e3o da MG-446<\/span><\/strong><\/p>\n<p><span>Diante da indefini\u00e7\u00e3o do Estado em firmar um novo contrato de manuten\u00e7\u00e3o, o munic\u00edpio de Alpin\u00f3polis assumiu interinamente os servi\u00e7os de conserva\u00e7\u00e3o da rodovia MG-446. A medida foi tomada ap\u00f3s o prefeito Rafael Freire ser acionado pelo Departamento de Estradas de Rodagem de Minas Gerais (DER-MG). A medida \u00e9 emergencial e a rodovia est\u00e1 sem contrato de manuten\u00e7\u00e3o desde o m\u00eas de fevereiro. (Folha da Manh\u00e3 \u2013 Passos)<\/span><\/p>\n<p><span><a href=\"https:\/\/clicfolha.com.br\/alpinopolis-assume-manutencao-da-mg-446-abandonada-pelo-estado\/\">https:\/\/clicfolha.com.br\/alpinopolis-assume-manutencao-da-mg-446-abandonada-pelo-estado\/<\/a><\/span><\/p>\n<p><span><\/span><\/p>\n\n<p><strong><span>Hospital entre os bem equipados<\/span><\/strong><\/p>\n<p><span>A Funda\u00e7\u00e3o Cristiano Varella acaba de ser reconhecida como um dos 20 hospitais brasileiros mais bem equipados da Am\u00e9rica Latina para o tratamento oncol\u00f3gico, segundo levantamento realizado pela Global Health Intelligence (GHI), refer\u00eancia internacional em intelig\u00eancia de dados no setor de sa\u00fade. O estudo, divulgado recentemente pela GHI, avaliou hospitais de diversos pa\u00edses da Am\u00e9rica Latina com base em crit\u00e9rios t\u00e9cnicos e estruturais voltados especificamente para o cuidado oncol\u00f3gico. A lista re\u00fane institui\u00e7\u00f5es com os mais altos n\u00edveis de tecnologia e capacidade instalada para o diagn\u00f3stico e tratamento do c\u00e2ncer. (Gazeta de Muria\u00e9)<\/span><\/p>\n<p><span><a href=\"https:\/\/gazetademuriae.com.br\/noticia\/detalhe\/16054\/hospital-mineiro-esta-entre-os-20-hospitais-mais-bem-equipados-da-america-latina-no-tratamento-oncologico\">https:\/\/gazetademuriae.com.br\/noticia\/detalhe\/16054\/hospital-mineiro-esta-entre-os-20-hospitais-mais-bem-equipados-da-america-latina-no-tratamento-oncologico<\/a><\/span><\/p>\n<p><span><\/span><\/p>\n\n<p><strong><span>JF mant\u00e9m jornada de 30 hs<\/span><\/strong><\/p>\n<p><span>O Tribunal de Justi\u00e7a de Minas Gerais (TJMG) confirmou a decis\u00e3o que estabelece uma jornada de trabalho de 30 horas semanais para os servidores da Prefeitura de Juiz de Fora. O relator do caso, desembargador Marcelo Rodrigues, destacou que o munic\u00edpio apresenta baixo n\u00edvel de endividamento e boa capacidade financeira, o que permite a redu\u00e7\u00e3o da carga hor\u00e1ria sem impacto nos vencimentos. A medida cautelar proposta pelo Partido Novo, que pedia o cancelamento da redu\u00e7\u00e3o da jornada, foi rejeitada por unanimidade pelos desembargadores. (Portal RCWTV \u2013 Juiz de Fora)<\/span><\/p>\n<p><span><a href=\"https:\/\/www.rcwtv.com.br\/noticia\/tribunal-de-justica-de-minas-gerais-confirma-escala-de-trabalho-de-30h-semanais-para-servidores-municipais\">https:\/\/www.rcwtv.com.br\/noticia\/tribunal-de-justica-de-minas-gerais-confirma-escala-de-trabalho-de-30h-semanais-para-servidores-municipais<\/a><\/span><\/p>\n<p><span><\/span><\/p>\n\n<p><strong><span>Usiminas prev\u00ea investimentos de at\u00e9 US 2 bilh\u00f5es<\/span><\/strong><\/p>\n<p><span>A Minera\u00e7\u00e3o Usiminas apresentou os avan\u00e7os em suas pr\u00e1ticas de ESG, sigla que significa Ambiental, Social e Governan\u00e7a, destacando a\u00e7\u00f5es ambientais, sociais e de governan\u00e7a corporativa. Essas iniciativas abrangem diversos munic\u00edpios da regi\u00e3o e ampliam o alcance das a\u00e7\u00f5es socioambientais, incluindo Itatiaiu\u00e7u, onde est\u00e1 localizada a opera\u00e7\u00e3o, e Ita\u00fana, Igarap\u00e9, Mateus Leme. a empresa dever\u00e1 investir cerca de US$ 1,5 bilh\u00e3o na estrutura para produzir o pellet feed, tamb\u00e9m conhecido \u201cmin\u00e9rio verde\u201d. Esse min\u00e9rio \u00e9 bem mais fino, com cerca de 0,15 mm, e \u00e9 usado na pelotiza\u00e7\u00e3o para a produ\u00e7\u00e3o de pelotas de min\u00e9rio de ferro. (Folha do Povo \u2013 Ita\u00fana)<\/span><\/p>\n<p><span><a href=\"http:\/\/folhapovoitauna-br.diariomineiro.net\/usiminas-preve-investimentos-de-ate-2-bilhoes-de-dolares-em-5-anos\">http:\/\/folhapovoitauna-br.diariomineiro.net\/usiminas-preve-investimentos-de-ate-2-bilhoes-de-dolares-em-5-anos<\/a><\/span><\/p>\n<p><span><\/span><\/p>","protected":false},"excerpt":{"rendered":"<p>Foto: Divulga\u00e7\u00e3o MBB COLUNA MG Principais destaques dos jornais e portais integrantes da rede Sindijori MG\u00a0 www.sindijorimg.com.br Montes Claros vai adquirir \u00f4nibus el\u00e9tricos A C\u00e2mara de<span class=\"excerpt-hellip\"> [\u2026]<\/span><\/p>\n","protected":false},"author":1,"featured_media":4615,"comment_status":"","ping_status":"open","sticky":false,"template":"","format":"standard","meta":{"_monsterinsights_skip_tracking":false,"_monsterinsights_sitenote_active":false,"_monsterinsights_sitenote_note":"","_monsterinsights_sitenote_category":0,"footnotes":"","jetpack_publicize_message":"","jetpack_publicize_feature_enabled":true,"jetpack_social_post_already_shared":true,"jetpack_social_options":{"image_generator_settings":{"template":"highway","default_image_id":0,"font":"","enabled":false},"version":2}},"categories":[50],"tags":[],"class_list":["post-4614","post","type-post","status-publish","format-standard","has-post-thumbnail","hentry","category-coluna_mg"],"aioseo_notices":[],"jetpack_publicize_connections":[],"_links":{"self":[{"href":"https:\/\/jornalnossahistoria.com.br\/portal\/index.php\/wp-json\/wp\/v2\/posts\/4614","targetHints":{"allow":["GET"]}}],"collection":[{"href":"https:\/\/jornalnossahistoria.com.br\/portal\/index.php\/wp-json\/wp\/v2\/posts"}],"about":[{"href":"https:\/\/jornalnossahistoria.com.br\/portal\/index.php\/wp-json\/wp\/v2\/types\/post"}],"author":[{"embeddable":true,"href":"https:\/\/jornalnossahistoria.com.br\/portal\/index.php\/wp-json\/wp\/v2\/users\/1"}],"replies":[{"embeddable":true,"href":"https:\/\/jornalnossahistoria.com.br\/portal\/index.php\/wp-json\/wp\/v2\/comments?post=4614"}],"version-history":[{"count":0,"href":"https:\/\/jornalnossahistoria.com.br\/portal\/index.php\/wp-json\/wp\/v2\/posts\/4614\/revisions"}],"wp:featuredmedia":[{"embeddable":true,"href":"https:\/\/jornalnossahistoria.com.br\/portal\/index.php\/wp-json\/wp\/v2\/media\/4615"}],"wp:attachment":[{"href":"https:\/\/jornalnossahistoria.com.br\/portal\/index.php\/wp-json\/wp\/v2\/media?parent=4614"}],"wp:term":[{"taxonomy":"category","embeddable":true,"href":"https:\/\/jornalnossahistoria.com.br\/portal\/index.php\/wp-json\/wp\/v2\/categories?post=4614"},{"taxonomy":"post_tag","embeddable":true,"href":"https:\/\/jornalnossahistoria.com.br\/portal\/index.php\/wp-json\/wp\/v2\/tags?post=4614"}],"curies":[{"name":"wp","href":"https:\/\/api.w.org\/{rel}","templated":true}]}}