{"id":4610,"date":"2025-07-08T14:02:20","date_gmt":"2025-07-08T17:02:20","guid":{"rendered":"https:\/\/jornalnossahistoria.com.br\/portal\/index.php\/2025\/07\/08\/sistema-faemg-senar-lanca-campanha-camisa-verde-que-transforma\/"},"modified":"2025-07-08T14:02:20","modified_gmt":"2025-07-08T17:02:20","slug":"sistema-faemg-senar-lanca-campanha-camisa-verde-que-transforma","status":"publish","type":"post","link":"https:\/\/jornalnossahistoria.com.br\/portal\/index.php\/2025\/07\/08\/sistema-faemg-senar-lanca-campanha-camisa-verde-que-transforma\/","title":{"rendered":"Sistema Faemg Senar lan\u00e7a campanha \u201cCamisa Verde Que Transforma\u201d"},"content":{"rendered":"<p class=\"MsoNormal\"><span>FAEMG SENAR | Divulga\u00e7\u00e3o<\/span><\/p>\n<p><span><\/span><span><\/span><span><\/span><span><\/span><span><\/span><span><\/span><\/p>\n<p data-start=\"163\" data-end=\"231\">Entrou no ar nesta segunda-feira (7), data em que se celebra o Dia do Produtor Rural Mineiro e os 74 anos da Federa\u00e7\u00e3o da Agricultura e Pecu\u00e1ria do Estado de Minas Gerais (Faemg), a campanha publicit\u00e1ria <strong data-start=\"437\" data-end=\"470\">\u201cCamisa Verde Que Transforma\u201d<\/strong>. Com foco no fortalecimento da imagem institucional do Sistema Faemg Senar e na valoriza\u00e7\u00e3o do produtor rural mineiro, a iniciativa busca ampliar o reconhecimento da marca junto \u00e0 sociedade e posicionar o Senar Minas como agente de transforma\u00e7\u00e3o no campo.<\/p>\n<p data-start=\"728\" data-end=\"1147\">O elemento central da campanha \u00e9 a tradicional <strong data-start=\"775\" data-end=\"791\">camisa verde<\/strong> usada pelos t\u00e9cnicos de campo do Sistema Faemg Senar \u2014 profissionais que levam diretamente \u00e0s propriedades rurais assist\u00eancia t\u00e9cnica e gerencial, por meio do Programa ATeG, al\u00e9m de outras a\u00e7\u00f5es de qualifica\u00e7\u00e3o. A partir de agora, esse uniforme passa a ser tratado como um <strong data-start=\"1065\" data-end=\"1096\">ativo propriet\u00e1rio da marca<\/strong>, s\u00edmbolo do impacto positivo gerado no meio rural.<\/p>\n<blockquote data-start=\"1149\" data-end=\"1419\">\n<p data-start=\"1151\" data-end=\"1419\">\u201cA camisa verde representa conhecimento, inova\u00e7\u00e3o, gest\u00e3o e renda para quem produz. Onde ela chega, chega tamb\u00e9m a transforma\u00e7\u00e3o que o campo precisa \u2014 e que se reflete em benef\u00edcios para toda a sociedade\u201d, destaca o presidente do Sistema Faemg Senar, Ant\u00f4nio de Salvo.<\/p>\n<\/blockquote>\n<p data-start=\"1421\" data-end=\"1659\">Desenvolvida pela ag\u00eancia <strong data-start=\"1447\" data-end=\"1470\">Dezoito Comunica\u00e7\u00e3o<\/strong>, a campanha ser\u00e1 veiculada em todo o estado, com presen\u00e7a em <strong data-start=\"1532\" data-end=\"1657\">TV aberta e por assinatura, r\u00e1dio, m\u00eddias digitais, redes sociais, pain\u00e9is eletr\u00f4nicos, backbus e revistas especializadas<\/strong>.<\/p>\n<blockquote data-start=\"1661\" data-end=\"1868\">\n<p data-start=\"1663\" data-end=\"1868\">\u201cA estrat\u00e9gia multicanal visa consolidar o novo posicionamento institucional do Sistema Faemg Senar, promovendo a aproxima\u00e7\u00e3o com os p\u00fablicos urbano e rural\u201d, explica o diretor da Dezoito, Helv\u00e9cio Flores.<\/p>\n<\/blockquote>\n<blockquote data-start=\"1870\" data-end=\"2238\">\n<p data-start=\"1872\" data-end=\"2238\">\u201cUma marca forte protege a institui\u00e7\u00e3o em tempos de crise e frente \u00e0 desinforma\u00e7\u00e3o, aumenta a confian\u00e7a dos produtores, atrai parcerias e amplia nossa presen\u00e7a nos debates que importam para o agro. Essa campanha \u00e9 o in\u00edcio de um movimento cont\u00ednuo de valoriza\u00e7\u00e3o da atua\u00e7\u00e3o do Movimento Faemg Senar\u201d, afirma o coordenador de Comunica\u00e7\u00e3o do Sistema, Rog\u00e9rio Maur\u00edcio.<\/p>\n<\/blockquote>\n<h3 data-start=\"2240\" data-end=\"2254\">Estrat\u00e9gia<\/h3>\n<p data-start=\"2256\" data-end=\"2620\">A campanha ser\u00e1 desenvolvida ao longo do segundo semestre de 2025, com etapas que destacam o impacto concreto do ATeG nas diferentes cadeias produtivas. A estrat\u00e9gia tem como base os resultados da <strong data-start=\"2453\" data-end=\"2480\">Pesquisa Quaest \u2013 Faemg<\/strong>, que avaliou a percep\u00e7\u00e3o da popula\u00e7\u00e3o mineira sobre o agroneg\u00f3cio e revelou que <strong data-start=\"2561\" data-end=\"2619\">80% dos entrevistados t\u00eam uma imagem positiva do setor<\/strong>.<\/p>\n<p data-start=\"2622\" data-end=\"2752\">A pesquisa tamb\u00e9m apontou que <strong data-start=\"2652\" data-end=\"2705\">grande parte da popula\u00e7\u00e3o urbana ainda desconhece<\/strong> o trabalho realizado pelo Sistema Faemg Senar.<\/p>\n<blockquote data-start=\"2754\" data-end=\"3075\">\n<p data-start=\"2756\" data-end=\"3075\">\u201cA agropecu\u00e1ria \u00e9 reconhecida como a principal atividade econ\u00f4mica de Minas, \u00e0 frente de setores tradicionais como minera\u00e7\u00e3o, ind\u00fastria e servi\u00e7os. Vamos continuar comunicando quem somos e o que fazemos, para fortalecer ainda mais a confian\u00e7a dos mineiros no setor \u2014 e nos homens e mulheres do campo\u201d, conclui De Salvo.<\/p>\n<\/blockquote>","protected":false},"excerpt":{"rendered":"<p>FAEMG SENAR | Divulga\u00e7\u00e3o Entrou no ar nesta segunda-feira (7), data em que se celebra o Dia do Produtor Rural Mineiro e os 74 anos da<span class=\"excerpt-hellip\"> [\u2026]<\/span><\/p>\n","protected":false},"author":1,"featured_media":4611,"comment_status":"","ping_status":"open","sticky":false,"template":"","format":"standard","meta":{"_monsterinsights_skip_tracking":false,"_monsterinsights_sitenote_active":false,"_monsterinsights_sitenote_note":"","_monsterinsights_sitenote_category":0,"footnotes":"","jetpack_publicize_message":"","jetpack_publicize_feature_enabled":true,"jetpack_social_post_already_shared":true,"jetpack_social_options":{"image_generator_settings":{"template":"highway","default_image_id":0,"font":"","enabled":false},"version":2}},"categories":[51],"tags":[],"class_list":["post-4610","post","type-post","status-publish","format-standard","has-post-thumbnail","hentry","category-sindijori_mg"],"aioseo_notices":[],"jetpack_publicize_connections":[],"_links":{"self":[{"href":"https:\/\/jornalnossahistoria.com.br\/portal\/index.php\/wp-json\/wp\/v2\/posts\/4610","targetHints":{"allow":["GET"]}}],"collection":[{"href":"https:\/\/jornalnossahistoria.com.br\/portal\/index.php\/wp-json\/wp\/v2\/posts"}],"about":[{"href":"https:\/\/jornalnossahistoria.com.br\/portal\/index.php\/wp-json\/wp\/v2\/types\/post"}],"author":[{"embeddable":true,"href":"https:\/\/jornalnossahistoria.com.br\/portal\/index.php\/wp-json\/wp\/v2\/users\/1"}],"replies":[{"embeddable":true,"href":"https:\/\/jornalnossahistoria.com.br\/portal\/index.php\/wp-json\/wp\/v2\/comments?post=4610"}],"version-history":[{"count":0,"href":"https:\/\/jornalnossahistoria.com.br\/portal\/index.php\/wp-json\/wp\/v2\/posts\/4610\/revisions"}],"wp:featuredmedia":[{"embeddable":true,"href":"https:\/\/jornalnossahistoria.com.br\/portal\/index.php\/wp-json\/wp\/v2\/media\/4611"}],"wp:attachment":[{"href":"https:\/\/jornalnossahistoria.com.br\/portal\/index.php\/wp-json\/wp\/v2\/media?parent=4610"}],"wp:term":[{"taxonomy":"category","embeddable":true,"href":"https:\/\/jornalnossahistoria.com.br\/portal\/index.php\/wp-json\/wp\/v2\/categories?post=4610"},{"taxonomy":"post_tag","embeddable":true,"href":"https:\/\/jornalnossahistoria.com.br\/portal\/index.php\/wp-json\/wp\/v2\/tags?post=4610"}],"curies":[{"name":"wp","href":"https:\/\/api.w.org\/{rel}","templated":true}]}}