{"id":4608,"date":"2025-07-08T11:14:43","date_gmt":"2025-07-08T14:14:43","guid":{"rendered":"https:\/\/jornalnossahistoria.com.br\/portal\/index.php\/2025\/07\/08\/energia-recebe-investimentos-em-minas\/"},"modified":"2025-07-08T11:14:43","modified_gmt":"2025-07-08T14:14:43","slug":"energia-recebe-investimentos-em-minas","status":"publish","type":"post","link":"https:\/\/jornalnossahistoria.com.br\/portal\/index.php\/2025\/07\/08\/energia-recebe-investimentos-em-minas\/","title":{"rendered":"Energia recebe investimentos em Minas"},"content":{"rendered":"<p><span>Foto: Toby Melville \/ Reuters \/ DC<\/span><\/p>\n\n<p><strong><span>COLUNA MG<\/span><\/strong><\/p>\n<p><span>Principais destaques dos jornais e portais integrantes da rede Sindijori MG\u00a0<\/span><\/p>\n<p><span><a href=\"http:\/\/www.sindijorimg.com.br\/\">www.sindijorimg.com.br<\/a><\/span><\/p>\n<p><span><\/span><\/p>\n\n<p><strong><span>Energia recebe investimentos em Minas<\/span><\/strong><\/p>\n<p><span>O setor de energia em Minas Gerais se prepara para receber um dos maiores aportes da hist\u00f3ria, com destaque para o avan\u00e7o nas regi\u00f5es Norte e Tri\u00e2ngulo. Entre 2025 e 2029, os investimentos previstos por distribuidoras no Estado somam R$ 31,5 bilh\u00f5es \u2013 o dobro do registrado no quadri\u00eanio anterior (2020-2024), quando alcan\u00e7ou R$ 15,7 bilh\u00f5es. O montante consta no Plano de Desenvolvimento da Distribui\u00e7\u00e3o (PDD) divulgado pela Ag\u00eancia Nacional de Energia El\u00e9trica (Aneel). Do total, R$ 22 bilh\u00f5es ser\u00e3o destinados para expans\u00e3o, R$ 5,2 bilh\u00f5es para melhorias e R$ 4,1 bilh\u00f5es em renova\u00e7\u00e3o. (Di\u00e1rio do Com\u00e9rcio \u2013 Belo Horizonte)<\/span><\/p>\n<p><span><a href=\"https:\/\/diariodocomercio.com.br\/economia\/investimentos-energia-ultrapassam-r-30-bilhoes-minas-ate-2029\/\">https:\/\/diariodocomercio.com.br\/economia\/investimentos-energia-ultrapassam-r-30-bilhoes-minas-ate-2029\/<\/a><\/span><\/p>\n<p><span><\/span><\/p>\n\n<p><strong><span>Projeto consolida parcerias na regi\u00e3o<\/span><\/strong><\/p>\n<p><span>Um projeto de inicia\u00e7\u00e3o cient\u00edfica do Centro Universit\u00e1rio de Patos de Minas (Unipam), coordenado pelo professor Luiz Fl\u00e1vio Nepomuceno e executado pelo estudante Murilo Soares Marra, est\u00e1 se destacando como vitrine para a gen\u00e9tica animal na regi\u00e3o. A pesquisa, vinculada ao Pibic, compara a efic\u00e1cia de dois protocolos de transfer\u00eancia de embri\u00f5es bovinos da ra\u00e7a Nelore (frescos e congelados), com apoio das empresas Alta Genetics e Trans Ova Genetics. (Folha Patense \u2013 Patos de Minas)<\/span><\/p>\n<p><span><a href=\"https:\/\/www.folhapatense.com.br\/projeto-de-iniciacao-cientifica-consolida-parcerias-e-torna-se-vitrine-para-genetica-animal-na-regiao\">https:\/\/www.folhapatense.com.br\/projeto-de-iniciacao-cientifica-consolida-parcerias-e-torna-se-vitrine-para-genetica-animal-na-regiao<\/a><\/span><\/p>\n<p><span><\/span><\/p>\n\n<p><strong><span>Associa\u00e7\u00f5es Rurais ganham apoio<\/span><\/strong><\/p>\n<p><span>A Prefeitura de Patroc\u00ednio ampliou em mais de 50% o apoio financeiro \u00e0s associa\u00e7\u00f5es rurais, com repasses mensais de R$ 500 para apoio administrativo e R$ 3.000 para associa\u00e7\u00f5es com patrulhas mecanizadas. Tamb\u00e9m ser\u00e3o distribu\u00eddas 5 mil toneladas de calc\u00e1rio com frete incluso e reativado o programa de bolsas para estudantes do curso T\u00e9cnico em Agropecu\u00e1ria. A medida busca fortalecer a agricultura familiar, com gest\u00e3o da Secretaria de Agricultura. (Jornal de Patroc\u00ednio)<\/span><\/p>\n<p><span><a href=\"https:\/\/www.jornaldepatrocinio.com\/ampliado-em-mais-de-50-o-apoio-financeiro-as-associacoes-rurais-de-patrocinio\">https:\/\/www.jornaldepatrocinio.com\/ampliado-em-mais-de-50-o-apoio-financeiro-as-associacoes-rurais-de-patrocinio<\/a><\/span><\/p>\n<p><span><\/span><\/p>\n\n<p><strong><span>Abadia dos Dourados investe em forma\u00e7\u00e3o<\/span><\/strong><\/p>\n<p><span>A Prefeitura de Abadia dos Dourados realizou uma capacita\u00e7\u00e3o voltada \u00e0 Educa\u00e7\u00e3o Especial para profissionais da rede municipal de ensino, com a especialista Michelli Sabatini, do Instituto Avivar. A forma\u00e7\u00e3o destacou a import\u00e2ncia do olhar individualizado e da empatia na pr\u00e1tica pedag\u00f3gica, refor\u00e7ando o compromisso do munic\u00edpio com uma educa\u00e7\u00e3o inclusiva e humanizada. A iniciativa integra um programa de valoriza\u00e7\u00e3o dos educadores e visa preparar as escolas para acolher e desenvolver todos os alunos, reconhecendo a diversidade como um valor essencial para uma sociedade mais justa. (Gazeta do Tri\u00e2ngulo \u2013 Araguari)<\/span><\/p>\n<p><span><a href=\"https:\/\/gazetadotriangulo.com.br\/capacitacao-que-transforma-prefeitura-de-abadia-dos-dourados-investe-em-formacao-de-educadores-para-educacao-especial\/\">https:\/\/gazetadotriangulo.com.br\/capacitacao-que-transforma-prefeitura-de-abadia-dos-dourados-investe-em-formacao-de-educadores-para-educacao-especial\/<\/a><\/span><\/p>\n<p><span><\/span><\/p>\n\n<p><strong><span>Fiemg lan\u00e7a pr\u00eamio\u00a0<\/span><\/strong><\/p>\n<p><span>A Federa\u00e7\u00e3o das Ind\u00fastrias do Estado de Minas Gerais (Fiemg) lan\u00e7ou a 1\u00aa edi\u00e7\u00e3o do Pr\u00eamio Fiemg de Economia, que vai premiar com at\u00e9 R$ 20 mil os melhores artigos acad\u00eamicos sobre temas econ\u00f4micos ligados \u00e0 ind\u00fastria. As inscri\u00e7\u00f5es v\u00e3o at\u00e9 22 de julho pelo site da entidade, e podem participar estudantes, professores, pesquisadores, profissionais da ind\u00fastria e empres\u00e1rios. Os trabalhos devem apresentar an\u00e1lises e solu\u00e7\u00f5es para desafios do setor industrial mineiro e nacional, e ser\u00e3o avaliados por uma banca t\u00e9cnica. (Balc\u00e3o News \u2013 Belo Horizonte)<\/span><\/p>\n<p><span><a href=\"https:\/\/balcaonews.com.br\/2025\/07\/07\/fiemg-lanca-premio-para-artigos-sobre-economia-e-industria\/\">https:\/\/balcaonews.com.br\/2025\/07\/07\/fiemg-lanca-premio-para-artigos-sobre-economia-e-industria\/<\/a><\/span><\/p>\n<p><span><\/span><\/p>\n\n<p><strong><span>Fabriciano ter\u00e1 festival de blues<\/span><\/strong><\/p>\n<p><span>As melodias do Blues e do Jazz ir\u00e3o tomar conta da comunidade de Coronel Fabriciano e regi\u00e3o no s\u00e1bado, 12, com o evento gratuito \u201cKomBlues \u2013 Festival de Blues e Jazz de Coronel Fabriciano\u201d, na Rua Ang\u00e9lica O evento \u00e9 realizado por meio do Edital de Chamamento P\u00fablico N\u00ba002\/2024 \u2013 Sele\u00e7\u00e3o de Projetos culturais da Pol\u00edtica Nacional Aldir Blanc de Fomento \u00e0 cultura da Cidade de Coronel Fabriciano \u2013 MG, com apoio da Prefeitura Municipal de Coronel Fabriciano, do Clube Cl\u00e1ssico sobre Rodas e do Instituto Amarelo \u2013 Ponto de Cultura, com a realiza\u00e7\u00e3o da Criativo Produ\u00e7\u00f5es e o Minist\u00e9rio da Cultura do Governo Federal. (Portal Silmara de Freitas)<\/span><\/p>\n<p><span><a href=\"https:\/\/www.silmaradefreitas.com.br\/komblues-festival-de-blues-e-jazz-acontece-em-cel-fabriciano-neste-sabado\/\">https:\/\/www.silmaradefreitas.com.br\/komblues-festival-de-blues-e-jazz-acontece-em-cel-fabriciano-neste-sabado\/<\/a><\/span><\/p>\n<p><span><\/span><\/p>","protected":false},"excerpt":{"rendered":"<p>Foto: Toby Melville \/ Reuters \/ DC COLUNA MG Principais destaques dos jornais e portais integrantes da rede Sindijori MG\u00a0 www.sindijorimg.com.br Energia recebe investimentos em Minas<span class=\"excerpt-hellip\"> [\u2026]<\/span><\/p>\n","protected":false},"author":1,"featured_media":4609,"comment_status":"","ping_status":"open","sticky":false,"template":"","format":"standard","meta":{"_monsterinsights_skip_tracking":false,"_monsterinsights_sitenote_active":false,"_monsterinsights_sitenote_note":"","_monsterinsights_sitenote_category":0,"footnotes":"","jetpack_publicize_message":"","jetpack_publicize_feature_enabled":true,"jetpack_social_post_already_shared":true,"jetpack_social_options":{"image_generator_settings":{"template":"highway","default_image_id":0,"font":"","enabled":false},"version":2}},"categories":[50],"tags":[],"class_list":["post-4608","post","type-post","status-publish","format-standard","has-post-thumbnail","hentry","category-coluna_mg"],"aioseo_notices":[],"jetpack_publicize_connections":[],"_links":{"self":[{"href":"https:\/\/jornalnossahistoria.com.br\/portal\/index.php\/wp-json\/wp\/v2\/posts\/4608","targetHints":{"allow":["GET"]}}],"collection":[{"href":"https:\/\/jornalnossahistoria.com.br\/portal\/index.php\/wp-json\/wp\/v2\/posts"}],"about":[{"href":"https:\/\/jornalnossahistoria.com.br\/portal\/index.php\/wp-json\/wp\/v2\/types\/post"}],"author":[{"embeddable":true,"href":"https:\/\/jornalnossahistoria.com.br\/portal\/index.php\/wp-json\/wp\/v2\/users\/1"}],"replies":[{"embeddable":true,"href":"https:\/\/jornalnossahistoria.com.br\/portal\/index.php\/wp-json\/wp\/v2\/comments?post=4608"}],"version-history":[{"count":0,"href":"https:\/\/jornalnossahistoria.com.br\/portal\/index.php\/wp-json\/wp\/v2\/posts\/4608\/revisions"}],"wp:featuredmedia":[{"embeddable":true,"href":"https:\/\/jornalnossahistoria.com.br\/portal\/index.php\/wp-json\/wp\/v2\/media\/4609"}],"wp:attachment":[{"href":"https:\/\/jornalnossahistoria.com.br\/portal\/index.php\/wp-json\/wp\/v2\/media?parent=4608"}],"wp:term":[{"taxonomy":"category","embeddable":true,"href":"https:\/\/jornalnossahistoria.com.br\/portal\/index.php\/wp-json\/wp\/v2\/categories?post=4608"},{"taxonomy":"post_tag","embeddable":true,"href":"https:\/\/jornalnossahistoria.com.br\/portal\/index.php\/wp-json\/wp\/v2\/tags?post=4608"}],"curies":[{"name":"wp","href":"https:\/\/api.w.org\/{rel}","templated":true}]}}