{"id":4366,"date":"2025-06-05T13:52:16","date_gmt":"2025-06-05T16:52:16","guid":{"rendered":"https:\/\/jornalnossahistoria.com.br\/portal\/index.php\/2025\/06\/05\/brasil-propoe-novo-modelo-de-financiamento-climatico-com-foco-em-justica-social-e-sustentabilidade\/"},"modified":"2025-06-05T13:52:16","modified_gmt":"2025-06-05T16:52:16","slug":"brasil-propoe-novo-modelo-de-financiamento-climatico-com-foco-em-justica-social-e-sustentabilidade","status":"publish","type":"post","link":"https:\/\/jornalnossahistoria.com.br\/portal\/index.php\/2025\/06\/05\/brasil-propoe-novo-modelo-de-financiamento-climatico-com-foco-em-justica-social-e-sustentabilidade\/","title":{"rendered":"Brasil prop\u00f5e novo modelo de financiamento clim\u00e1tico com foco em justi\u00e7a social e sustentabilidade"},"content":{"rendered":"<p class=\"MsoNormal\"><span><span>Sigma Lithium \/ Divulga\u00e7\u00e3o<\/span><\/span><\/p>\n<p><\/p>\n<p><span>Durante o <\/span><strong data-start=\"316\" data-end=\"365\">II F\u00f3rum de Finan\u00e7as Clim\u00e1ticas e de Natureza<\/strong><span>, especialistas destacaram o papel estrat\u00e9gico do Brasil na <\/span><strong data-start=\"425\" data-end=\"449\">transi\u00e7\u00e3o energ\u00e9tica<\/strong><span> e no <\/span><strong data-start=\"455\" data-end=\"494\">mercado global de minerais cr\u00edticos<\/strong><span>.<\/span><\/p>\n<p data-start=\"497\" data-end=\"823\">O evento, realizado no Rio de Janeiro, reuniu <strong data-start=\"543\" data-end=\"602\">lideran\u00e7as pol\u00edticas, empresariais e da sociedade civil<\/strong> para discutir solu\u00e7\u00f5es financeiras que conciliem <strong data-start=\"652\" data-end=\"723\">desenvolvimento sustent\u00e1vel, justi\u00e7a social e preserva\u00e7\u00e3o ambiental<\/strong>. A pauta \u00e9 considerada estrat\u00e9gica no caminho rumo \u00e0 <strong data-start=\"777\" data-end=\"786\">COP30<\/strong>, que ser\u00e1 sediada em <strong data-start=\"808\" data-end=\"822\">Bel\u00e9m (PA)<\/strong>.<\/p>\n<p data-start=\"825\" data-end=\"1182\">Organizado pelas institui\u00e7\u00f5es <strong data-start=\"855\" data-end=\"990\">Open Society Foundations, Instituto Clima e Sociedade (iCS), Instituto Igarap\u00e9, Instituto AYA, Instituto Ita\u00fasa e Instituto Arapya\u00fa<\/strong>, o encontro foi voltado para representantes do setor p\u00fablico, da iniciativa privada, de institui\u00e7\u00f5es financeiras, ag\u00eancias multilaterais, academia, organiza\u00e7\u00f5es da sociedade civil e imprensa.<\/p>\n<p data-start=\"1184\" data-end=\"1354\">O embaixador <strong data-start=\"1197\" data-end=\"1221\">Andr\u00e9 Corr\u00eaa do Lago<\/strong>, presidente designado da COP30, ressaltou os <strong data-start=\"1267\" data-end=\"1317\">desafios hist\u00f3ricos do financiamento clim\u00e1tico<\/strong> e a necessidade urgente de inova\u00e7\u00e3o:<\/p>\n<blockquote data-start=\"1356\" data-end=\"1684\">\n<p data-start=\"1358\" data-end=\"1684\">\u201cHavia uma expectativa de que os fundos de clima suprissem as necessidades dos pa\u00edses em desenvolvimento, mas os valores nunca chegaram ao patamar esperado. Precisamos repensar como reunir os recursos necess\u00e1rios \u2014 esse n\u00famero de <strong data-start=\"1588\" data-end=\"1603\">1,3 trilh\u00e3o<\/strong> pode assustar, mas, trabalhando juntos, podemos encontrar os caminhos\u201d, afirmou.<\/p>\n<\/blockquote>\n<p data-start=\"1686\" data-end=\"1979\">A <strong data-start=\"1688\" data-end=\"1724\">dimens\u00e3o geopol\u00edtica e hist\u00f3rica<\/strong> do debate tamb\u00e9m foi abordada com profundidade pela <strong data-start=\"1777\" data-end=\"1827\">ex-ministra do Meio Ambiente Izabella Teixeira<\/strong>, que destacou a transforma\u00e7\u00e3o do cen\u00e1rio internacional desde a <strong data-start=\"1891\" data-end=\"1901\">Rio-92<\/strong> e alertou para a necessidade de abandonar ilus\u00f5es sobre consensos universais:<\/p>\n<blockquote data-start=\"1981\" data-end=\"2417\">\n<p data-start=\"1983\" data-end=\"2289\">\u201cO mundo hoje \u00e9 fragmentado. N\u00e3o \u00e9 mais aquele da d\u00e9cada de 1990, quando a democracia e o multilateralismo impulsionavam a agenda global. Estamos em um s\u00e9culo marcado por <strong data-start=\"2154\" data-end=\"2205\">conflitos, competi\u00e7\u00e3o e interesses geopol\u00edticos<\/strong>. Falar de sustentabilidade e produtividade agora exige outra abordagem\u201d, afirmou.<\/p>\n<p data-start=\"2296\" data-end=\"2417\">Ela ainda acrescentou: \u201cN\u00e3o acredito em consensos, mas sim em <strong data-start=\"2358\" data-end=\"2415\">converg\u00eancias de interesses em torno de causas comuns<\/strong>.\u201d<\/p>\n<\/blockquote>\n<p data-start=\"2419\" data-end=\"2629\">Do ponto de vista empresarial, <strong data-start=\"2450\" data-end=\"2465\">L\u00edgia Pinto<\/strong>, vice-presidente de Rela\u00e7\u00f5es Institucionais da <strong data-start=\"2513\" data-end=\"2530\">Sigma Lithium<\/strong>, defendeu o <strong data-start=\"2543\" data-end=\"2598\">protagonismo brasileiro na ind\u00fastria do l\u00edtio verde<\/strong> como uma vantagem competitiva:<\/p>\n<blockquote data-start=\"2631\" data-end=\"2852\">\n<p data-start=\"2633\" data-end=\"2852\">\u201cProduzimos com uma matriz energ\u00e9tica limpa, audit\u00e1vel, sem barragens e sem uso de \u00e1cido sulf\u00farico. Isso nunca foi feito antes. Nossa <strong data-start=\"2767\" data-end=\"2840\">legisla\u00e7\u00e3o ambiental e trabalhista \u00e9 um diferencial, n\u00e3o um obst\u00e1culo<\/strong>\u201d, destacou.<\/p>\n<\/blockquote>\n<p data-start=\"2854\" data-end=\"3073\">A executiva tamb\u00e9m refor\u00e7ou a import\u00e2ncia das <strong data-start=\"2900\" data-end=\"2954\">parcerias entre setor p\u00fablico e iniciativa privada<\/strong> para aproveitar uma <strong data-start=\"2975\" data-end=\"3021\">oportunidade hist\u00f3rica de lideran\u00e7a global<\/strong> na cadeia de materiais para a transi\u00e7\u00e3o energ\u00e9tica:<\/p>\n<blockquote data-start=\"3075\" data-end=\"3154\">\n<p data-start=\"3077\" data-end=\"3154\">\u201cEsse \u00e9 o momento de apresentar ao mundo o que estamos construindo\u201d, afirmou.<\/p>\n<\/blockquote>\n<hr data-start=\"3156\" data-end=\"3159\"\/>\n<h2 data-start=\"3161\" data-end=\"3202\">\u201cRoteiro de Baku para Bel\u00e9m para 1,3T\u201d<\/h2>\n<p data-start=\"3204\" data-end=\"3436\">Durante o evento, foi lan\u00e7ado o <strong data-start=\"3236\" data-end=\"3278\">\u201cRoteiro de Baku para Bel\u00e9m para 1,3T\u201d<\/strong>, uma <strong data-start=\"3284\" data-end=\"3305\">proposta concreta<\/strong> para ampliar o acesso ao <strong data-start=\"3331\" data-end=\"3388\">financiamento clim\u00e1tico nos pa\u00edses em desenvolvimento<\/strong>, integrando as agendas de <strong data-start=\"3415\" data-end=\"3435\">clima e natureza<\/strong>.<\/p>\n<p data-start=\"3204\" data-end=\"3436\">\n<\/p><p><span><img decoding=\"async\" src=\"https:\/\/www.sindijorimg.com.br\/uploads\/images\/202505\/image_750x_683a279fa2411.jpg\" alt=\"\"\/><span><em>Painel sobre inova\u00e7\u00e3o e financiamento clim\u00e1tico no F\u00f3rum Brasileiro de Finan\u00e7as Clim\u00e1ticas.<\/em><\/span><\/span><\/p>\n<p data-start=\"3438\" data-end=\"3648\">O f\u00f3rum tamb\u00e9m destacou que <strong data-start=\"3466\" data-end=\"3530\">mais de 50% do PIB global depende de servi\u00e7os ecossist\u00eamicos<\/strong>, e que o sucesso das metas clim\u00e1ticas e de biodiversidade exige uma <strong data-start=\"3599\" data-end=\"3647\">transforma\u00e7\u00e3o profunda no sistema financeiro<\/strong>.<\/p>\n<hr data-start=\"3650\" data-end=\"3653\"\/>\n<h2 data-start=\"3655\" data-end=\"3701\">Brasil quer liderar uma nova economia verde<\/h2>\n<p data-start=\"3703\" data-end=\"4035\">A poucos meses da <strong data-start=\"3721\" data-end=\"3730\">COP30<\/strong>, o Brasil busca se consolidar como <strong data-start=\"3766\" data-end=\"3827\">refer\u00eancia internacional em solu\u00e7\u00f5es baseadas na natureza<\/strong>, cadeias minerais respons\u00e1veis e <strong data-start=\"3861\" data-end=\"3898\">financiamento clim\u00e1tico inclusivo<\/strong>. O pa\u00eds se apresenta ao mundo como <strong data-start=\"3934\" data-end=\"3981\">exemplo de desenvolvimento de baixo carbono<\/strong>, com <strong data-start=\"3987\" data-end=\"4034\">justi\u00e7a social e responsabilidade ambiental<\/strong>.<\/p>\n<p data-start=\"4037\" data-end=\"4322\">A segunda edi\u00e7\u00e3o do F\u00f3rum consolida as conquistas do primeiro encontro, realizado em <strong data-start=\"4122\" data-end=\"4157\">fevereiro de 2024, em S\u00e3o Paulo<\/strong>, que contou com <strong data-start=\"4174\" data-end=\"4232\">mais de 1.200 participantes presenciais e 1.500 online<\/strong>. Na ocasi\u00e3o, foi elaborado um <strong data-start=\"4263\" data-end=\"4321\">documento de recomenda\u00e7\u00e3o entregue oficialmente ao G20<\/strong>.<\/p>\n\n<p data-start=\"4324\" data-end=\"4607\">Por meio do intenso di\u00e1logo entre investidores, representantes de governos, l\u00edderes empresariais e especialistas do Brasil e do exterior, o <strong data-start=\"4464\" data-end=\"4517\">F\u00f3rum de Finan\u00e7as Clim\u00e1ticas e de Natureza (FFCN)<\/strong> se afirma como um <strong data-start=\"4536\" data-end=\"4606\">espa\u00e7o estrat\u00e9gico de articula\u00e7\u00e3o entre finan\u00e7as, clima e natureza<\/strong>.<\/p>","protected":false},"excerpt":{"rendered":"<p>Sigma Lithium \/ Divulga\u00e7\u00e3o Durante o II F\u00f3rum de Finan\u00e7as Clim\u00e1ticas e de Natureza, especialistas destacaram o papel estrat\u00e9gico do Brasil na transi\u00e7\u00e3o energ\u00e9tica e no<span class=\"excerpt-hellip\"> [\u2026]<\/span><\/p>\n","protected":false},"author":1,"featured_media":4367,"comment_status":"","ping_status":"open","sticky":false,"template":"","format":"standard","meta":{"_monsterinsights_skip_tracking":false,"_monsterinsights_sitenote_active":false,"_monsterinsights_sitenote_note":"","_monsterinsights_sitenote_category":0,"footnotes":"","jetpack_publicize_message":"","jetpack_publicize_feature_enabled":true,"jetpack_social_post_already_shared":true,"jetpack_social_options":{"image_generator_settings":{"template":"highway","default_image_id":0,"font":"","enabled":false},"version":2}},"categories":[],"tags":[],"class_list":["post-4366","post","type-post","status-publish","format-standard","has-post-thumbnail","hentry"],"aioseo_notices":[],"jetpack_publicize_connections":[],"_links":{"self":[{"href":"https:\/\/jornalnossahistoria.com.br\/portal\/index.php\/wp-json\/wp\/v2\/posts\/4366","targetHints":{"allow":["GET"]}}],"collection":[{"href":"https:\/\/jornalnossahistoria.com.br\/portal\/index.php\/wp-json\/wp\/v2\/posts"}],"about":[{"href":"https:\/\/jornalnossahistoria.com.br\/portal\/index.php\/wp-json\/wp\/v2\/types\/post"}],"author":[{"embeddable":true,"href":"https:\/\/jornalnossahistoria.com.br\/portal\/index.php\/wp-json\/wp\/v2\/users\/1"}],"replies":[{"embeddable":true,"href":"https:\/\/jornalnossahistoria.com.br\/portal\/index.php\/wp-json\/wp\/v2\/comments?post=4366"}],"version-history":[{"count":0,"href":"https:\/\/jornalnossahistoria.com.br\/portal\/index.php\/wp-json\/wp\/v2\/posts\/4366\/revisions"}],"wp:featuredmedia":[{"embeddable":true,"href":"https:\/\/jornalnossahistoria.com.br\/portal\/index.php\/wp-json\/wp\/v2\/media\/4367"}],"wp:attachment":[{"href":"https:\/\/jornalnossahistoria.com.br\/portal\/index.php\/wp-json\/wp\/v2\/media?parent=4366"}],"wp:term":[{"taxonomy":"category","embeddable":true,"href":"https:\/\/jornalnossahistoria.com.br\/portal\/index.php\/wp-json\/wp\/v2\/categories?post=4366"},{"taxonomy":"post_tag","embeddable":true,"href":"https:\/\/jornalnossahistoria.com.br\/portal\/index.php\/wp-json\/wp\/v2\/tags?post=4366"}],"curies":[{"name":"wp","href":"https:\/\/api.w.org\/{rel}","templated":true}]}}