{"id":4364,"date":"2025-06-05T13:52:12","date_gmt":"2025-06-05T16:52:12","guid":{"rendered":"https:\/\/jornalnossahistoria.com.br\/portal\/index.php\/2025\/06\/05\/brasil-livre-de-febre-aftosa-sem-vacinacao\/"},"modified":"2025-06-05T13:52:12","modified_gmt":"2025-06-05T16:52:12","slug":"brasil-livre-de-febre-aftosa-sem-vacinacao","status":"publish","type":"post","link":"https:\/\/jornalnossahistoria.com.br\/portal\/index.php\/2025\/06\/05\/brasil-livre-de-febre-aftosa-sem-vacinacao\/","title":{"rendered":"Brasil livre de febre aftosa sem vacina\u00e7\u00e3o"},"content":{"rendered":"<p class=\"MsoNormal\"><span>FAEMG SENAR | Divulga\u00e7\u00e3o<\/span><\/p>\n<p><span><\/span><span><\/span><span><\/span><span><\/span><span><\/span><\/p>\n<p data-start=\"229\" data-end=\"651\">O Brasil recebeu, nesta semana, durante a <strong data-start=\"271\" data-end=\"359\">92\u00aa Sess\u00e3o Geral da Assembleia Mundial da Organiza\u00e7\u00e3o Mundial de Sa\u00fade Animal (OMSA)<\/strong>, em Paris, o <strong data-start=\"373\" data-end=\"432\">certificado de pa\u00eds livre de febre aftosa sem vacina\u00e7\u00e3o<\/strong>. Esse reconhecimento hist\u00f3rico <strong data-start=\"464\" data-end=\"523\">encerra mais de seis d\u00e9cadas de campanhas de imuniza\u00e7\u00e3o<\/strong> e refor\u00e7a o compromisso do pa\u00eds \u2014 e de <strong data-start=\"563\" data-end=\"579\">Minas Gerais<\/strong> \u2014 com a <strong data-start=\"588\" data-end=\"607\">sanidade animal<\/strong> e a <strong data-start=\"612\" data-end=\"650\">qualidade dos alimentos produzidos<\/strong>.<\/p>\n<p data-start=\"653\" data-end=\"820\">Segundo o presidente do <a href=\"https:\/\/www.sistemafaemg.org.br\/senar\"><strong data-start=\"677\" data-end=\"700\">Sistema Faemg Senar<\/strong><\/a>, <strong data-start=\"702\" data-end=\"722\">Ant\u00f4nio de Salvo<\/strong>, o novo status sanit\u00e1rio representa uma <strong data-start=\"763\" data-end=\"818\">verdadeira transforma\u00e7\u00e3o para a pecu\u00e1ria brasileira<\/strong>.<\/p>\n<blockquote data-start=\"822\" data-end=\"1254\">\n<p data-start=\"824\" data-end=\"1254\"><strong data-start=\"824\" data-end=\"1245\">\u201c\u00c9 uma conquista extraordin\u00e1ria para o setor produtivo e para todo o pa\u00eds. Foram mais de 65 anos de trabalho intenso, com vacina\u00e7\u00e3o, controle rigoroso e investimentos constantes em defesa sanit\u00e1ria. A febre aftosa, embora n\u00e3o ofere\u00e7a risco \u00e0 sa\u00fade humana, sempre foi uma barreira sanit\u00e1ria que impactava n\u00e3o apenas a pecu\u00e1ria, mas toda a credibilidade dos produtos agropecu\u00e1rios brasileiros no mercado internacional\u201d,<\/strong> destaca.<\/p>\n<\/blockquote>\n<p data-start=\"1256\" data-end=\"1319\">Para ele, o reconhecimento \u00e9 fruto de <strong data-start=\"1294\" data-end=\"1317\">um esfor\u00e7o conjunto<\/strong>:<\/p>\n<blockquote data-start=\"1321\" data-end=\"1730\">\n<p data-start=\"1323\" data-end=\"1730\"><strong data-start=\"1323\" data-end=\"1720\">\u201cParabenizo o Instituto Mineiro de Agropecu\u00e1ria (IMA), o Minist\u00e9rio da Agricultura, que trabalharam muito bem, e os produtores rurais, que aportaram, via Guia de Tr\u00e2nsito Animal (GTA), o recurso necess\u00e1rio para que o sistema de defesa sanit\u00e1ria pudesse funcionar bem. O certificado certamente vai valorizar ainda mais a nossa carne bovina, que \u00e9 a mais saud\u00e1vel, verde e sustent\u00e1vel do mundo\u201d,<\/strong> completa.<\/p>\n<\/blockquote>\n<hr data-start=\"1732\" data-end=\"1735\"\/>\n<h2 data-start=\"1737\" data-end=\"1841\"><strong data-start=\"1740\" data-end=\"1841\">Marco na pecu\u00e1ria nacional abre portas para novos mercados e fortalece a imagem sanit\u00e1ria do pa\u00eds<\/strong><\/h2>\n<h3 data-start=\"1843\" data-end=\"1863\"><strong data-start=\"1847\" data-end=\"1863\">Minas Gerais<\/strong><\/h3>\n<p data-start=\"1865\" data-end=\"2066\">Segundo o <strong data-start=\"1875\" data-end=\"1953\">gerente de Rela\u00e7\u00f5es Institucionais e Governamentais do Sistema Faemg Senar<\/strong>, <strong data-start=\"1955\" data-end=\"1975\">Altino Rodrigues<\/strong>, a institui\u00e7\u00e3o teve <strong data-start=\"1996\" data-end=\"2065\">papel fundamental no avan\u00e7o do controle da febre aftosa no Brasil<\/strong>.<\/p>\n<blockquote data-start=\"2068\" data-end=\"2396\">\n<p data-start=\"2070\" data-end=\"2396\"><strong data-start=\"2070\" data-end=\"2396\">\u201cMinas Gerais, em especial, era um estado extremamente desafiador, porque t\u00ednhamos dois circuitos pecu\u00e1rios distintos: o circuito centro-oeste e o circuito leste. Isso nos obrigou, naquela \u00e9poca, a dividir o estado, implantando cerca de 40 barreiras sanit\u00e1rias que impediam o tr\u00e2nsito de animais de uma regi\u00e3o para outra.\u201d<\/strong><\/p>\n<\/blockquote>\n<p data-start=\"2398\" data-end=\"2435\">Ele relembra os desafios enfrentados:<\/p>\n<blockquote data-start=\"2437\" data-end=\"3013\">\n<p data-start=\"2439\" data-end=\"3013\"><strong data-start=\"2439\" data-end=\"2938\">\u201cTodo o gado que vinha do Norte de Minas, da Bahia, de Sergipe e de outros estados do circuito leste n\u00e3o podia transitar para o centro-oeste, que abrangia regi\u00f5es como o Tri\u00e2ngulo Mineiro, Mato Grosso e S\u00e3o Paulo. Foi uma decis\u00e3o dif\u00edcil, que gerou muita resist\u00eancia e preocupa\u00e7\u00e3o de alguns produtores. Mas era uma medida necess\u00e1ria. A Federa\u00e7\u00e3o da Agricultura, com sua lideran\u00e7a, teve um papel crucial, mostrando que aquele esfor\u00e7o era fundamental para o avan\u00e7o sanit\u00e1rio de Minas e do Brasil.\u201d<\/strong>, acrescenta Altino, que representa o Sistema Faemg Senar no f\u00f3rum mundial.<\/p>\n<\/blockquote>\n<p data-start=\"3015\" data-end=\"3191\">O reconhecimento \u00e9 fruto do <strong data-start=\"3043\" data-end=\"3189\">trabalho conjunto do servi\u00e7o p\u00fablico, dos \u00f3rg\u00e3os de defesa sanit\u00e1ria e da atua\u00e7\u00e3o firme da Federa\u00e7\u00e3o da Agricultura e Pecu\u00e1ria de Minas Gerais<\/strong>.<\/p>\n<p data-start=\"3193\" data-end=\"3466\">Mais do que um marco sanit\u00e1rio, essa conquista <strong data-start=\"3240\" data-end=\"3304\">abre portas para mercados internacionais altamente exigentes<\/strong>, como <strong data-start=\"3311\" data-end=\"3336\">Jap\u00e3o e Coreia do Sul<\/strong>, que <strong data-start=\"3342\" data-end=\"3403\">s\u00f3 compram de pa\u00edses livres de febre aftosa sem vacina\u00e7\u00e3o<\/strong>. Al\u00e9m disso, traz <strong data-start=\"3422\" data-end=\"3459\">benef\u00edcios diretos aos produtores<\/strong>, como:<\/p>\n<ul data-start=\"3468\" data-end=\"3672\">\n<li data-start=\"3468\" data-end=\"3527\">\n<p data-start=\"3470\" data-end=\"3527\"><strong data-start=\"3470\" data-end=\"3527\">Redu\u00e7\u00e3o dos custos com vacina\u00e7\u00e3o e manejo do rebanho;<\/strong><\/p>\n<\/li>\n<li data-start=\"3528\" data-end=\"3579\">\n<p data-start=\"3530\" data-end=\"3579\"><strong data-start=\"3530\" data-end=\"3579\">Fortalecimento da imagem sanit\u00e1ria do Brasil;<\/strong><\/p>\n<\/li>\n<li data-start=\"3580\" data-end=\"3672\">\n<p data-start=\"3582\" data-end=\"3672\"><strong data-start=\"3582\" data-end=\"3672\">Valoriza\u00e7\u00e3o da carne bovina, su\u00edna e de outros produtos pecu\u00e1rios no com\u00e9rcio mundial.<\/strong><\/p>\n<\/li>\n<\/ul>\n<hr data-start=\"3674\" data-end=\"3677\"\/>\n<h2 data-start=\"3679\" data-end=\"3707\"><strong data-start=\"3682\" data-end=\"3707\">Erradica\u00e7\u00e3o da doen\u00e7a<\/strong><\/h2>\n<p data-start=\"3709\" data-end=\"3853\">O Brasil conseguiu erradicar a febre aftosa de forma <strong data-start=\"3762\" data-end=\"3820\">eficiente e sem a necessidade de sacrif\u00edcio de animais<\/strong>, como ocorreu em outros pa\u00edses.<\/p>\n<p data-start=\"3855\" data-end=\"4199\">O processo foi <strong data-start=\"3870\" data-end=\"3881\">gradual<\/strong>, acompanhado pela <strong data-start=\"3900\" data-end=\"3922\">evolu\u00e7\u00e3o da vacina<\/strong>, que passou de uma <strong data-start=\"3942\" data-end=\"3993\">formula\u00e7\u00e3o aquosa, com prote\u00e7\u00e3o de quatro meses<\/strong>, para uma <strong data-start=\"4004\" data-end=\"4050\">vacina oleosa, com seis meses de imunidade<\/strong>. Isso permitiu <strong data-start=\"4066\" data-end=\"4093\">reduzir as doses anuais<\/strong> e, na fase final, <strong data-start=\"4112\" data-end=\"4148\">vacinar apenas os animais jovens<\/strong>, j\u00e1 que os adultos estavam devidamente protegidos.<\/p>\n<p data-start=\"4201\" data-end=\"4256\">Em <strong data-start=\"4204\" data-end=\"4220\">Minas Gerais<\/strong>, o desafio foi ainda maior, devido:<\/p>\n\n<ul data-start=\"4258\" data-end=\"4409\">\n<li data-start=\"4258\" data-end=\"4295\">\n<p data-start=\"4260\" data-end=\"4295\"><strong data-start=\"4260\" data-end=\"4295\">Ao grande n\u00famero de produtores;<\/strong><\/p>\n<\/li>\n<li data-start=\"4296\" data-end=\"4336\">\n<p data-start=\"4298\" data-end=\"4336\"><strong data-start=\"4298\" data-end=\"4336\">\u00c0 intensa movimenta\u00e7\u00e3o de animais;<\/strong><\/p>\n<\/li>\n<li data-start=\"4337\" data-end=\"4409\">\n<p data-start=\"4339\" data-end=\"4409\"><strong data-start=\"4339\" data-end=\"4409\">E \u00e0 necessidade constante de articula\u00e7\u00e3o com as lideran\u00e7as locais.<\/strong><\/p>\n<\/li>\n<\/ul>","protected":false},"excerpt":{"rendered":"<p>FAEMG SENAR | Divulga\u00e7\u00e3o O Brasil recebeu, nesta semana, durante a 92\u00aa Sess\u00e3o Geral da Assembleia Mundial da Organiza\u00e7\u00e3o Mundial de Sa\u00fade Animal (OMSA), em Paris,<span class=\"excerpt-hellip\"> [\u2026]<\/span><\/p>\n","protected":false},"author":1,"featured_media":4365,"comment_status":"","ping_status":"open","sticky":false,"template":"","format":"standard","meta":{"_monsterinsights_skip_tracking":false,"_monsterinsights_sitenote_active":false,"_monsterinsights_sitenote_note":"","_monsterinsights_sitenote_category":0,"footnotes":"","jetpack_publicize_message":"","jetpack_publicize_feature_enabled":true,"jetpack_social_post_already_shared":true,"jetpack_social_options":{"image_generator_settings":{"template":"highway","default_image_id":0,"font":"","enabled":false},"version":2}},"categories":[],"tags":[],"class_list":["post-4364","post","type-post","status-publish","format-standard","has-post-thumbnail","hentry"],"aioseo_notices":[],"jetpack_publicize_connections":[],"_links":{"self":[{"href":"https:\/\/jornalnossahistoria.com.br\/portal\/index.php\/wp-json\/wp\/v2\/posts\/4364","targetHints":{"allow":["GET"]}}],"collection":[{"href":"https:\/\/jornalnossahistoria.com.br\/portal\/index.php\/wp-json\/wp\/v2\/posts"}],"about":[{"href":"https:\/\/jornalnossahistoria.com.br\/portal\/index.php\/wp-json\/wp\/v2\/types\/post"}],"author":[{"embeddable":true,"href":"https:\/\/jornalnossahistoria.com.br\/portal\/index.php\/wp-json\/wp\/v2\/users\/1"}],"replies":[{"embeddable":true,"href":"https:\/\/jornalnossahistoria.com.br\/portal\/index.php\/wp-json\/wp\/v2\/comments?post=4364"}],"version-history":[{"count":0,"href":"https:\/\/jornalnossahistoria.com.br\/portal\/index.php\/wp-json\/wp\/v2\/posts\/4364\/revisions"}],"wp:featuredmedia":[{"embeddable":true,"href":"https:\/\/jornalnossahistoria.com.br\/portal\/index.php\/wp-json\/wp\/v2\/media\/4365"}],"wp:attachment":[{"href":"https:\/\/jornalnossahistoria.com.br\/portal\/index.php\/wp-json\/wp\/v2\/media?parent=4364"}],"wp:term":[{"taxonomy":"category","embeddable":true,"href":"https:\/\/jornalnossahistoria.com.br\/portal\/index.php\/wp-json\/wp\/v2\/categories?post=4364"},{"taxonomy":"post_tag","embeddable":true,"href":"https:\/\/jornalnossahistoria.com.br\/portal\/index.php\/wp-json\/wp\/v2\/tags?post=4364"}],"curies":[{"name":"wp","href":"https:\/\/api.w.org\/{rel}","templated":true}]}}