{"id":4360,"date":"2025-06-05T13:52:07","date_gmt":"2025-06-05T16:52:07","guid":{"rendered":"https:\/\/jornalnossahistoria.com.br\/portal\/index.php\/2025\/06\/05\/premio-ateg-destaca-o-trabalho-no-campo-do-norte-de-minas\/"},"modified":"2025-06-05T13:52:07","modified_gmt":"2025-06-05T16:52:07","slug":"premio-ateg-destaca-o-trabalho-no-campo-do-norte-de-minas","status":"publish","type":"post","link":"https:\/\/jornalnossahistoria.com.br\/portal\/index.php\/2025\/06\/05\/premio-ateg-destaca-o-trabalho-no-campo-do-norte-de-minas\/","title":{"rendered":"Pr\u00eamio ATeG destaca o trabalho no campo do Norte de Minas"},"content":{"rendered":"<p class=\"MsoNormal\"><span>FAEMG SENAR | Divulga\u00e7\u00e3o<\/span><\/p>\n<p><span><\/span><span><\/span><span><\/span><span><\/span><span><\/span><\/p>\n<p data-start=\"256\" data-end=\"632\"><strong data-start=\"256\" data-end=\"416\">\u201cEu n\u00e3o tive o privil\u00e9gio de estudar, fui para a ro\u00e7a trabalhar, mas o tempo passa e hoje estou muito feliz. Este pr\u00eamio eu dedico a todos os agricultores.\u201d<\/strong><br data-start=\"416\" data-end=\"419\"\/>O depoimento emocionado \u00e9 do apicultor <strong data-start=\"458\" data-end=\"481\">Deraldo Jos\u00e9 Santos<\/strong>, de <strong data-start=\"486\" data-end=\"501\">Porteirinha<\/strong>, um dos produtores rurais premiados como destaque do <strong data-start=\"555\" data-end=\"609\">Programa de Assist\u00eancia T\u00e9cnica e Gerencial (ATeG)<\/strong> no <strong data-start=\"613\" data-end=\"631\">Norte de Minas<\/strong>.<\/p>\n<p data-start=\"634\" data-end=\"869\">A iniciativa, organizada pelo <strong data-start=\"664\" data-end=\"687\">Sistema Faemg Senar<\/strong> e pelo <strong data-start=\"695\" data-end=\"735\">Escrit\u00f3rio Regional de Montes Claros<\/strong>, foi realizada no \u00faltimo s\u00e1bado (<strong data-start=\"769\" data-end=\"777\">31\/5<\/strong>), em <strong data-start=\"783\" data-end=\"794\">Jana\u00faba<\/strong>, e reconheceu <strong data-start=\"809\" data-end=\"868\">seis produtores rurais em diferentes cadeias produtivas<\/strong>.<\/p>\n<p data-start=\"871\" data-end=\"1189\">O reconhecimento foi recebido com satisfa\u00e7\u00e3o e gratid\u00e3o por Deraldo, que viu sua atividade ser transformada pelas orienta\u00e7\u00f5es t\u00e9cnicas recebidas. Entre o primeiro e o segundo ano de atendimento do <strong data-start=\"1068\" data-end=\"1076\">ATeG<\/strong>, ele conseguiu <strong data-start=\"1092\" data-end=\"1122\">repovoar 100% das colmeias<\/strong>, elevando a produ\u00e7\u00e3o de <strong data-start=\"1147\" data-end=\"1188\">1.700 kg para mais de 3 mil kg de mel<\/strong>.<\/p>\n<p data-start=\"1191\" data-end=\"1410\"><strong data-start=\"1191\" data-end=\"1400\">\u201cQuero agradecer aos meus professores do ATeG. Todo o conhecimento que adquiri foi com o Sistema Faemg Senar. Se o apicultor trabalha na escurid\u00e3o, \u00e9 porque quer, pois a institui\u00e7\u00e3o est\u00e1 aqui para apoiar\u201d,<\/strong> destacou.<\/p>\n<hr data-start=\"1412\" data-end=\"1415\"\/>\n<h2 data-start=\"1417\" data-end=\"1460\"><strong data-start=\"1420\" data-end=\"1460\">Valoriza\u00e7\u00e3o e transforma\u00e7\u00e3o no campo<\/strong><\/h2>\n<p data-start=\"1462\" data-end=\"1876\">O <strong data-start=\"1464\" data-end=\"1479\">Pr\u00eamio ATeG<\/strong>, al\u00e9m de valorizar os produtores pelo bom desempenho em campo, tamb\u00e9m reconhece o trabalho dos <strong data-start=\"1575\" data-end=\"1596\">t\u00e9cnicos de campo<\/strong> e dos <strong data-start=\"1603\" data-end=\"1645\">agentes de desenvolvimento rural (ADR)<\/strong>.<br data-start=\"1646\" data-end=\"1649\"\/><strong data-start=\"1649\" data-end=\"1828\">\u201c\u00c9 uma forma que o Sistema Faemg Senar tem de reconhecer e valorizar quem se dedica, melhora a vida no campo, aumenta a renda e conquista ganhos em produtividade e qualidade,\u201d<\/strong> afirmou o <strong data-start=\"1839\" data-end=\"1875\">gerente regional, Dirceu Martins<\/strong>.<\/p>\n<p data-start=\"1878\" data-end=\"2259\">Entre os premiados est\u00e1 o produtor <strong data-start=\"1913\" data-end=\"1941\">Charles Cristiano Santos<\/strong>, de <strong data-start=\"1946\" data-end=\"1960\">Guaraciama<\/strong>, destaque na categoria <strong data-start=\"1984\" data-end=\"2010\">Bovinocultura de Leite<\/strong>. Antes do ATeG, ele tirava, em m\u00e9dia, <strong data-start=\"2049\" data-end=\"2079\">40 litros de leite por dia<\/strong>. Ao fim dos atendimentos, alcan\u00e7ou uma m\u00e9dia de <strong data-start=\"2128\" data-end=\"2156\">350 a 400 litros di\u00e1rios<\/strong>. O salto foi poss\u00edvel gra\u00e7as \u00e0 <strong data-start=\"2188\" data-end=\"2258\">organiza\u00e7\u00e3o gerencial do neg\u00f3cio e melhorias no manejo dos animais<\/strong>.<\/p>\n<p data-start=\"2261\" data-end=\"2529\"><strong data-start=\"2261\" data-end=\"2520\">\u201cO programa superou as expectativas e abriu novos horizontes. O ATeG nos ajudou a acessar grandes empresas e latic\u00ednios, criando mercado para nosso produto. Esse reconhecimento t\u00e9cnico mostra que vale a pena investir em conhecimento e continuar no campo,\u201d<\/strong> relatou.<\/p>\n<p data-start=\"2531\" data-end=\"2985\">Para o <strong data-start=\"2538\" data-end=\"2622\">gerente da Assist\u00eancia T\u00e9cnica e Gerencial do Sistema Faemg Senar, Wender Guedes<\/strong>, a premia\u00e7\u00e3o tem como objetivo valorizar o esfor\u00e7o coletivo, com foco na <strong data-start=\"2696\" data-end=\"2751\">qualidade de vida e na rentabilidade dos produtores<\/strong>.<br data-start=\"2752\" data-end=\"2755\"\/><strong data-start=\"2755\" data-end=\"2975\">\u201cQueremos que o produtor tenha renda, qualidade de vida no campo e que a sucess\u00e3o familiar se fortale\u00e7a. O t\u00e9cnico do ATeG \u00e9 um agente de transforma\u00e7\u00e3o. Ouvir esses depoimentos confirma que estamos no caminho certo,\u201d<\/strong> destacou.<\/p>\n<p data-start=\"2531\" data-end=\"2985\">\n<\/p><p><img decoding=\"async\" src=\"https:\/\/www.sindijorimg.com.br\/uploads\/images\/202506\/image_750x_683ed6df18e1a.jpg\" alt=\"\"\/><\/p>\n<hr data-start=\"2987\" data-end=\"2990\"\/>\n<h2 data-start=\"2992\" data-end=\"3021\"><strong data-start=\"2995\" data-end=\"3021\">ATeG no Norte de Minas<\/strong><\/h2>\n<p data-start=\"3023\" data-end=\"3392\">O <strong data-start=\"3025\" data-end=\"3073\">ATeG do Escrit\u00f3rio Regional de Montes Claros<\/strong> atende, atualmente, <strong data-start=\"3094\" data-end=\"3136\">825 produtores, direta e indiretamente<\/strong>, em <strong data-start=\"3141\" data-end=\"3168\">sete cadeias produtivas<\/strong>, com <strong data-start=\"3174\" data-end=\"3200\">30 grupos em andamento<\/strong>, sendo <strong data-start=\"3208\" data-end=\"3255\">12 deles dedicados \u00e0 bovinocultura de leite<\/strong>.<br data-start=\"3256\" data-end=\"3259\"\/>A regi\u00e3o est\u00e1 entre as que mais formaram grupos do programa no estado, com <strong data-start=\"3334\" data-end=\"3391\">107 grupos finalizados entre 2019 e fevereiro de 2025<\/strong>.<\/p>\n<hr data-start=\"3394\" data-end=\"3397\"\/>\n<h2 data-start=\"3399\" data-end=\"3427\"><strong data-start=\"3402\" data-end=\"3427\">Conhe\u00e7a os premiados:<\/strong><\/h2>\n\n<ul data-start=\"3429\" data-end=\"4186\">\n<li data-start=\"3429\" data-end=\"3540\">\n<p data-start=\"3431\" data-end=\"3540\"><strong data-start=\"3431\" data-end=\"3469\">Agroind\u00fastria de Derivados L\u00e1cteos<\/strong><br data-start=\"3469\" data-end=\"3472\"\/><strong data-start=\"3475\" data-end=\"3540\">Queijaria Rubi \u2013 Rubi Santos e Regino Rodrigues (Porteirinha)<\/strong><\/p>\n<\/li>\n<li data-start=\"3542\" data-end=\"3621\">\n<p data-start=\"3544\" data-end=\"3621\"><strong data-start=\"3544\" data-end=\"3558\">Apicultura<\/strong><br data-start=\"3558\" data-end=\"3561\"\/><strong data-start=\"3564\" data-end=\"3621\">Deraldo Jos\u00e9 Santos \u2013 Api\u00e1rio Boa Sorte (Porteirinha)<\/strong><\/p>\n<\/li>\n<li data-start=\"3623\" data-end=\"3703\">\n<p data-start=\"3625\" data-end=\"3703\"><strong data-start=\"3625\" data-end=\"3639\">Avicultura<\/strong><br data-start=\"3639\" data-end=\"3642\"\/><strong data-start=\"3645\" data-end=\"3703\">Hildon Carley Rodrigues \u2013 Rancho Salom\u00e3o (Porteirinha)<\/strong><\/p>\n<\/li>\n<li data-start=\"3705\" data-end=\"3806\">\n<p data-start=\"3707\" data-end=\"3806\"><strong data-start=\"3707\" data-end=\"3733\">Bovinocultura de Corte<\/strong><br data-start=\"3733\" data-end=\"3736\"\/><strong data-start=\"3739\" data-end=\"3806\">Geraldo Batista Antunes \u2013 Fazenda Santa Rita G2 (Montes Claros)<\/strong><\/p>\n<\/li>\n<li data-start=\"3808\" data-end=\"3907\">\n<p data-start=\"3810\" data-end=\"3907\"><strong data-start=\"3810\" data-end=\"3836\">Bovinocultura de Leite<\/strong><br data-start=\"3836\" data-end=\"3839\"\/><strong data-start=\"3842\" data-end=\"3907\">Charles Cristiano Santos \u2013 Fazenda F\u00e9lix Por\u00e7\u00f5es (Guaraciama)<\/strong><\/p>\n<\/li>\n<li data-start=\"3909\" data-end=\"3995\">\n<p data-start=\"3911\" data-end=\"3995\"><strong data-start=\"3911\" data-end=\"3927\">Fruticultura<\/strong><br data-start=\"3927\" data-end=\"3930\"\/><strong data-start=\"3933\" data-end=\"3995\">Josaf\u00e1 Ferreira Lima \u2013 Fazenda Estreito Magro 1 (Espinosa)<\/strong><\/p>\n<\/li>\n<li data-start=\"3997\" data-end=\"4096\">\n<p data-start=\"3999\" data-end=\"4096\"><strong data-start=\"3999\" data-end=\"4028\">T\u00e9cnico de Campo Destaque<\/strong><br data-start=\"4028\" data-end=\"4031\"\/><strong data-start=\"4034\" data-end=\"4096\">Cleison Augusto Alves \u2013 Apicultura (regi\u00e3o de Porteirinha)<\/strong><\/p>\n<\/li>\n<li data-start=\"4098\" data-end=\"4186\">\n<p data-start=\"4100\" data-end=\"4186\"><strong data-start=\"4100\" data-end=\"4144\">Agente de Desenvolvimento Rural Destaque<\/strong><br data-start=\"4144\" data-end=\"4147\"\/><strong data-start=\"4150\" data-end=\"4186\">Patr\u00edcia Henriques \u2013 SPR Jana\u00faba<\/strong><\/p>\n<\/li>\n<\/ul>","protected":false},"excerpt":{"rendered":"<p>FAEMG SENAR | Divulga\u00e7\u00e3o \u201cEu n\u00e3o tive o privil\u00e9gio de estudar, fui para a ro\u00e7a trabalhar, mas o tempo passa e hoje estou muito feliz. Este<span class=\"excerpt-hellip\"> [\u2026]<\/span><\/p>\n","protected":false},"author":1,"featured_media":4361,"comment_status":"","ping_status":"open","sticky":false,"template":"","format":"standard","meta":{"_monsterinsights_skip_tracking":false,"_monsterinsights_sitenote_active":false,"_monsterinsights_sitenote_note":"","_monsterinsights_sitenote_category":0,"footnotes":"","jetpack_publicize_message":"","jetpack_publicize_feature_enabled":true,"jetpack_social_post_already_shared":true,"jetpack_social_options":{"image_generator_settings":{"template":"highway","default_image_id":0,"font":"","enabled":false},"version":2}},"categories":[],"tags":[],"class_list":["post-4360","post","type-post","status-publish","format-standard","has-post-thumbnail","hentry"],"aioseo_notices":[],"jetpack_publicize_connections":[],"_links":{"self":[{"href":"https:\/\/jornalnossahistoria.com.br\/portal\/index.php\/wp-json\/wp\/v2\/posts\/4360","targetHints":{"allow":["GET"]}}],"collection":[{"href":"https:\/\/jornalnossahistoria.com.br\/portal\/index.php\/wp-json\/wp\/v2\/posts"}],"about":[{"href":"https:\/\/jornalnossahistoria.com.br\/portal\/index.php\/wp-json\/wp\/v2\/types\/post"}],"author":[{"embeddable":true,"href":"https:\/\/jornalnossahistoria.com.br\/portal\/index.php\/wp-json\/wp\/v2\/users\/1"}],"replies":[{"embeddable":true,"href":"https:\/\/jornalnossahistoria.com.br\/portal\/index.php\/wp-json\/wp\/v2\/comments?post=4360"}],"version-history":[{"count":0,"href":"https:\/\/jornalnossahistoria.com.br\/portal\/index.php\/wp-json\/wp\/v2\/posts\/4360\/revisions"}],"wp:featuredmedia":[{"embeddable":true,"href":"https:\/\/jornalnossahistoria.com.br\/portal\/index.php\/wp-json\/wp\/v2\/media\/4361"}],"wp:attachment":[{"href":"https:\/\/jornalnossahistoria.com.br\/portal\/index.php\/wp-json\/wp\/v2\/media?parent=4360"}],"wp:term":[{"taxonomy":"category","embeddable":true,"href":"https:\/\/jornalnossahistoria.com.br\/portal\/index.php\/wp-json\/wp\/v2\/categories?post=4360"},{"taxonomy":"post_tag","embeddable":true,"href":"https:\/\/jornalnossahistoria.com.br\/portal\/index.php\/wp-json\/wp\/v2\/tags?post=4360"}],"curies":[{"name":"wp","href":"https:\/\/api.w.org\/{rel}","templated":true}]}}