{"id":4299,"date":"2025-05-31T11:25:19","date_gmt":"2025-05-31T14:25:19","guid":{"rendered":"https:\/\/jornalnossahistoria.com.br\/portal\/index.php\/2025\/05\/31\/aeroporto-da-zona-da-mata-amplia-oferta-de-voos-3\/"},"modified":"2025-05-31T11:25:19","modified_gmt":"2025-05-31T14:25:19","slug":"aeroporto-da-zona-da-mata-amplia-oferta-de-voos-3","status":"publish","type":"post","link":"https:\/\/jornalnossahistoria.com.br\/portal\/index.php\/2025\/05\/31\/aeroporto-da-zona-da-mata-amplia-oferta-de-voos-3\/","title":{"rendered":"Aeroporto da Zona da Mata amplia oferta de voos"},"content":{"rendered":"<p><em><span>Foto: Reprodu\u00e7\u00e3o\/TM<\/span><\/em><\/p>\n<p><strong><span>COLUNA MG<\/span><\/strong><br \/><span>Principais destaques dos jornais e portais integrantes da rede Sindijori MG\u00a0<\/span><br \/><span><a href=\"http:\/\/www.sindijorimg.com.br\/\">www.sindijorimg.com.br<\/a><\/span><\/p>\n<p><strong><span>Aeroporto amplia oferta de voos<\/span><\/strong><br \/><span>O n\u00famero de voos no Aeroporto Regional da Zona da Mata vai aumentar. Em nota, a concession\u00e1ria respons\u00e1vel pela administra\u00e7\u00e3o do terminal informou que, a partir da pr\u00f3xima ter\u00e7a, 3, a Gol Linhas A\u00e9reas ir\u00e1 ampliar suas opera\u00e7\u00f5es com destino ao Aeroporto de Congonhas, em S\u00e3o Paulo. A companhia vai ofertar, ao todo, seis voos semanais, entre domingos e sextas. Atualmente, a Gol oferta quatro voos por semana, aos domingos, segunda, quartas e sextas. A novidade representa um crescimento de 14% no n\u00famero de assentos mensais dispon\u00edveis no empreendimento, segundo a concession\u00e1ria da Zona da Mata. (Tribuna de Minas \u2013 Juiz de Fora)<\/span><br \/><span><a href=\"https:\/\/tribunademinas.com.br\/noticias\/cidade\/29-05-2025\/gol-aumenta-voos-semanais-entre-aeroporto-da-zona-da-mata-e-aeroporto-de-congonhas.html\">https:\/\/tribunademinas.com.br\/noticias\/cidade\/29-05-2025\/gol-aumenta-voos-semanais-entre-aeroporto-da-zona-da-mata-e-aeroporto-de-congonhas.html<\/a><\/span><\/p>\n<p><strong><span>Patroc\u00ednio ter\u00e1 lar de idosos\u00a0<\/span><\/strong><br \/><span>A C\u00e2mara Municipal de Patroc\u00ednio aprovou, em 28 de maio de 2025, a concess\u00e3o de um terreno de 6.726 m\u00b2 no bairro En\u00e9as \u00e0 USSE (Uni\u00e3o dos Senhores e Senhoras Evang\u00e9licos), entidade ativa na cidade desde 1987. Avaliada em R$ 2 milh\u00f5es, a \u00e1rea ser\u00e1 utilizada para a constru\u00e7\u00e3o de uma Institui\u00e7\u00e3o de Longa Perman\u00eancia para Idosos, com capacidade para acolher 50 pessoas em situa\u00e7\u00e3o de vulnerabilidade, e uma Casa de Apoio para pacientes em tratamento de c\u00e2ncer que n\u00e3o t\u00eam condi\u00e7\u00f5es de custear hospedagem. (Jornal de Patroc\u00ednio)<\/span><br \/><span><a href=\"https:\/\/www.jornaldepatrocinio.com\/evangelicos-patrocinenses-implantarao-lar-de-idosos-e-casa-de-apoio-proximo-ao-hc\">https:\/\/www.jornaldepatrocinio.com\/evangelicos-patrocinenses-implantarao-lar-de-idosos-e-casa-de-apoio-proximo-ao-hc<\/a><\/span><\/p>\n<p><strong><span>Sind-UTE denuncia demiss\u00e3o em Ipatinga<\/span><\/strong><br \/><span>O Sind-UTE\/MG, subsede de Ipatinga, denunciou uma demiss\u00e3o em massa de professores contratados pela Prefeitura, sem justificativas formais, em meio a um cen\u00e1rio j\u00e1 marcado por defasagem de profissionais na rede municipal de ensino. A entidade critica a medida, destacando seus impactos negativos sobre a qualidade da educa\u00e7\u00e3o e sobre a vida das fam\u00edlias dos trabalhadores atingidos, al\u00e9m de apontar o contraste com a aus\u00eancia do prefeito, que estaria em viagem \u00e0 Disney.. (Jornal Classivale \u2013 Ipatinga)<\/span><br \/><span><a href=\"https:\/\/jornalclassivale.com.br\/noticia\/4386\/sind-ute-denuncia-demissao-em-massa-de-professores-em-ipatinga\">https:\/\/jornalclassivale.com.br\/noticia\/4386\/sind-ute-denuncia-demissao-em-massa-de-professores-em-ipatinga<\/a><\/span><\/p>\n<p><strong><span>Po\u00e7os\u00a0 tem baixo risco de infesta\u00e7\u00e3o<\/span><\/strong><br \/><span>Po\u00e7os de Caldas apresentou baixo risco de infesta\u00e7\u00e3o pelo Aedes aegypti no segundo Levantamento de \u00cdndice R\u00e1pido (LIRAa) de 2025, realizado entre os dias 19 e 23 de maio, com \u00edndice de 0,9%. Dos 3.557 im\u00f3veis vistoriados por 60 agentes, foram identificados 39 focos do mosquito, a maioria (93%) localizada dentro das resid\u00eancias, principalmente em vasos de plantas, bebedouros de animais e frascos pl\u00e1sticos. Apenas 7% dos focos estavam em terrenos baldios. Apesar da classifica\u00e7\u00e3o geral positiva, as regi\u00f5es Leste, Centro e Sul apresentaram n\u00edveis de m\u00e9dio risco. (Jornal da Cidade \u2013 Po\u00e7os de Caldas)<\/span><br \/><span><a href=\"https:\/\/www.jornaldacidade1.com.br\/pocos-de-caldas-tem-baixo-risco-de-infestacao-por-aedes-aegypti\">https:\/\/www.jornaldacidade1.com.br\/pocos-de-caldas-tem-baixo-risco-de-infestacao-por-aedes-aegypti<\/a><\/span><\/p>\n<p><strong><span>Hospital emite alerta sobre S\u00edndrome\u00a0<\/span><\/strong><br \/><span>O Hospital Manoel Gon\u00e7alves, em Ita\u00fana, emitiu um alerta sobre a grave superlota\u00e7\u00e3o causada pelo aumento de casos de s\u00edndrome gripal, operando atualmente com 70% acima de sua capacidade cl\u00ednica para interna\u00e7\u00f5es pelo SUS. A situa\u00e7\u00e3o, impulsionada pela sazonalidade e pelo crescimento das doen\u00e7as respirat\u00f3rias em todo o pa\u00eds, preocupa autoridades de sa\u00fade e refor\u00e7a a necessidade de medidas preventivas por parte da popula\u00e7\u00e3o. Mesmo diante da crise, o hospital segue como refer\u00eancia essencial para Ita\u00fana e regi\u00e3o, sustentado pelo empenho de sua equipe e infraestrutura. (Folha Povo Ita\u00fana)<\/span><br \/><span><a href=\"https:\/\/www.folhapovoitauna.com.br\/hospital-manoel-goncalves-emite-alerta-sobre-aumento-de-sindrome-gripal\">https:\/\/www.folhapovoitauna.com.br\/hospital-manoel-goncalves-emite-alerta-sobre-aumento-de-sindrome-gripal<\/a><\/span><\/p>\n<p><strong><span>Arcos se destaca no Firjan<\/span><\/strong><br \/><span>Segundo o \u00cdndice Firjan de Desenvolvimento Municipal (IFDM) com base em dados de 2023, Arcos se destacou no indicador de Educa\u00e7\u00e3o, atingindo o \u00edndice 0,7591 (classificado como &#8220;Desenvolvimento Moderado&#8221;) e superando munic\u00edpios maiores como Divin\u00f3polis e Uberl\u00e2ndia, al\u00e9m de cidades com popula\u00e7\u00e3o similar ou menor. No ranking nacional, Arcos ficou na 874\u00aa posi\u00e7\u00e3o entre 5.496 munic\u00edpios, e em 83\u00ba no ranking estadual. Apesar disso, cidades como Pains, Formiga, Luz, Campo Belo e Bom Despacho apresentaram desempenho superior. A trajet\u00f3ria educacional de Arcos mostra avan\u00e7os graduais ao longo dos anos, com o melhor resultado alcan\u00e7ado em 2023. (Correio Centro Oeste \u2013 Arcos)<\/span><br \/><span><a href=\"https:\/\/www.jornalcco.com.br\/educacao-2023-arcos-a-frente-de-cidades-como-divinopolis-e-uberlandia\">https:\/\/www.jornalcco.com.br\/educacao-2023-arcos-a-frente-de-cidades-como-divinopolis-e-uberlandia<\/a><\/span><\/p>\n<p><strong><span>Diamantina se destaca no Inverno<\/span><\/strong><br \/><span>Durante o inverno, Diamantina se destaca como um destino encantador no Vale do Jequitinhonha, combinando clima ameno, riqueza cultural e atra\u00e7\u00f5es hist\u00f3ricas. A cidade atrai visitantes com sua arquitetura colonial, festas tradicionais como a Vesperata \u2014 um espet\u00e1culo musical ao ar livre em cen\u00e1rios hist\u00f3ricos \u2014 e uma culin\u00e1ria t\u00edpica que valoriza ingredientes regionais. O Centro Hist\u00f3rico, a Casa de Juscelino Kubitschek, a Casa da Xica da Silva e a Serra do Espinha\u00e7o s\u00e3o pontos tur\u00edsticos imperd\u00edveis, enquanto o Parque do Biribiri oferece contato com a natureza. Para uma estadia confort\u00e1vel, o Hotel Estilo de Minas oferece estrutura moderna com identidade local, unindo lazer, gastronomia e cultura. (Jornal MG Turismo \u2013 Belo Horizonte)<\/span><br \/><span><a href=\"https:\/\/mgturismo.com.br\/diamantina-no-inverno-encantos-cultura-e-conforto-no-vale-do-jequitinhonha\/\">https:\/\/mgturismo.com.br\/diamantina-no-inverno-encantos-cultura-e-conforto-no-vale-do-jequitinhonha\/<\/a><\/span><\/p>\n<p><span><\/span><\/p>","protected":false},"excerpt":{"rendered":"<p>Foto: Reprodu\u00e7\u00e3o\/TM COLUNA MGPrincipais destaques dos jornais e portais integrantes da rede Sindijori MG\u00a0www.sindijorimg.com.br Aeroporto amplia oferta de voosO n\u00famero de voos no Aeroporto Regional da<span class=\"excerpt-hellip\"> [\u2026]<\/span><\/p>\n","protected":false},"author":1,"featured_media":4288,"comment_status":"","ping_status":"open","sticky":false,"template":"","format":"standard","meta":{"_monsterinsights_skip_tracking":false,"_monsterinsights_sitenote_active":false,"_monsterinsights_sitenote_note":"","_monsterinsights_sitenote_category":0,"footnotes":"","jetpack_publicize_message":"","jetpack_publicize_feature_enabled":true,"jetpack_social_post_already_shared":true,"jetpack_social_options":{"image_generator_settings":{"template":"highway","default_image_id":0,"font":"","enabled":false},"version":2}},"categories":[5],"tags":[],"class_list":["post-4299","post","type-post","status-publish","format-standard","has-post-thumbnail","hentry","category-news"],"aioseo_notices":[],"jetpack_publicize_connections":[],"_links":{"self":[{"href":"https:\/\/jornalnossahistoria.com.br\/portal\/index.php\/wp-json\/wp\/v2\/posts\/4299","targetHints":{"allow":["GET"]}}],"collection":[{"href":"https:\/\/jornalnossahistoria.com.br\/portal\/index.php\/wp-json\/wp\/v2\/posts"}],"about":[{"href":"https:\/\/jornalnossahistoria.com.br\/portal\/index.php\/wp-json\/wp\/v2\/types\/post"}],"author":[{"embeddable":true,"href":"https:\/\/jornalnossahistoria.com.br\/portal\/index.php\/wp-json\/wp\/v2\/users\/1"}],"replies":[{"embeddable":true,"href":"https:\/\/jornalnossahistoria.com.br\/portal\/index.php\/wp-json\/wp\/v2\/comments?post=4299"}],"version-history":[{"count":0,"href":"https:\/\/jornalnossahistoria.com.br\/portal\/index.php\/wp-json\/wp\/v2\/posts\/4299\/revisions"}],"wp:featuredmedia":[{"embeddable":true,"href":"https:\/\/jornalnossahistoria.com.br\/portal\/index.php\/wp-json\/wp\/v2\/media\/4288"}],"wp:attachment":[{"href":"https:\/\/jornalnossahistoria.com.br\/portal\/index.php\/wp-json\/wp\/v2\/media?parent=4299"}],"wp:term":[{"taxonomy":"category","embeddable":true,"href":"https:\/\/jornalnossahistoria.com.br\/portal\/index.php\/wp-json\/wp\/v2\/categories?post=4299"},{"taxonomy":"post_tag","embeddable":true,"href":"https:\/\/jornalnossahistoria.com.br\/portal\/index.php\/wp-json\/wp\/v2\/tags?post=4299"}],"curies":[{"name":"wp","href":"https:\/\/api.w.org\/{rel}","templated":true}]}}