{"id":4273,"date":"2025-06-02T20:02:45","date_gmt":"2025-06-02T23:02:45","guid":{"rendered":"https:\/\/jornalnossahistoria.com.br\/portal\/?p=4273"},"modified":"2025-06-02T20:06:02","modified_gmt":"2025-06-02T23:06:02","slug":"cafe-do-dia-das-maes","status":"publish","type":"post","link":"https:\/\/jornalnossahistoria.com.br\/portal\/index.php\/2025\/06\/02\/cafe-do-dia-das-maes\/","title":{"rendered":"Caf\u00e9 do Dia das M\u00e3es"},"content":{"rendered":"\t\t<div data-elementor-type=\"wp-post\" data-elementor-id=\"4273\" class=\"elementor elementor-4273\" data-elementor-post-type=\"post\">\n\t\t\t\t<div class=\"elementor-element elementor-element-c43acc8 e-flex e-con-boxed e-con e-parent\" data-id=\"c43acc8\" data-element_type=\"container\">\n\t\t\t\t\t<div class=\"e-con-inner\">\n\t\t\t\t<div class=\"elementor-element elementor-element-3dbf976 elementor-widget elementor-widget-heading\" data-id=\"3dbf976\" data-element_type=\"widget\" data-widget_type=\"heading.default\">\n\t\t\t\t<div class=\"elementor-widget-container\">\n\t\t\t\t\t<h1 class=\"elementor-heading-title elementor-size-default\">Caf\u00e9 do Dia das M\u00e3es<\/h1>\t\t\t\t<\/div>\n\t\t\t\t<\/div>\n\t\t\t\t\t<\/div>\n\t\t\t\t<\/div>\n\t\t<div class=\"elementor-element elementor-element-196cd5c e-flex e-con-boxed e-con e-parent\" data-id=\"196cd5c\" data-element_type=\"container\">\n\t\t\t\t\t<div class=\"e-con-inner\">\n\t\t<div class=\"elementor-element elementor-element-c7dc6fc e-con-full e-flex e-con e-child\" data-id=\"c7dc6fc\" data-element_type=\"container\">\n\t\t\t\t<div class=\"elementor-element elementor-element-df08209 elementor-widget elementor-widget-text-editor\" data-id=\"df08209\" data-element_type=\"widget\" data-widget_type=\"text-editor.default\">\n\t\t\t\t<div class=\"elementor-widget-container\">\n\t\t\t\t\t\t\t\t\t<p>Pelo segundo ano consecutivo foi realizado no dia\u00a0 08 de maio o Caf\u00e9 do dia das M\u00e3es. O encontro aconteceu na Banca Dias, rua Pitangui, 3061 no bairro Sagrada Fam\u00edlia.<\/p><p>Segundo a idealizadora do encontro Cristina, filha do C\u00e9zar (Bigode), dono da banca: \u201cessa reuni\u00e3o de clientes e amigos foi um modo de valorizar as m\u00e3es e presente\u00e1-las \u00a0com brindes, um caf\u00e9 saboroso e m\u00fasica aso vivo. \u201cAqui n\u00e3o conquistamos clientes, fazemos amigos\u201d.<\/p>\t\t\t\t\t\t\t\t<\/div>\n\t\t\t\t<\/div>\n\t\t\t\t<div class=\"elementor-element elementor-element-6bba86a elementor-widget elementor-widget-image\" data-id=\"6bba86a\" data-element_type=\"widget\" data-widget_type=\"image.default\">\n\t\t\t\t<div class=\"elementor-widget-container\">\n\t\t\t\t\t\t\t\t\t\t\t\t\t\t\t<img fetchpriority=\"high\" decoding=\"async\" width=\"500\" height=\"375\" src=\"https:\/\/jornalnossahistoria.com.br\/portal\/wp-content\/uploads\/2025\/06\/IMG-20250525-WA0009-500x375.jpg\" class=\"attachment-medium size-medium wp-image-4276\" alt=\"\" srcset=\"https:\/\/jornalnossahistoria.com.br\/portal\/wp-content\/uploads\/2025\/06\/IMG-20250525-WA0009-500x375.jpg 500w, https:\/\/jornalnossahistoria.com.br\/portal\/wp-content\/uploads\/2025\/06\/IMG-20250525-WA0009-300x225.jpg 300w, https:\/\/jornalnossahistoria.com.br\/portal\/wp-content\/uploads\/2025\/06\/IMG-20250525-WA0009-768x576.jpg 768w, https:\/\/jornalnossahistoria.com.br\/portal\/wp-content\/uploads\/2025\/06\/IMG-20250525-WA0009-100x75.jpg 100w, https:\/\/jornalnossahistoria.com.br\/portal\/wp-content\/uploads\/2025\/06\/IMG-20250525-WA0009-480x360.jpg 480w, https:\/\/jornalnossahistoria.com.br\/portal\/wp-content\/uploads\/2025\/06\/IMG-20250525-WA0009.jpg 1080w\" sizes=\"(max-width:767px) 480px, 500px\" \/>\t\t\t\t\t\t\t\t\t\t\t\t\t\t\t<\/div>\n\t\t\t\t<\/div>\n\t\t\t\t<\/div>\n\t\t<div class=\"elementor-element elementor-element-aa65cee e-con-full e-flex e-con e-child\" data-id=\"aa65cee\" data-element_type=\"container\">\n\t\t\t\t<div class=\"elementor-element elementor-element-78847b7 elementor-widget elementor-widget-image\" data-id=\"78847b7\" data-element_type=\"widget\" data-widget_type=\"image.default\">\n\t\t\t\t<div class=\"elementor-widget-container\">\n\t\t\t\t\t\t\t\t\t\t\t\t\t\t\t<img decoding=\"async\" width=\"1080\" height=\"810\" src=\"https:\/\/jornalnossahistoria.com.br\/portal\/wp-content\/uploads\/2025\/06\/IMG-20250525-WA0010.jpg\" class=\"attachment-large size-large wp-image-4274\" alt=\"\" srcset=\"https:\/\/jornalnossahistoria.com.br\/portal\/wp-content\/uploads\/2025\/06\/IMG-20250525-WA0010.jpg 1080w, https:\/\/jornalnossahistoria.com.br\/portal\/wp-content\/uploads\/2025\/06\/IMG-20250525-WA0010-500x375.jpg 500w, https:\/\/jornalnossahistoria.com.br\/portal\/wp-content\/uploads\/2025\/06\/IMG-20250525-WA0010-300x225.jpg 300w, https:\/\/jornalnossahistoria.com.br\/portal\/wp-content\/uploads\/2025\/06\/IMG-20250525-WA0010-768x576.jpg 768w, https:\/\/jornalnossahistoria.com.br\/portal\/wp-content\/uploads\/2025\/06\/IMG-20250525-WA0010-100x75.jpg 100w, https:\/\/jornalnossahistoria.com.br\/portal\/wp-content\/uploads\/2025\/06\/IMG-20250525-WA0010-480x360.jpg 480w\" sizes=\"(max-width:767px) 480px, (max-width:1080px) 100vw, 1080px\" \/>\t\t\t\t\t\t\t\t\t\t\t\t\t\t\t<\/div>\n\t\t\t\t<\/div>\n\t\t\t\t<\/div>\n\t\t\t\t\t<\/div>\n\t\t\t\t<\/div>\n\t\t\t\t<\/div>\n\t\t","protected":false},"excerpt":{"rendered":"<p>Caf\u00e9 do Dia das M\u00e3es Pelo segundo ano consecutivo foi realizado no dia\u00a0 08 de maio o Caf\u00e9 do dia das M\u00e3es. O encontro aconteceu na<span class=\"excerpt-hellip\"> [\u2026]<\/span><\/p>\n","protected":false},"author":1,"featured_media":4274,"comment_status":"closed","ping_status":"open","sticky":false,"template":"","format":"standard","meta":{"_monsterinsights_skip_tracking":false,"_monsterinsights_sitenote_active":false,"_monsterinsights_sitenote_note":"","_monsterinsights_sitenote_category":0,"footnotes":"","jetpack_publicize_message":"","jetpack_publicize_feature_enabled":true,"jetpack_social_post_already_shared":true,"jetpack_social_options":{"image_generator_settings":{"template":"highway","default_image_id":0,"font":"","enabled":false},"version":2}},"categories":[5],"tags":[],"class_list":["post-4273","post","type-post","status-publish","format-standard","has-post-thumbnail","hentry","category-news"],"aioseo_notices":[],"jetpack_publicize_connections":[],"_links":{"self":[{"href":"https:\/\/jornalnossahistoria.com.br\/portal\/index.php\/wp-json\/wp\/v2\/posts\/4273","targetHints":{"allow":["GET"]}}],"collection":[{"href":"https:\/\/jornalnossahistoria.com.br\/portal\/index.php\/wp-json\/wp\/v2\/posts"}],"about":[{"href":"https:\/\/jornalnossahistoria.com.br\/portal\/index.php\/wp-json\/wp\/v2\/types\/post"}],"author":[{"embeddable":true,"href":"https:\/\/jornalnossahistoria.com.br\/portal\/index.php\/wp-json\/wp\/v2\/users\/1"}],"replies":[{"embeddable":true,"href":"https:\/\/jornalnossahistoria.com.br\/portal\/index.php\/wp-json\/wp\/v2\/comments?post=4273"}],"version-history":[{"count":4,"href":"https:\/\/jornalnossahistoria.com.br\/portal\/index.php\/wp-json\/wp\/v2\/posts\/4273\/revisions"}],"predecessor-version":[{"id":4279,"href":"https:\/\/jornalnossahistoria.com.br\/portal\/index.php\/wp-json\/wp\/v2\/posts\/4273\/revisions\/4279"}],"wp:featuredmedia":[{"embeddable":true,"href":"https:\/\/jornalnossahistoria.com.br\/portal\/index.php\/wp-json\/wp\/v2\/media\/4274"}],"wp:attachment":[{"href":"https:\/\/jornalnossahistoria.com.br\/portal\/index.php\/wp-json\/wp\/v2\/media?parent=4273"}],"wp:term":[{"taxonomy":"category","embeddable":true,"href":"https:\/\/jornalnossahistoria.com.br\/portal\/index.php\/wp-json\/wp\/v2\/categories?post=4273"},{"taxonomy":"post_tag","embeddable":true,"href":"https:\/\/jornalnossahistoria.com.br\/portal\/index.php\/wp-json\/wp\/v2\/tags?post=4273"}],"curies":[{"name":"wp","href":"https:\/\/api.w.org\/{rel}","templated":true}]}}