{"id":4265,"date":"2025-06-02T09:25:44","date_gmt":"2025-06-02T12:25:44","guid":{"rendered":"https:\/\/jornalnossahistoria.com.br\/portal\/?p=4265"},"modified":"2025-06-02T09:28:23","modified_gmt":"2025-06-02T12:28:23","slug":"voce-sabia","status":"publish","type":"post","link":"https:\/\/jornalnossahistoria.com.br\/portal\/index.php\/2025\/06\/02\/voce-sabia\/","title":{"rendered":"Voc\u00ea sabia?"},"content":{"rendered":"\t\t<div data-elementor-type=\"wp-post\" data-elementor-id=\"4265\" class=\"elementor elementor-4265\" data-elementor-post-type=\"post\">\n\t\t\t\t<div class=\"elementor-element elementor-element-a32f7a1 e-flex e-con-boxed e-con e-parent\" data-id=\"a32f7a1\" data-element_type=\"container\">\n\t\t\t\t\t<div class=\"e-con-inner\">\n\t\t\t\t<div class=\"elementor-element elementor-element-2e4a34f elementor-widget elementor-widget-heading\" data-id=\"2e4a34f\" data-element_type=\"widget\" data-widget_type=\"heading.default\">\n\t\t\t\t<div class=\"elementor-widget-container\">\n\t\t\t\t\t<h1 class=\"elementor-heading-title elementor-size-default\">Voc\u00ea sabia?<\/h1>\t\t\t\t<\/div>\n\t\t\t\t<\/div>\n\t\t\t\t<div class=\"elementor-element elementor-element-190a4f2 elementor-widget elementor-widget-heading\" data-id=\"190a4f2\" data-element_type=\"widget\" data-widget_type=\"heading.default\">\n\t\t\t\t<div class=\"elementor-widget-container\">\n\t\t\t\t\t<h2 class=\"elementor-heading-title elementor-size-default\">Que Michael Jackson j\u00e1 se apresentou no Est\u00e1dio Independ\u00eancia?<\/h2>\t\t\t\t<\/div>\n\t\t\t\t<\/div>\n\t\t\t\t\t<\/div>\n\t\t\t\t<\/div>\n\t\t<div class=\"elementor-element elementor-element-6def64b e-flex e-con-boxed e-con e-parent\" data-id=\"6def64b\" data-element_type=\"container\">\n\t\t\t\t\t<div class=\"e-con-inner\">\n\t\t<div class=\"elementor-element elementor-element-9026c3c e-con-full e-flex e-con e-child\" data-id=\"9026c3c\" data-element_type=\"container\">\n\t\t\t\t<div class=\"elementor-element elementor-element-2ee46d9 elementor-widget elementor-widget-image\" data-id=\"2ee46d9\" data-element_type=\"widget\" data-widget_type=\"image.default\">\n\t\t\t\t<div class=\"elementor-widget-container\">\n\t\t\t\t\t\t\t\t\t\t\t\t\t\t\t<img fetchpriority=\"high\" decoding=\"async\" width=\"645\" height=\"388\" src=\"https:\/\/jornalnossahistoria.com.br\/portal\/wp-content\/uploads\/2025\/06\/24031084_rio_de_janeiro_rj_-_16-09-1974_-_michael_jackson_-_chegada_do_cantor_no_galeao_rio_de_janei.webp\" class=\"attachment-large size-large wp-image-4266\" alt=\"\" srcset=\"https:\/\/jornalnossahistoria.com.br\/portal\/wp-content\/uploads\/2025\/06\/24031084_rio_de_janeiro_rj_-_16-09-1974_-_michael_jackson_-_chegada_do_cantor_no_galeao_rio_de_janei.webp 645w, https:\/\/jornalnossahistoria.com.br\/portal\/wp-content\/uploads\/2025\/06\/24031084_rio_de_janeiro_rj_-_16-09-1974_-_michael_jackson_-_chegada_do_cantor_no_galeao_rio_de_janei-500x301.webp 500w, https:\/\/jornalnossahistoria.com.br\/portal\/wp-content\/uploads\/2025\/06\/24031084_rio_de_janeiro_rj_-_16-09-1974_-_michael_jackson_-_chegada_do_cantor_no_galeao_rio_de_janei-300x180.webp 300w, https:\/\/jornalnossahistoria.com.br\/portal\/wp-content\/uploads\/2025\/06\/24031084_rio_de_janeiro_rj_-_16-09-1974_-_michael_jackson_-_chegada_do_cantor_no_galeao_rio_de_janei-125x75.webp 125w, https:\/\/jornalnossahistoria.com.br\/portal\/wp-content\/uploads\/2025\/06\/24031084_rio_de_janeiro_rj_-_16-09-1974_-_michael_jackson_-_chegada_do_cantor_no_galeao_rio_de_janei-480x289.webp 480w\" sizes=\"(max-width:767px) 480px, 645px\" \/>\t\t\t\t\t\t\t\t\t\t\t\t\t\t\t<\/div>\n\t\t\t\t<\/div>\n\t\t\t\t<div class=\"elementor-element elementor-element-439d6df elementor-widget elementor-widget-text-editor\" data-id=\"439d6df\" data-element_type=\"widget\" data-widget_type=\"text-editor.default\">\n\t\t\t\t<div class=\"elementor-widget-container\">\n\t\t\t\t\t\t\t\t\t<p>O jornal Nossa Hist\u00f3ria Arena j\u00e1 publicou em uma das suas edi\u00e7\u00f5es uma mat\u00e9ria a respeito da presen\u00e7a do eterno Rei do Pop em BH. O maior astro que o mundo j\u00e1 conheceu Belo Horizonte e cantou uma \u00fanica vez na capital mineira.<\/p><p>Anos antes de come\u00e7ar sua brilhante carreira solo, lan\u00e7ada com o disco &#8220;Off the wall&#8221;, em 1979, o cantor Michael Jackson esteve no Brasil com o grupo Jackson 5. E foi no dia 18 de setembro de 1974 que Michael e seus irm\u00e3os se apresentaram pelo Jackson 5 no Est\u00e1dio Independ\u00eancia, que era mais conhecido como o Campo do Sete de Setembro, do saudoso Raimundo Sampaio.<\/p>\t\t\t\t\t\t\t\t<\/div>\n\t\t\t\t<\/div>\n\t\t\t\t<\/div>\n\t\t<div class=\"elementor-element elementor-element-e6b1383 e-con-full e-flex e-con e-child\" data-id=\"e6b1383\" data-element_type=\"container\">\n\t\t\t\t<div class=\"elementor-element elementor-element-5d77743 elementor-widget elementor-widget-text-editor\" data-id=\"5d77743\" data-element_type=\"widget\" data-widget_type=\"text-editor.default\">\n\t\t\t\t<div class=\"elementor-widget-container\">\n\t\t\t\t\t\t\t\t\t<p>Michael Jackson tinha apenas 16 anos e ainda integrava o grupo Jackson 5 com os irm\u00e3os Jackie, Tito, Jermaine, Marlon e Randy quando veio ao Brasil pela primeira vez. Entre 13 e 22 de setembro, eles percorreram as cidades de S\u00e3o Paulo, Porto Alegre, Belo Horizonte, Bras\u00edlia e Rio de Janeiro em turn\u00ea.<\/p><p>Os shows do Jackson 5 no Brasil, n\u00e3o ocorreram como o esperado. O p\u00fablico, em maioria crian\u00e7as e adolescentes, n\u00e3o chegou a encher todas as apresenta\u00e7\u00f5es. Em Belo Horizonte, em dia chuvoso, o Est\u00e1dio Independ\u00eancia recebeu poucos f\u00e3s, o que frustrou produtores e empres\u00e1rios.<\/p>\t\t\t\t\t\t\t\t<\/div>\n\t\t\t\t<\/div>\n\t\t\t\t<div class=\"elementor-element elementor-element-c95134d elementor-widget elementor-widget-image\" data-id=\"c95134d\" data-element_type=\"widget\" data-widget_type=\"image.default\">\n\t\t\t\t<div class=\"elementor-widget-container\">\n\t\t\t\t\t\t\t\t\t\t\t\t\t\t\t<img decoding=\"async\" width=\"645\" height=\"388\" src=\"https:\/\/jornalnossahistoria.com.br\/portal\/wp-content\/uploads\/2025\/06\/32856106_rio_de_janeiro_rj_-_17-09-1974_-_entrevista_coletiva_com_o_grupo_jackson_five_no_hotel_naci.webp\" class=\"attachment-large size-large wp-image-4268\" alt=\"\" srcset=\"https:\/\/jornalnossahistoria.com.br\/portal\/wp-content\/uploads\/2025\/06\/32856106_rio_de_janeiro_rj_-_17-09-1974_-_entrevista_coletiva_com_o_grupo_jackson_five_no_hotel_naci.webp 645w, https:\/\/jornalnossahistoria.com.br\/portal\/wp-content\/uploads\/2025\/06\/32856106_rio_de_janeiro_rj_-_17-09-1974_-_entrevista_coletiva_com_o_grupo_jackson_five_no_hotel_naci-500x301.webp 500w, https:\/\/jornalnossahistoria.com.br\/portal\/wp-content\/uploads\/2025\/06\/32856106_rio_de_janeiro_rj_-_17-09-1974_-_entrevista_coletiva_com_o_grupo_jackson_five_no_hotel_naci-300x180.webp 300w, https:\/\/jornalnossahistoria.com.br\/portal\/wp-content\/uploads\/2025\/06\/32856106_rio_de_janeiro_rj_-_17-09-1974_-_entrevista_coletiva_com_o_grupo_jackson_five_no_hotel_naci-125x75.webp 125w, https:\/\/jornalnossahistoria.com.br\/portal\/wp-content\/uploads\/2025\/06\/32856106_rio_de_janeiro_rj_-_17-09-1974_-_entrevista_coletiva_com_o_grupo_jackson_five_no_hotel_naci-480x289.webp 480w\" sizes=\"(max-width:767px) 480px, 645px\" \/>\t\t\t\t\t\t\t\t\t\t\t\t\t\t\t<\/div>\n\t\t\t\t<\/div>\n\t\t\t\t<\/div>\n\t\t\t\t\t<\/div>\n\t\t\t\t<\/div>\n\t\t\t\t<\/div>\n\t\t","protected":false},"excerpt":{"rendered":"<p>Voc\u00ea sabia? Que Michael Jackson j\u00e1 se apresentou no Est\u00e1dio Independ\u00eancia? O jornal Nossa Hist\u00f3ria Arena j\u00e1 publicou em uma das suas edi\u00e7\u00f5es uma mat\u00e9ria a<span class=\"excerpt-hellip\"> [\u2026]<\/span><\/p>\n","protected":false},"author":1,"featured_media":4266,"comment_status":"closed","ping_status":"open","sticky":false,"template":"","format":"standard","meta":{"_monsterinsights_skip_tracking":false,"_monsterinsights_sitenote_active":false,"_monsterinsights_sitenote_note":"","_monsterinsights_sitenote_category":0,"footnotes":"","jetpack_publicize_message":"","jetpack_publicize_feature_enabled":true,"jetpack_social_post_already_shared":true,"jetpack_social_options":{"image_generator_settings":{"template":"highway","default_image_id":0,"font":"","enabled":false},"version":2}},"categories":[5],"tags":[],"class_list":["post-4265","post","type-post","status-publish","format-standard","has-post-thumbnail","hentry","category-news"],"aioseo_notices":[],"jetpack_publicize_connections":[],"_links":{"self":[{"href":"https:\/\/jornalnossahistoria.com.br\/portal\/index.php\/wp-json\/wp\/v2\/posts\/4265","targetHints":{"allow":["GET"]}}],"collection":[{"href":"https:\/\/jornalnossahistoria.com.br\/portal\/index.php\/wp-json\/wp\/v2\/posts"}],"about":[{"href":"https:\/\/jornalnossahistoria.com.br\/portal\/index.php\/wp-json\/wp\/v2\/types\/post"}],"author":[{"embeddable":true,"href":"https:\/\/jornalnossahistoria.com.br\/portal\/index.php\/wp-json\/wp\/v2\/users\/1"}],"replies":[{"embeddable":true,"href":"https:\/\/jornalnossahistoria.com.br\/portal\/index.php\/wp-json\/wp\/v2\/comments?post=4265"}],"version-history":[{"count":4,"href":"https:\/\/jornalnossahistoria.com.br\/portal\/index.php\/wp-json\/wp\/v2\/posts\/4265\/revisions"}],"predecessor-version":[{"id":4271,"href":"https:\/\/jornalnossahistoria.com.br\/portal\/index.php\/wp-json\/wp\/v2\/posts\/4265\/revisions\/4271"}],"wp:featuredmedia":[{"embeddable":true,"href":"https:\/\/jornalnossahistoria.com.br\/portal\/index.php\/wp-json\/wp\/v2\/media\/4266"}],"wp:attachment":[{"href":"https:\/\/jornalnossahistoria.com.br\/portal\/index.php\/wp-json\/wp\/v2\/media?parent=4265"}],"wp:term":[{"taxonomy":"category","embeddable":true,"href":"https:\/\/jornalnossahistoria.com.br\/portal\/index.php\/wp-json\/wp\/v2\/categories?post=4265"},{"taxonomy":"post_tag","embeddable":true,"href":"https:\/\/jornalnossahistoria.com.br\/portal\/index.php\/wp-json\/wp\/v2\/tags?post=4265"}],"curies":[{"name":"wp","href":"https:\/\/api.w.org\/{rel}","templated":true}]}}