{"id":4247,"date":"2025-05-26T09:52:52","date_gmt":"2025-05-26T12:52:52","guid":{"rendered":"https:\/\/jornalnossahistoria.com.br\/portal\/?p=4247"},"modified":"2025-05-26T09:55:59","modified_gmt":"2025-05-26T12:55:59","slug":"icone-da-navegacao-vapor-benjamim-guimaraes-retorna-ao-rio-sao-franscisco","status":"publish","type":"post","link":"https:\/\/jornalnossahistoria.com.br\/portal\/index.php\/2025\/05\/26\/icone-da-navegacao-vapor-benjamim-guimaraes-retorna-ao-rio-sao-franscisco\/","title":{"rendered":"\u00cdcone da navega\u00e7\u00e3o, Vapor Benjamim Guimar\u00e3es retorna ao rio S\u00e3o Franscisco"},"content":{"rendered":"\t\t<div data-elementor-type=\"wp-post\" data-elementor-id=\"4247\" class=\"elementor elementor-4247\" data-elementor-post-type=\"post\">\n\t\t\t\t<div class=\"elementor-element elementor-element-6ab1985 e-flex e-con-boxed e-con e-parent\" data-id=\"6ab1985\" data-element_type=\"container\">\n\t\t\t\t\t<div class=\"e-con-inner\">\n\t\t\t\t<div class=\"elementor-element elementor-element-bb13444 elementor-widget elementor-widget-heading\" data-id=\"bb13444\" data-element_type=\"widget\" data-widget_type=\"heading.default\">\n\t\t\t\t<div class=\"elementor-widget-container\">\n\t\t\t\t\t<h3 class=\"elementor-heading-title elementor-size-default\">\u00cdcone da navega\u00e7\u00e3o, Vapor Benjamim Guimar\u00e3es retorna ao rio S\u00e3o Franscisco.<\/h3>\t\t\t\t<\/div>\n\t\t\t\t<\/div>\n\t\t\t\t\t<\/div>\n\t\t\t\t<\/div>\n\t\t<div class=\"elementor-element elementor-element-1638eb8 e-flex e-con-boxed e-con e-parent\" data-id=\"1638eb8\" data-element_type=\"container\">\n\t\t\t\t\t<div class=\"e-con-inner\">\n\t\t<div class=\"elementor-element elementor-element-c78762d e-con-full e-flex e-con e-child\" data-id=\"c78762d\" data-element_type=\"container\">\n\t\t\t\t<div class=\"elementor-element elementor-element-72074bd elementor-widget elementor-widget-image\" data-id=\"72074bd\" data-element_type=\"widget\" data-widget_type=\"image.default\">\n\t\t\t\t<div class=\"elementor-widget-container\">\n\t\t\t\t\t\t\t\t\t\t\t\t\t\t\t<img fetchpriority=\"high\" decoding=\"async\" width=\"1080\" height=\"1080\" src=\"https:\/\/jornalnossahistoria.com.br\/portal\/wp-content\/uploads\/2025\/05\/Design-sem-nome.png\" class=\"attachment-large size-large wp-image-4248\" alt=\"\" srcset=\"https:\/\/jornalnossahistoria.com.br\/portal\/wp-content\/uploads\/2025\/05\/Design-sem-nome.png 1080w, https:\/\/jornalnossahistoria.com.br\/portal\/wp-content\/uploads\/2025\/05\/Design-sem-nome-500x500.png 500w, https:\/\/jornalnossahistoria.com.br\/portal\/wp-content\/uploads\/2025\/05\/Design-sem-nome-300x300.png 300w, https:\/\/jornalnossahistoria.com.br\/portal\/wp-content\/uploads\/2025\/05\/Design-sem-nome-768x768.png 768w, https:\/\/jornalnossahistoria.com.br\/portal\/wp-content\/uploads\/2025\/05\/Design-sem-nome-150x150.png 150w, https:\/\/jornalnossahistoria.com.br\/portal\/wp-content\/uploads\/2025\/05\/Design-sem-nome-75x75.png 75w, https:\/\/jornalnossahistoria.com.br\/portal\/wp-content\/uploads\/2025\/05\/Design-sem-nome-480x480.png 480w\" sizes=\"(max-width:767px) 480px, (max-width:1080px) 100vw, 1080px\" \/>\t\t\t\t\t\t\t\t\t\t\t\t\t\t\t<\/div>\n\t\t\t\t<\/div>\n\t\t\t\t<div class=\"elementor-element elementor-element-0014856 elementor-widget elementor-widget-text-editor\" data-id=\"0014856\" data-element_type=\"widget\" data-widget_type=\"text-editor.default\">\n\t\t\t\t<div class=\"elementor-widget-container\">\n\t\t\t\t\t\t\t\t\t<p>Ap\u00f3s mais de uma d\u00e9cada, embarca\u00e7\u00e3o, movida a vapor e lenha, tem reinaurua\u00e7\u00e3o prevista para 1\u00b0 de junho; investimento \u00e9 de R$ 5,6 milh\u00f5es<\/p><p>Ap\u00f3s mais de uma d\u00e9cada fora de opera\u00e7\u00e3o, o hist\u00f3rico Vapor Benjamim Guimar\u00e3es est\u00e1 novamente nas \u00e1guas do Rio S\u00e3o Francisco, em Pirapora, no Norte de Minas. A embarca\u00e7\u00e3o foi colocada no rio no \u00faltimo dia 3 de maio e agora passa por uma fase de testes antes da reinaugura\u00e7\u00e3o oficial, marcada para 1\u00ba de junho \u2014 data em que o munic\u00edpio celebra seu anivers\u00e1rio.<\/p><p>A restaura\u00e7\u00e3o do vapor foi viabilizada por um investimento de R$ 5,6 milh\u00f5es, por meio de recursos da capitaliza\u00e7\u00e3o da Eletrobras, sob coordena\u00e7\u00e3o do governo federal. Segundo a empresa, este \u00e9 o primeiro projeto concretizado com os fundos da nova fase da companhia e representa n\u00e3o apenas a preserva\u00e7\u00e3o de um patrim\u00f4nio hist\u00f3rico, mas tamb\u00e9m um impulso ao turismo e \u00e0 economia da regi\u00e3o.<\/p>\t\t\t\t\t\t\t\t<\/div>\n\t\t\t\t<\/div>\n\t\t\t\t<\/div>\n\t\t<div class=\"elementor-element elementor-element-d9fe641 e-con-full e-flex e-con e-child\" data-id=\"d9fe641\" data-element_type=\"container\">\n\t\t\t\t<div class=\"elementor-element elementor-element-24fdcd6 elementor-widget elementor-widget-text-editor\" data-id=\"24fdcd6\" data-element_type=\"widget\" data-widget_type=\"text-editor.default\">\n\t\t\t\t<div class=\"elementor-widget-container\">\n\t\t\t\t\t\t\t\t\t<p>\u201cEssa ser\u00e1 uma entrega muito simb\u00f3lica para a Eletrobras. A restaura\u00e7\u00e3o do Vapor representa a preserva\u00e7\u00e3o de um bem hist\u00f3rico, mas tamb\u00e9m o fortalecimento da economia local, por meio da valoriza\u00e7\u00e3o do turismo e da cultura do rio da integra\u00e7\u00e3o nacional\u201d, afirmou Domingos Andretta, diretor de Implanta\u00e7\u00e3o de Fundos Regionais da empresa.<\/p><p>Os trabalhos de restaura\u00e7\u00e3o come\u00e7aram em outubro de 2024 e foram conduzidos pela empresa Ind\u00fastria Naval Catarinense (INC). As obras inclu\u00edram a substitui\u00e7\u00e3o de partes estruturais, instala\u00e7\u00e3o de nova caldeira e interven\u00e7\u00f5es para garantir a opera\u00e7\u00e3o segura da embarca\u00e7\u00e3o, respeitando suas caracter\u00edsticas originais.<\/p><p>A entrega tamb\u00e9m traz efeitos positivos para a gest\u00e3o h\u00eddrica do Rio S\u00e3o Francisco. Segundo a Eletrobras, a opera\u00e7\u00e3o do reservat\u00f3rio de Tr\u00eas Marias era limitada pela necessidade de preservar o vapor. Com a conclus\u00e3o da obra, ser\u00e1 poss\u00edvel flexibilizar a vaz\u00e3o de \u00e1gua do rio, o que beneficia tanto o patrim\u00f4nio quanto as usinas da companhia localizadas em trechos mais baixos do S\u00e3o Francisco.<\/p><p><strong>\u00cdcone da navega\u00e7\u00e3o<\/strong><\/p><p>Constru\u00eddo em 1913 nos Estados Unidos, o Benjamim Guimar\u00e3es \u00e9 a \u00faltima embarca\u00e7\u00e3o movida a vapor e lenha ainda em opera\u00e7\u00e3o no mundo. Desde a d\u00e9cada de 1920, navega pelo Rio S\u00e3o Francisco e se tornou s\u00edmbolo da hist\u00f3ria e da identidade cultural de Pirapora. Seu nome homenageia o empres\u00e1rio e filantropo Benjamim Ferreira Guimar\u00e3es, figura importante no desenvolvimento de Minas Gerais.<\/p><p>O vapor est\u00e1 tombado pelo Instituto Estadual do Patrim\u00f4nio Hist\u00f3rico e Art\u00edstico de Minas Gerais (IEPHA\/MG) desde 1985, mas estava parado desde 2013 por conta de problemas estruturais e entraves administrativos.<\/p><p>Com a conclus\u00e3o da restaura\u00e7\u00e3o, a embarca\u00e7\u00e3o ser\u00e1 entregue \u00e0 administra\u00e7\u00e3o da Prefeitura de Pirapora, que planeja retomar os passeios tur\u00edsticos pelo Velho Chico. A expectativa \u00e9 que o retorno do Benjamim Guimar\u00e3es ajude a preservar a mem\u00f3ria da navega\u00e7\u00e3o fluvial e contribua para o desenvolvimento sustent\u00e1vel do Vale do S\u00e3o Francisco.<\/p>\t\t\t\t\t\t\t\t<\/div>\n\t\t\t\t<\/div>\n\t\t\t\t<\/div>\n\t\t\t\t\t<\/div>\n\t\t\t\t<\/div>\n\t\t\t\t<\/div>\n\t\t","protected":false},"excerpt":{"rendered":"<p>\u00cdcone da navega\u00e7\u00e3o, Vapor Benjamim Guimar\u00e3es retorna ao rio S\u00e3o Franscisco. Ap\u00f3s mais de uma d\u00e9cada, embarca\u00e7\u00e3o, movida a vapor e lenha, tem reinaurua\u00e7\u00e3o prevista para<span class=\"excerpt-hellip\"> [\u2026]<\/span><\/p>\n","protected":false},"author":1,"featured_media":4248,"comment_status":"closed","ping_status":"open","sticky":false,"template":"","format":"standard","meta":{"_monsterinsights_skip_tracking":false,"_monsterinsights_sitenote_active":false,"_monsterinsights_sitenote_note":"","_monsterinsights_sitenote_category":0,"footnotes":"","jetpack_publicize_message":"","jetpack_publicize_feature_enabled":true,"jetpack_social_post_already_shared":true,"jetpack_social_options":{"image_generator_settings":{"template":"highway","default_image_id":0,"font":"","enabled":false},"version":2}},"categories":[5],"tags":[],"class_list":["post-4247","post","type-post","status-publish","format-standard","has-post-thumbnail","hentry","category-news"],"aioseo_notices":[],"jetpack_publicize_connections":[],"_links":{"self":[{"href":"https:\/\/jornalnossahistoria.com.br\/portal\/index.php\/wp-json\/wp\/v2\/posts\/4247","targetHints":{"allow":["GET"]}}],"collection":[{"href":"https:\/\/jornalnossahistoria.com.br\/portal\/index.php\/wp-json\/wp\/v2\/posts"}],"about":[{"href":"https:\/\/jornalnossahistoria.com.br\/portal\/index.php\/wp-json\/wp\/v2\/types\/post"}],"author":[{"embeddable":true,"href":"https:\/\/jornalnossahistoria.com.br\/portal\/index.php\/wp-json\/wp\/v2\/users\/1"}],"replies":[{"embeddable":true,"href":"https:\/\/jornalnossahistoria.com.br\/portal\/index.php\/wp-json\/wp\/v2\/comments?post=4247"}],"version-history":[{"count":4,"href":"https:\/\/jornalnossahistoria.com.br\/portal\/index.php\/wp-json\/wp\/v2\/posts\/4247\/revisions"}],"predecessor-version":[{"id":4252,"href":"https:\/\/jornalnossahistoria.com.br\/portal\/index.php\/wp-json\/wp\/v2\/posts\/4247\/revisions\/4252"}],"wp:featuredmedia":[{"embeddable":true,"href":"https:\/\/jornalnossahistoria.com.br\/portal\/index.php\/wp-json\/wp\/v2\/media\/4248"}],"wp:attachment":[{"href":"https:\/\/jornalnossahistoria.com.br\/portal\/index.php\/wp-json\/wp\/v2\/media?parent=4247"}],"wp:term":[{"taxonomy":"category","embeddable":true,"href":"https:\/\/jornalnossahistoria.com.br\/portal\/index.php\/wp-json\/wp\/v2\/categories?post=4247"},{"taxonomy":"post_tag","embeddable":true,"href":"https:\/\/jornalnossahistoria.com.br\/portal\/index.php\/wp-json\/wp\/v2\/tags?post=4247"}],"curies":[{"name":"wp","href":"https:\/\/api.w.org\/{rel}","templated":true}]}}