{"id":4235,"date":"2025-05-09T10:36:46","date_gmt":"2025-05-09T13:36:46","guid":{"rendered":"https:\/\/jornalnossahistoria.com.br\/portal\/?p=4235"},"modified":"2025-05-09T10:49:05","modified_gmt":"2025-05-09T13:49:05","slug":"sistema-fecomercio-mg-traz-projeto-arte-da-palavra-a-belo-horizonte","status":"publish","type":"post","link":"https:\/\/jornalnossahistoria.com.br\/portal\/index.php\/2025\/05\/09\/sistema-fecomercio-mg-traz-projeto-arte-da-palavra-a-belo-horizonte\/","title":{"rendered":"Sistema Fecom\u00e9rcio MG traz Projeto Arte da Palavra a Belo Horizonte"},"content":{"rendered":"\t\t<div data-elementor-type=\"wp-post\" data-elementor-id=\"4235\" class=\"elementor elementor-4235\" data-elementor-post-type=\"post\">\n\t\t\t\t<div class=\"elementor-element elementor-element-e8fd9fb e-flex e-con-boxed e-con e-parent\" data-id=\"e8fd9fb\" data-element_type=\"container\">\n\t\t\t\t\t<div class=\"e-con-inner\">\n\t\t\t\t<div class=\"elementor-element elementor-element-ac73411 elementor-widget elementor-widget-heading\" data-id=\"ac73411\" data-element_type=\"widget\" data-widget_type=\"heading.default\">\n\t\t\t\t<div class=\"elementor-widget-container\">\n\t\t\t\t\t<h3 class=\"elementor-heading-title elementor-size-default\">Sistema Fecom\u00e9rcio MG traz Projeto Arte da Palavra a Belo Horizonte<\/h3>\t\t\t\t<\/div>\n\t\t\t\t<\/div>\n\t\t\t\t<div class=\"elementor-element elementor-element-88827f9 elementor-widget elementor-widget-heading\" data-id=\"88827f9\" data-element_type=\"widget\" data-widget_type=\"heading.default\">\n\t\t\t\t<div class=\"elementor-widget-container\">\n\t\t\t\t\t<h2 class=\"elementor-heading-title elementor-size-default\">Iniciativa do Departamento Nacional do Sesc promove, at\u00e9 o m\u00eas de junho, encontros com escritores e escritoras, oficinas e apresenta\u00e7\u00f5es art\u00edsticas<\/h2>\t\t\t\t<\/div>\n\t\t\t\t<\/div>\n\t\t\t\t\t<\/div>\n\t\t\t\t<\/div>\n\t\t<div class=\"elementor-element elementor-element-ac04dbd e-flex e-con-boxed e-con e-parent\" data-id=\"ac04dbd\" data-element_type=\"container\">\n\t\t\t\t\t<div class=\"e-con-inner\">\n\t\t<div class=\"elementor-element elementor-element-733cc8e e-con-full e-flex e-con e-child\" data-id=\"733cc8e\" data-element_type=\"container\">\n\t\t\t\t<div class=\"elementor-element elementor-element-3ef53c5 elementor-widget elementor-widget-image\" data-id=\"3ef53c5\" data-element_type=\"widget\" data-widget_type=\"image.default\">\n\t\t\t\t<div class=\"elementor-widget-container\">\n\t\t\t\t\t\t\t\t\t\t\t\t<figure class=\"wp-caption\">\n\t\t\t\t\t\t\t\t\t\t<img fetchpriority=\"high\" decoding=\"async\" width=\"1200\" height=\"800\" src=\"https:\/\/jornalnossahistoria.com.br\/portal\/wp-content\/uploads\/2025\/05\/Linete-Matias_Credito-Arilene-de-Castro-1200x800.jpeg\" class=\"attachment-large size-large wp-image-4237\" alt=\"\" srcset=\"https:\/\/jornalnossahistoria.com.br\/portal\/wp-content\/uploads\/2025\/05\/Linete-Matias_Credito-Arilene-de-Castro-1200x800.jpeg 1200w, https:\/\/jornalnossahistoria.com.br\/portal\/wp-content\/uploads\/2025\/05\/Linete-Matias_Credito-Arilene-de-Castro-500x333.jpeg 500w, https:\/\/jornalnossahistoria.com.br\/portal\/wp-content\/uploads\/2025\/05\/Linete-Matias_Credito-Arilene-de-Castro-300x200.jpeg 300w, https:\/\/jornalnossahistoria.com.br\/portal\/wp-content\/uploads\/2025\/05\/Linete-Matias_Credito-Arilene-de-Castro-768x512.jpeg 768w, https:\/\/jornalnossahistoria.com.br\/portal\/wp-content\/uploads\/2025\/05\/Linete-Matias_Credito-Arilene-de-Castro-1536x1024.jpeg 1536w, https:\/\/jornalnossahistoria.com.br\/portal\/wp-content\/uploads\/2025\/05\/Linete-Matias_Credito-Arilene-de-Castro-2048x1365.jpeg 2048w, https:\/\/jornalnossahistoria.com.br\/portal\/wp-content\/uploads\/2025\/05\/Linete-Matias_Credito-Arilene-de-Castro-113x75.jpeg 113w, https:\/\/jornalnossahistoria.com.br\/portal\/wp-content\/uploads\/2025\/05\/Linete-Matias_Credito-Arilene-de-Castro-480x320.jpeg 480w\" sizes=\"(max-width:767px) 480px, (max-width:1200px) 100vw, 1200px\" \/>\t\t\t\t\t\t\t\t\t\t\t<figcaption class=\"widget-image-caption wp-caption-text\">Linete Matias (Cr\u00e9dito Arilene de Castro)<\/figcaption>\n\t\t\t\t\t\t\t\t\t\t<\/figure>\n\t\t\t\t\t\t\t\t\t<\/div>\n\t\t\t\t<\/div>\n\t\t\t\t<div class=\"elementor-element elementor-element-c083555 elementor-widget elementor-widget-text-editor\" data-id=\"c083555\" data-element_type=\"widget\" data-widget_type=\"text-editor.default\">\n\t\t\t\t<div class=\"elementor-widget-container\">\n\t\t\t\t\t\t\t\t\t<p>O Sistema Fecom\u00e9rcio MG, por meio do Sesc em Minas, realiza o Projeto Arte da Palavra em nove cidades mineiras at\u00e9 o m\u00eas de junho. Belo Horizonte receber\u00e1 as atividades, a partir deste s\u00e1bado (10\/05), no Sesc Palladium e nas unidades Santa Quit\u00e9ria e Floresta.<\/p><p>O Arte da Palavra \u2013 Rede Sesc de Leituras \u00e9 um circuito nacional que incentiva a forma\u00e7\u00e3o de leitores e leitoras, a divulga\u00e7\u00e3o de novos talentos da arte de escrever e a valoriza\u00e7\u00e3o da literatura brasileira em suas diversas formas.<\/p><p>A programa\u00e7\u00e3o inclui debates, apresenta\u00e7\u00f5es que exploram a oralidade e oficinas de cria\u00e7\u00e3o liter\u00e1ria, oferecendo uma experi\u00eancia abrangente para o p\u00fablico.<\/p><p>O grupo de participantes \u00e9 selecionado por uma curadoria coletiva do Sesc, composta por especialistas de diferentes regi\u00f5es do pa\u00eds.<\/p><p><strong>\u00a0<\/strong><\/p><p><strong>Os tr\u00eas circuitos do Projeto<\/strong><\/p><ul><li>Circuito Autores \u2013 Debate: promove encontros com escritores e escritoras de diferentes vertentes da literatura brasileira, estimulando a valoriza\u00e7\u00e3o e a circula\u00e7\u00e3o de suas obras.<\/li><li>Circuito Oralidades \u2013 Apresenta\u00e7\u00e3o Art\u00edstica: privilegia manifesta\u00e7\u00f5es orais, como conta\u00e7\u00e3o de hist\u00f3rias, saraus e performances po\u00e9ticas.<\/li><li>Circuito Cria\u00e7\u00e3o Liter\u00e1ria \u2013 Oferece oficinas tem\u00e1ticas para desenvolvimento da escrita e forma\u00e7\u00e3o de leitores e leitoras.<\/li><\/ul><p>Programa\u00e7\u00e3o em Belo Horizonte<\/p><p><strong>\u00a0<\/strong><\/p><p><strong>SESC PALLADIUM<\/strong><\/p><p>Circuito Oralidades &#8211; Apresenta\u00e7\u00e3o: Linete Matias<\/p><p>Data: 10\/05 | Hor\u00e1rio: 15h | Local: Mezanino<\/p><p>Linete Matias \u00e9 contadora de hist\u00f3rias, nascida em Potengy-Pia\u00e7abu\u00e7u, em Alagoas, filha de uma contadora de hist\u00f3rias e de um pescador. Formada em Teatro Licenciatura pela Universidade Federal de Alagoas e p\u00f3s-graduada em &#8220;A arte de contar hist\u00f3rias e suas interfaces&#8221;, atua como arte-educadora em Sergipe, com trabalhos envolvendo o Rio S\u00e3o Francisco.<\/p><p>Ingressos: gratuitos, 30 minutos antes do in\u00edcio das atividades, at\u00e9 a lota\u00e7\u00e3o do espa\u00e7o<\/p><p>Circuito Autores \u2013 Debate: Amara Moira x Ronaldo Correia<\/p><p>Data: 13\/06 | Hor\u00e1rio: 20h | Local: Teatro de Bolso<\/p><p>O encontro entre o pernambucano Ronaldo Correia e a paulista Amara Moira re\u00fane dois nomes da escrita que se inspiram em suas experi\u00eancias e territ\u00f3rios. Ronaldo, influenciado por Ariano Suassuna e Guimar\u00e3es Rosa, \u00e9 autor de contos, pe\u00e7as e romances desde a d\u00e9cada de 1980. Amara Moira, doutora em Teoria Liter\u00e1ria, iniciou sua carreira com um blog e \u00e9 uma refer\u00eancia na literatura trans, defendendo a literatura como ferramenta de transforma\u00e7\u00e3o social.<\/p><p>Ingressos: gratuitos, 30 minutos antes do in\u00edcio das atividades, at\u00e9 a lota\u00e7\u00e3o do espa\u00e7o<\/p><p><strong>\u00a0<\/strong><\/p><p><strong>SESC FLORESTA<\/strong><\/p><p>Cria\u00e7\u00e3o Liter\u00e1ria \u2013 Oficina: J\u00f4 Freitas<\/p><p>Data: 27, 28 e 29\/05 | Hor\u00e1rio: das 19h \u00e0s 21h<\/p><p>Inscri\u00e7\u00f5es: exclusivas a participantes do Projeto Lab+<\/p><p>J\u00f4 Freitas \u00e9 poetisa de S\u00e3o Paulo, mestre de cerim\u00f4nia e escritora, indicada ao Pr\u00eamio Jabuti de 2024 com o livro Goela Seca. Sua oficina de Escrita Criativa em Cenopoesia\/Spoken Word integra jogos e exerc\u00edcios po\u00e9ticos, explorando o corpo como elemento c\u00eanico e perform\u00e1tico. A oficina desafia cada participante a criar a partir do espa\u00e7o e da corporalidade, utilizando a oralidade e a escrita como manifesta\u00e7\u00f5es art\u00edsticas.<\/p><p><strong>\u00a0<\/strong><\/p>\t\t\t\t\t\t\t\t<\/div>\n\t\t\t\t<\/div>\n\t\t\t\t<div class=\"elementor-element elementor-element-327d8e2 elementor-widget elementor-widget-image\" data-id=\"327d8e2\" data-element_type=\"widget\" data-widget_type=\"image.default\">\n\t\t\t\t<div class=\"elementor-widget-container\">\n\t\t\t\t\t\t\t\t\t\t\t\t<figure class=\"wp-caption\">\n\t\t\t\t\t\t\t\t\t\t<img decoding=\"async\" width=\"1200\" height=\"800\" src=\"https:\/\/jornalnossahistoria.com.br\/portal\/wp-content\/uploads\/2025\/05\/Amara-Moira_Cred-Cintia-Antunes-1200x800.jpeg\" class=\"attachment-large size-large wp-image-4238\" alt=\"\" srcset=\"https:\/\/jornalnossahistoria.com.br\/portal\/wp-content\/uploads\/2025\/05\/Amara-Moira_Cred-Cintia-Antunes-1200x800.jpeg 1200w, https:\/\/jornalnossahistoria.com.br\/portal\/wp-content\/uploads\/2025\/05\/Amara-Moira_Cred-Cintia-Antunes-500x333.jpeg 500w, https:\/\/jornalnossahistoria.com.br\/portal\/wp-content\/uploads\/2025\/05\/Amara-Moira_Cred-Cintia-Antunes-300x200.jpeg 300w, https:\/\/jornalnossahistoria.com.br\/portal\/wp-content\/uploads\/2025\/05\/Amara-Moira_Cred-Cintia-Antunes-768x512.jpeg 768w, https:\/\/jornalnossahistoria.com.br\/portal\/wp-content\/uploads\/2025\/05\/Amara-Moira_Cred-Cintia-Antunes-1536x1024.jpeg 1536w, https:\/\/jornalnossahistoria.com.br\/portal\/wp-content\/uploads\/2025\/05\/Amara-Moira_Cred-Cintia-Antunes-2048x1365.jpeg 2048w, https:\/\/jornalnossahistoria.com.br\/portal\/wp-content\/uploads\/2025\/05\/Amara-Moira_Cred-Cintia-Antunes-113x75.jpeg 113w, https:\/\/jornalnossahistoria.com.br\/portal\/wp-content\/uploads\/2025\/05\/Amara-Moira_Cred-Cintia-Antunes-480x320.jpeg 480w\" sizes=\"(max-width:767px) 480px, (max-width:1200px) 100vw, 1200px\" \/>\t\t\t\t\t\t\t\t\t\t\t<figcaption class=\"widget-image-caption wp-caption-text\">Amara Maira (Cr\u00e9dito Cintia Antunes)<\/figcaption>\n\t\t\t\t\t\t\t\t\t\t<\/figure>\n\t\t\t\t\t\t\t\t\t<\/div>\n\t\t\t\t<\/div>\n\t\t\t\t<\/div>\n\t\t<div class=\"elementor-element elementor-element-73107d5 e-con-full e-flex e-con e-child\" data-id=\"73107d5\" data-element_type=\"container\">\n\t\t\t\t<div class=\"elementor-element elementor-element-b36b10b elementor-widget elementor-widget-text-editor\" data-id=\"b36b10b\" data-element_type=\"widget\" data-widget_type=\"text-editor.default\">\n\t\t\t\t<div class=\"elementor-widget-container\">\n\t\t\t\t\t\t\t\t\t<p><strong>SESC SANTA QUIT\u00c9RIA<\/strong><\/p><ul><li>Circuito Oralidades \u2013 Apresenta\u00e7\u00e3o: Maur\u00edcio Ricardo<\/li><\/ul><p>Data: 22\/05 | Hor\u00e1rio: 10h<\/p><p>Ator e produtor em Mato Grosso, fundou a Cia Porrada de Teatro e cofundou a Casa da Cena. Seu espet\u00e1culo &#8220;Desutilidade Po\u00e9tica&#8221; oferece uma proposta c\u00eanica alternativa, inspirada na obra de Manoel de Barros, que envolve o espectador e transforma elementos t\u00e9cnicos em parte da performance. Ele expressa personagens e sentimentos humanos com uma mistura de gestos, movimentos e sons, em que a linguagem verbal \u00e9 apenas um dos muitos elementos.<\/p><ul><li>Cria\u00e7\u00e3o Liter\u00e1ria \u2013 Oficina: Radi Oliveira<\/li><\/ul><p>Data: 11 a 13\/06 | Hor\u00e1rio: 9h<\/p><p>Inscri\u00e7\u00f5es: pela plataforma Sympla<\/p><p>Pedagoga baiana, educadora social, mediadora de leitura, poeta e compositora, cofundadora de projetos liter\u00e1rios e coordenadora educacional no Instituto L\u00edtero-cultural de Leituras e Escritas do Rec\u00f4ncavo e do Projeto Poesia Ouvida, Radi tamb\u00e9m \u00e9 integrante do Quilombo Amefricano de Literatura, atuando no Brasil, na Col\u00f4mbia e em Cuba. Sua oficina promove viv\u00eancias liter\u00e1rias e pr\u00e1ticas de escrita criativa, indicada para jovens e pessoas adultas, podendo ser adaptada para crian\u00e7as.<\/p><p><strong>\u00a0<\/strong><\/p><p><strong>Sobre a Fecom\u00e9rcio MG e o Sesc em Minas<\/strong><\/p><p>A Federa\u00e7\u00e3o do Com\u00e9rcio de Bens, Servi\u00e7os e Turismo de Minas Gerais (Fecom\u00e9rcio MG) \u00e9 a principal entidade representativa do setor do com\u00e9rcio de bens, servi\u00e7os e turismo no estado, abrangendo cerca de 750 mil empresas e respondendo por mais de 50 sindicatos. Hoje sob a presid\u00eancia de Nadim Elias Donato Filho, a Fecom\u00e9rcio MG atua h\u00e1 86 anos como porta-voz das demandas do empresariado, buscando solu\u00e7\u00f5es atrav\u00e9s do di\u00e1logo com o poder p\u00fablico e a sociedade.<\/p><p>\u00a0Outra importante atribui\u00e7\u00e3o da entidade \u00e9 a administra\u00e7\u00e3o do Servi\u00e7o Social do Com\u00e9rcio (Sesc) e do Servi\u00e7o Nacional de Aprendizagem Comercial (Senac) em Minas Gerais. A atua\u00e7\u00e3o integrada das tr\u00eas casas fortalece a promo\u00e7\u00e3o de servi\u00e7os que beneficiam comerci\u00e1rios e comerci\u00e1rias, empres\u00e1rios e empres\u00e1rias e a comunidade em geral, a partir de suas diversas unidades distribu\u00eddas pelo estado.<\/p><p>\u00a0H\u00e1 quase 80 anos, o Sesc cumpre a miss\u00e3o de promover o encontro das pessoas com o bem-estar e a qualidade de vida. S\u00e3o encontros di\u00e1rios com a A\u00e7\u00e3o Social, a Sa\u00fade, a Educa\u00e7\u00e3o, o Turismo, o Lazer, o Esporte e a Cultura. Fundado pela Confedera\u00e7\u00e3o Nacional do Com\u00e9rcio em 13 de setembro de 1946, o Sesc em Minas \u00e9 uma institui\u00e7\u00e3o privada mantida pela contribui\u00e7\u00e3o sindical do empresariado do com\u00e9rcio.\u00a0 Em Minas Gerais, o Sesc atua em todas as regi\u00f5es do estado, com 38 unidades fixas e 13 unidades m\u00f3veis.<\/p><p>\u00a0A Fecom\u00e9rcio MG tamb\u00e9m trabalha em estreita colabora\u00e7\u00e3o com a Confedera\u00e7\u00e3o Nacional do Com\u00e9rcio (CNC), presidida por Jos\u00e9 Roberto Tadros, para defender os interesses do setor nos \u00e2mbitos municipal, estadual e federal. Com 86 anos de atua\u00e7\u00e3o, a Federa\u00e7\u00e3o \u00e9 fundamental para transformar a vida de cidad\u00e3os e cidad\u00e3s e impulsionar a economia mineira.<\/p>\t\t\t\t\t\t\t\t<\/div>\n\t\t\t\t<\/div>\n\t\t\t\t<div class=\"elementor-element elementor-element-8195378 elementor-widget elementor-widget-image\" data-id=\"8195378\" data-element_type=\"widget\" data-widget_type=\"image.default\">\n\t\t\t\t<div class=\"elementor-widget-container\">\n\t\t\t\t\t\t\t\t\t\t\t\t<figure class=\"wp-caption\">\n\t\t\t\t\t\t\t\t\t\t<img decoding=\"async\" width=\"800\" height=\"1200\" src=\"https:\/\/jornalnossahistoria.com.br\/portal\/wp-content\/uploads\/2025\/05\/Jo-Freitas_Credito-Dani-Souza-800x1200.jpeg\" class=\"attachment-large size-large wp-image-4239\" alt=\"\" srcset=\"https:\/\/jornalnossahistoria.com.br\/portal\/wp-content\/uploads\/2025\/05\/Jo-Freitas_Credito-Dani-Souza-800x1200.jpeg 800w, https:\/\/jornalnossahistoria.com.br\/portal\/wp-content\/uploads\/2025\/05\/Jo-Freitas_Credito-Dani-Souza-333x500.jpeg 333w, https:\/\/jornalnossahistoria.com.br\/portal\/wp-content\/uploads\/2025\/05\/Jo-Freitas_Credito-Dani-Souza-200x300.jpeg 200w, https:\/\/jornalnossahistoria.com.br\/portal\/wp-content\/uploads\/2025\/05\/Jo-Freitas_Credito-Dani-Souza-768x1152.jpeg 768w, https:\/\/jornalnossahistoria.com.br\/portal\/wp-content\/uploads\/2025\/05\/Jo-Freitas_Credito-Dani-Souza-1024x1536.jpeg 1024w, https:\/\/jornalnossahistoria.com.br\/portal\/wp-content\/uploads\/2025\/05\/Jo-Freitas_Credito-Dani-Souza-1365x2048.jpeg 1365w, https:\/\/jornalnossahistoria.com.br\/portal\/wp-content\/uploads\/2025\/05\/Jo-Freitas_Credito-Dani-Souza-50x75.jpeg 50w, https:\/\/jornalnossahistoria.com.br\/portal\/wp-content\/uploads\/2025\/05\/Jo-Freitas_Credito-Dani-Souza-480x720.jpeg 480w, https:\/\/jornalnossahistoria.com.br\/portal\/wp-content\/uploads\/2025\/05\/Jo-Freitas_Credito-Dani-Souza-scaled.jpeg 1706w\" sizes=\"(max-width:767px) 480px, (max-width:800px) 100vw, 800px\" \/>\t\t\t\t\t\t\t\t\t\t\t<figcaption class=\"widget-image-caption wp-caption-text\">J\u00f4 Freitas (Cr\u00e9dito Dani Alves)<\/figcaption>\n\t\t\t\t\t\t\t\t\t\t<\/figure>\n\t\t\t\t\t\t\t\t\t<\/div>\n\t\t\t\t<\/div>\n\t\t\t\t<\/div>\n\t\t\t\t\t<\/div>\n\t\t\t\t<\/div>\n\t\t\t\t<\/div>\n\t\t","protected":false},"excerpt":{"rendered":"<p>Sistema Fecom\u00e9rcio MG traz Projeto Arte da Palavra a Belo Horizonte Iniciativa do Departamento Nacional do Sesc promove, at\u00e9 o m\u00eas de junho, encontros com escritores<span class=\"excerpt-hellip\"> [\u2026]<\/span><\/p>\n","protected":false},"author":1,"featured_media":4237,"comment_status":"closed","ping_status":"open","sticky":false,"template":"","format":"standard","meta":{"_monsterinsights_skip_tracking":false,"_monsterinsights_sitenote_active":false,"_monsterinsights_sitenote_note":"","_monsterinsights_sitenote_category":0,"footnotes":"","jetpack_publicize_message":"","jetpack_publicize_feature_enabled":true,"jetpack_social_post_already_shared":true,"jetpack_social_options":{"image_generator_settings":{"template":"highway","default_image_id":0,"font":"","enabled":false},"version":2}},"categories":[5],"tags":[],"class_list":["post-4235","post","type-post","status-publish","format-standard","has-post-thumbnail","hentry","category-news"],"aioseo_notices":[],"jetpack_publicize_connections":[],"_links":{"self":[{"href":"https:\/\/jornalnossahistoria.com.br\/portal\/index.php\/wp-json\/wp\/v2\/posts\/4235","targetHints":{"allow":["GET"]}}],"collection":[{"href":"https:\/\/jornalnossahistoria.com.br\/portal\/index.php\/wp-json\/wp\/v2\/posts"}],"about":[{"href":"https:\/\/jornalnossahistoria.com.br\/portal\/index.php\/wp-json\/wp\/v2\/types\/post"}],"author":[{"embeddable":true,"href":"https:\/\/jornalnossahistoria.com.br\/portal\/index.php\/wp-json\/wp\/v2\/users\/1"}],"replies":[{"embeddable":true,"href":"https:\/\/jornalnossahistoria.com.br\/portal\/index.php\/wp-json\/wp\/v2\/comments?post=4235"}],"version-history":[{"count":7,"href":"https:\/\/jornalnossahistoria.com.br\/portal\/index.php\/wp-json\/wp\/v2\/posts\/4235\/revisions"}],"predecessor-version":[{"id":4245,"href":"https:\/\/jornalnossahistoria.com.br\/portal\/index.php\/wp-json\/wp\/v2\/posts\/4235\/revisions\/4245"}],"wp:featuredmedia":[{"embeddable":true,"href":"https:\/\/jornalnossahistoria.com.br\/portal\/index.php\/wp-json\/wp\/v2\/media\/4237"}],"wp:attachment":[{"href":"https:\/\/jornalnossahistoria.com.br\/portal\/index.php\/wp-json\/wp\/v2\/media?parent=4235"}],"wp:term":[{"taxonomy":"category","embeddable":true,"href":"https:\/\/jornalnossahistoria.com.br\/portal\/index.php\/wp-json\/wp\/v2\/categories?post=4235"},{"taxonomy":"post_tag","embeddable":true,"href":"https:\/\/jornalnossahistoria.com.br\/portal\/index.php\/wp-json\/wp\/v2\/tags?post=4235"}],"curies":[{"name":"wp","href":"https:\/\/api.w.org\/{rel}","templated":true}]}}