{"id":4228,"date":"2025-04-29T13:33:49","date_gmt":"2025-04-29T16:33:49","guid":{"rendered":"https:\/\/jornalnossahistoria.com.br\/portal\/?p=4228"},"modified":"2025-04-29T13:37:22","modified_gmt":"2025-04-29T16:37:22","slug":"comemorar-o-dia-das-maes-nao-e-somente-em-uma-data-especifica-e-sim-a-cada-amanhecer","status":"publish","type":"post","link":"https:\/\/jornalnossahistoria.com.br\/portal\/index.php\/2025\/04\/29\/comemorar-o-dia-das-maes-nao-e-somente-em-uma-data-especifica-e-sim-a-cada-amanhecer\/","title":{"rendered":"Comemorar o Dia das M\u00e3es n\u00e3o \u00e9 somente em uma data especifica, e sim a cada amanhecer"},"content":{"rendered":"\t\t<div data-elementor-type=\"wp-post\" data-elementor-id=\"4228\" class=\"elementor elementor-4228\" data-elementor-post-type=\"post\">\n\t\t\t\t<div class=\"elementor-element elementor-element-89f8ea4 e-flex e-con-boxed e-con e-parent\" data-id=\"89f8ea4\" data-element_type=\"container\">\n\t\t\t\t\t<div class=\"e-con-inner\">\n\t\t\t\t<div class=\"elementor-element elementor-element-942ca55 elementor-widget elementor-widget-heading\" data-id=\"942ca55\" data-element_type=\"widget\" data-widget_type=\"heading.default\">\n\t\t\t\t<div class=\"elementor-widget-container\">\n\t\t\t\t\t<h2 class=\"elementor-heading-title elementor-size-default\">Comemorar o Dia das M\u00e3es n\u00e3o \u00e9 somente em uma data especifica, e sim a cada amanhecer<\/h2>\t\t\t\t<\/div>\n\t\t\t\t<\/div>\n\t\t\t\t\t<\/div>\n\t\t\t\t<\/div>\n\t\t<div class=\"elementor-element elementor-element-9892bc2 e-flex e-con-boxed e-con e-parent\" data-id=\"9892bc2\" data-element_type=\"container\">\n\t\t\t\t\t<div class=\"e-con-inner\">\n\t\t<div class=\"elementor-element elementor-element-4d5ee82 e-con-full e-flex e-con e-child\" data-id=\"4d5ee82\" data-element_type=\"container\">\n\t\t\t\t<div class=\"elementor-element elementor-element-b94605d elementor-widget elementor-widget-text-editor\" data-id=\"b94605d\" data-element_type=\"widget\" data-widget_type=\"text-editor.default\">\n\t\t\t\t<div class=\"elementor-widget-container\">\n\t\t\t\t\t\t\t\t\t<p>\u201cDiz uma lenda que o dia em que o bom Deus criou as m\u00e3es, um mensageiro se acercou Dele e Lhe perguntou o porqu\u00ea de tanto zelo com aquela cria\u00e7\u00e3o.<\/p><p>Em qu\u00ea, afinal de contas, ela era t\u00e3o especial?<\/p><p>O bondoso e paciente Pai de todos n\u00f3s lhe explicou que aquela mulher teria o papel de m\u00e3e, pelo que merecia especial cuidado.<\/p><p>Ela deveria ter um beijo que tivesse o dom de curar qualquer coisa, desde leves machucados at\u00e9 namoro terminado.<\/p><p>Deveria ser dotada de m\u00e3os h\u00e1beis e ligeiras que agissem depressa preparando o lanche do filho, enquanto mexesse nas panelas para que o almo\u00e7o n\u00e3o queimasse.<\/p><p>Que tivesse no\u00e7\u00f5es b\u00e1sicas de enfermagem e fosse catedr\u00e1tica em medicina da alma. Que aplicasse curativos nos ferimentos do corpo e colocasse b\u00e1lsamo nas chagas da alma ferida e magoada.<\/p><p>M\u00e3os que soubessem acarinhar, mas que fossem firmes para transmitir seguran\u00e7a ao filho de passos vacilantes. M\u00e3os que soubessem transformar um peda\u00e7o de tecido, quase insignificante, numa roupa especial para a festinha da escola.<\/p><p>Por ser m\u00e3e deveria ser dotada de muitos pares de olhos. Um par para ver atrav\u00e9s de portas fechadas, para aqueles momentos em que se perguntasse o que \u00e9 que as crian\u00e7as est\u00e3o tramando no quarto fechado.<\/p><p>Outro para ver o que n\u00e3o deveria, mas precisa saber e, naturalmente, olhos normais para fitar com do\u00e7ura uma crian\u00e7a em apuros e lhe dizer: Eu te compreendo. N\u00e3o tenhas medo. Eu te amo, mesmo sem dizer nenhuma palavra.<\/p><p>O modelo de m\u00e3e deveria ser dotado ainda da capacidade de convencer uma crian\u00e7a de nove anos a tomar banho, uma de cinco a escovar os dentes e dormir, quando est\u00e1 na hora.<\/p><p>Um modelo delicado com certeza, mas resistente, capaz de resistir ao vendaval da adversidade e proteger os filhos.<\/p><p>De superar a pr\u00f3pria enfermidade em benef\u00edcio dos seus amados e de alimentar uma fam\u00edlia com o p\u00e3o do amor.<\/p><p>Uma mulher com capacidade de pensar e fazer acordos com as mais diversas faixas de idade.<\/p><p>Uma mulher com capacidade de derramar l\u00e1grimas de saudade e de dor mas, ainda assim, insistir para que o filho parta em busca do que lhe constitua a felicidade ou signifique seu progresso maior.<\/p><p>Uma mulher com l\u00e1grimas especiais para os dias da alegria e os da tristeza, para as horas de desapontamento e de solid\u00e3o.<\/p><p>Uma mulher de l\u00e1bios ternos, que soubesse cantar can\u00e7\u00f5es de ninar para os beb\u00eas e tivesse sempre as palavras certas para o filho arrependido pelas tolices feitas.<\/p><p>L\u00e1bios que soubessem falar de Deus, do Universo e do amor. Que cantassem poemas de exalta\u00e7\u00e3o \u00e0 beleza da paisagem e aos encantos da vida.<\/p><p>Uma mulher. Uma m\u00e3e\u201d.<\/p>\t\t\t\t\t\t\t\t<\/div>\n\t\t\t\t<\/div>\n\t\t\t\t<\/div>\n\t\t<div class=\"elementor-element elementor-element-93bf408 e-con-full e-flex e-con e-child\" data-id=\"93bf408\" data-element_type=\"container\">\n\t\t\t\t<div class=\"elementor-element elementor-element-8000fbe elementor-widget elementor-widget-text-editor\" data-id=\"8000fbe\" data-element_type=\"widget\" data-widget_type=\"text-editor.default\">\n\t\t\t\t<div class=\"elementor-widget-container\">\n\t\t\t\t\t\t\t\t\t<p><em>O Jornal Nossa Hist\u00f3ria Arena, deseja que as m\u00e3es recebam todo o carinho, aten\u00e7\u00e3o e agradecimentos do seu bem mais precioso: a fam\u00edlia!<\/em><\/p><p><em>Neste dia t\u00e3o especial, queremos agradecer \u00e0s mulheres que se dedicaram ao cuidado e \u00e0 forma\u00e7\u00e3o de seus filhos, sem as quais n\u00e3o estar\u00edamos aqui para celebrar mais essa data.<\/em><\/p><p><em>Voc\u00eas s\u00e3o verdadeiras rainhas, guerreiras e hero\u00ednas que merecem todo o nosso reconhecimento.<\/em><\/p><p><em>E para representar o Dia das M\u00e3es, Maria Aparecida Miranda Silva, mais conhecida como Cida \u00e9 a nossa homenageada. Ela \u00e9 casada h\u00e1 quase 40 anos, \u00e9 m\u00e3e de duas filhas e dois netos. Cida \u00e9 moradora do Sagrada Fam\u00edlia h\u00e1 50 anos e 35 anos dedicados ao com\u00e9rcio.<\/em><\/p>\t\t\t\t\t\t\t\t<\/div>\n\t\t\t\t<\/div>\n\t\t\t\t<div class=\"elementor-element elementor-element-bd16dbd elementor-widget elementor-widget-image\" data-id=\"bd16dbd\" data-element_type=\"widget\" data-widget_type=\"image.default\">\n\t\t\t\t<div class=\"elementor-widget-container\">\n\t\t\t\t\t\t\t\t\t\t\t\t\t\t\t<img fetchpriority=\"high\" decoding=\"async\" width=\"900\" height=\"1200\" src=\"https:\/\/jornalnossahistoria.com.br\/portal\/wp-content\/uploads\/2025\/04\/Cida-Batista-Helena-e-Gael-900x1200.jpg\" class=\"attachment-large size-large wp-image-4229\" alt=\"\" srcset=\"https:\/\/jornalnossahistoria.com.br\/portal\/wp-content\/uploads\/2025\/04\/Cida-Batista-Helena-e-Gael-900x1200.jpg 900w, https:\/\/jornalnossahistoria.com.br\/portal\/wp-content\/uploads\/2025\/04\/Cida-Batista-Helena-e-Gael-375x500.jpg 375w, https:\/\/jornalnossahistoria.com.br\/portal\/wp-content\/uploads\/2025\/04\/Cida-Batista-Helena-e-Gael-225x300.jpg 225w, https:\/\/jornalnossahistoria.com.br\/portal\/wp-content\/uploads\/2025\/04\/Cida-Batista-Helena-e-Gael-768x1024.jpg 768w, https:\/\/jornalnossahistoria.com.br\/portal\/wp-content\/uploads\/2025\/04\/Cida-Batista-Helena-e-Gael-1152x1536.jpg 1152w, https:\/\/jornalnossahistoria.com.br\/portal\/wp-content\/uploads\/2025\/04\/Cida-Batista-Helena-e-Gael-56x75.jpg 56w, https:\/\/jornalnossahistoria.com.br\/portal\/wp-content\/uploads\/2025\/04\/Cida-Batista-Helena-e-Gael-480x640.jpg 480w, https:\/\/jornalnossahistoria.com.br\/portal\/wp-content\/uploads\/2025\/04\/Cida-Batista-Helena-e-Gael.jpg 1200w\" sizes=\"(max-width:767px) 480px, (max-width:900px) 100vw, 900px\" \/>\t\t\t\t\t\t\t\t\t\t\t\t\t\t\t<\/div>\n\t\t\t\t<\/div>\n\t\t\t\t<\/div>\n\t\t\t\t\t<\/div>\n\t\t\t\t<\/div>\n\t\t\t\t<\/div>\n\t\t","protected":false},"excerpt":{"rendered":"<p>Comemorar o Dia das M\u00e3es n\u00e3o \u00e9 somente em uma data especifica, e sim a cada amanhecer \u201cDiz uma lenda que o dia em que o<span class=\"excerpt-hellip\"> [\u2026]<\/span><\/p>\n","protected":false},"author":1,"featured_media":4229,"comment_status":"closed","ping_status":"open","sticky":false,"template":"","format":"standard","meta":{"_monsterinsights_skip_tracking":false,"_monsterinsights_sitenote_active":false,"_monsterinsights_sitenote_note":"","_monsterinsights_sitenote_category":0,"footnotes":"","jetpack_publicize_message":"","jetpack_publicize_feature_enabled":true,"jetpack_social_post_already_shared":true,"jetpack_social_options":{"image_generator_settings":{"template":"highway","default_image_id":0,"font":"","enabled":false},"version":2}},"categories":[5],"tags":[],"class_list":["post-4228","post","type-post","status-publish","format-standard","has-post-thumbnail","hentry","category-news"],"aioseo_notices":[],"jetpack_publicize_connections":[],"_links":{"self":[{"href":"https:\/\/jornalnossahistoria.com.br\/portal\/index.php\/wp-json\/wp\/v2\/posts\/4228","targetHints":{"allow":["GET"]}}],"collection":[{"href":"https:\/\/jornalnossahistoria.com.br\/portal\/index.php\/wp-json\/wp\/v2\/posts"}],"about":[{"href":"https:\/\/jornalnossahistoria.com.br\/portal\/index.php\/wp-json\/wp\/v2\/types\/post"}],"author":[{"embeddable":true,"href":"https:\/\/jornalnossahistoria.com.br\/portal\/index.php\/wp-json\/wp\/v2\/users\/1"}],"replies":[{"embeddable":true,"href":"https:\/\/jornalnossahistoria.com.br\/portal\/index.php\/wp-json\/wp\/v2\/comments?post=4228"}],"version-history":[{"count":4,"href":"https:\/\/jornalnossahistoria.com.br\/portal\/index.php\/wp-json\/wp\/v2\/posts\/4228\/revisions"}],"predecessor-version":[{"id":4233,"href":"https:\/\/jornalnossahistoria.com.br\/portal\/index.php\/wp-json\/wp\/v2\/posts\/4228\/revisions\/4233"}],"wp:featuredmedia":[{"embeddable":true,"href":"https:\/\/jornalnossahistoria.com.br\/portal\/index.php\/wp-json\/wp\/v2\/media\/4229"}],"wp:attachment":[{"href":"https:\/\/jornalnossahistoria.com.br\/portal\/index.php\/wp-json\/wp\/v2\/media?parent=4228"}],"wp:term":[{"taxonomy":"category","embeddable":true,"href":"https:\/\/jornalnossahistoria.com.br\/portal\/index.php\/wp-json\/wp\/v2\/categories?post=4228"},{"taxonomy":"post_tag","embeddable":true,"href":"https:\/\/jornalnossahistoria.com.br\/portal\/index.php\/wp-json\/wp\/v2\/tags?post=4228"}],"curies":[{"name":"wp","href":"https:\/\/api.w.org\/{rel}","templated":true}]}}