{"id":4221,"date":"2025-04-29T13:28:06","date_gmt":"2025-04-29T16:28:06","guid":{"rendered":"https:\/\/jornalnossahistoria.com.br\/portal\/?p=4221"},"modified":"2025-04-29T13:31:00","modified_gmt":"2025-04-29T16:31:00","slug":"a-importancia-da-participacao-popular-nas-comissoes-locais-de-saude","status":"publish","type":"post","link":"https:\/\/jornalnossahistoria.com.br\/portal\/index.php\/2025\/04\/29\/a-importancia-da-participacao-popular-nas-comissoes-locais-de-saude\/","title":{"rendered":"A import\u00e2ncia da participa\u00e7\u00e3o popular nas comiss\u00f5es locais de sa\u00fade"},"content":{"rendered":"\t\t<div data-elementor-type=\"wp-post\" data-elementor-id=\"4221\" class=\"elementor elementor-4221\" data-elementor-post-type=\"post\">\n\t\t\t\t<div class=\"elementor-element elementor-element-3b0bbdb e-flex e-con-boxed e-con e-parent\" data-id=\"3b0bbdb\" data-element_type=\"container\">\n\t\t\t\t\t<div class=\"e-con-inner\">\n\t\t\t\t<div class=\"elementor-element elementor-element-748620f elementor-widget elementor-widget-heading\" data-id=\"748620f\" data-element_type=\"widget\" data-widget_type=\"heading.default\">\n\t\t\t\t<div class=\"elementor-widget-container\">\n\t\t\t\t\t<h2 class=\"elementor-heading-title elementor-size-default\">A import\u00e2ncia da participa\u00e7\u00e3o popular\nnas comiss\u00f5es locais de sa\u00fade<\/h2>\t\t\t\t<\/div>\n\t\t\t\t<\/div>\n\t\t\t\t\t<\/div>\n\t\t\t\t<\/div>\n\t\t<div class=\"elementor-element elementor-element-3bbf3ce e-flex e-con-boxed e-con e-parent\" data-id=\"3bbf3ce\" data-element_type=\"container\">\n\t\t\t\t\t<div class=\"e-con-inner\">\n\t\t\t\t<div class=\"elementor-element elementor-element-0e4dfa9 elementor-widget elementor-widget-text-editor\" data-id=\"0e4dfa9\" data-element_type=\"widget\" data-widget_type=\"text-editor.default\">\n\t\t\t\t<div class=\"elementor-widget-container\">\n\t\t\t\t\t\t\t\t\t<p><strong>O que \u00e9 a Comiss\u00e3o Local de Sa\u00fade e como surgiu?<\/strong><\/p><p>A Comiss\u00e3o Local de Sa\u00fade \u00e9 um grupo formado por volunt\u00e1rios da comunidade. Criada pela Lei Municipal n\u00ba. 5.903\/1991, Lei Municipal n\u00ba. 7.536\/1998 e Resolu\u00e7\u00e3o do Conselho Nacional de Sa\u00fade 453\/2012.<\/p><p>Para que a Comiss\u00e3o possa cumprir o seu papel no controle social, cada Centro de Sa\u00fade, tem a autonomia de organizar uma assembleia envolvendo os moradores de toda a sua \u00e1rea de atua\u00e7\u00e3o para garantir a representa\u00e7\u00e3o dos seguintes segmentos:<\/p><p>&#8211; Usu\u00e1rios do Sistema \u00danico de Sa\u00fade (SUS): 50 %<\/p><ul><li>Trabalhadores da \u00e1rea da sa\u00fade: 25%<\/li><li>Gestor e trabalhadores lotados na unidade: 25%.<\/li><\/ul><p>N\u00e3o existe um n\u00famero pr\u00e9-determinado de conselheiros para compor essa Comiss\u00e3o, mas no geral, quanto mais conselheiros houver e participarem, maior ser\u00e1 sua representatividade e for\u00e7a. A participa\u00e7\u00e3o popular tem o potencial para atuar na transforma\u00e7\u00e3o das pr\u00e1ticas de sa\u00fade de sua comunidade.<\/p>\t\t\t\t\t\t\t\t<\/div>\n\t\t\t\t<\/div>\n\t\t\t\t<div class=\"elementor-element elementor-element-f23cf76 elementor-widget elementor-widget-image\" data-id=\"f23cf76\" data-element_type=\"widget\" data-widget_type=\"image.default\">\n\t\t\t\t<div class=\"elementor-widget-container\">\n\t\t\t\t\t\t\t\t\t\t\t\t\t\t\t<img fetchpriority=\"high\" decoding=\"async\" width=\"1200\" height=\"903\" src=\"https:\/\/jornalnossahistoria.com.br\/portal\/wp-content\/uploads\/2025\/04\/Foto-Comissao-1200x903.jpg\" class=\"attachment-large size-large wp-image-4222\" alt=\"\" srcset=\"https:\/\/jornalnossahistoria.com.br\/portal\/wp-content\/uploads\/2025\/04\/Foto-Comissao-1200x903.jpg 1200w, https:\/\/jornalnossahistoria.com.br\/portal\/wp-content\/uploads\/2025\/04\/Foto-Comissao-500x376.jpg 500w, https:\/\/jornalnossahistoria.com.br\/portal\/wp-content\/uploads\/2025\/04\/Foto-Comissao-300x226.jpg 300w, https:\/\/jornalnossahistoria.com.br\/portal\/wp-content\/uploads\/2025\/04\/Foto-Comissao-768x578.jpg 768w, https:\/\/jornalnossahistoria.com.br\/portal\/wp-content\/uploads\/2025\/04\/Foto-Comissao-100x75.jpg 100w, https:\/\/jornalnossahistoria.com.br\/portal\/wp-content\/uploads\/2025\/04\/Foto-Comissao-480x361.jpg 480w, https:\/\/jornalnossahistoria.com.br\/portal\/wp-content\/uploads\/2025\/04\/Foto-Comissao.jpg 1280w\" sizes=\"(max-width:767px) 480px, (max-width:1200px) 100vw, 1200px\" \/>\t\t\t\t\t\t\t\t\t\t\t\t\t\t\t<\/div>\n\t\t\t\t<\/div>\n\t\t\t\t<div class=\"elementor-element elementor-element-802f855 elementor-widget elementor-widget-text-editor\" data-id=\"802f855\" data-element_type=\"widget\" data-widget_type=\"text-editor.default\">\n\t\t\t\t<div class=\"elementor-widget-container\">\n\t\t\t\t\t\t\t\t\t<p><strong>Atribui\u00e7\u00f5es dos Conselheiros de Sa\u00fade<\/strong><\/p><ul><li>Propor, acompanhar e fiscalizar a implementa\u00e7\u00e3o das pol\u00edticas locais de sa\u00fade;<\/li><li>Participar das reuni\u00f5es plen\u00e1rias da Comiss\u00e3o Local de Sa\u00fade e votar em mat\u00e9rias que requeiram vota\u00e7\u00e3o dos membros;<\/li><li>Representar a Comiss\u00e3o Local de Sa\u00fade em atividades externas \u00e0 Comiss\u00e3o Local, quando designado pelo Plen\u00e1rio e ou Mesa Diretora.<\/li><\/ul><p><strong>N\u00e3o s\u00e3o atribui\u00e7\u00f5es dos Conselheiros de Sa\u00fade<\/strong><\/p><ul><li>Obter junto a Unidade de Sa\u00fade, privil\u00e9gios para si, para terceiros ou familiares;<\/li><li>Realizar tarefas que sejam atribui\u00e7\u00f5es dos funcion\u00e1rios da Unidade de Sa\u00fade;<\/li><li>Receber qualquer tipo de remunera\u00e7\u00e3o pelo seu trabalho;<\/li><li>Usar da Comiss\u00e3o Local de Sa\u00fade para obter privil\u00e9gios pol\u00edticos, tanto para si como para terceiros<\/li><li>Representar ou falar em nome da Comiss\u00e3o Local de Sa\u00fade em atividades que n\u00e3o tiver sido designado oficialmente para tal.<\/li><\/ul><p>Para participar das reuni\u00f5es da Comiss\u00e3o Local de Sa\u00fade, basta verificar a data, hor\u00e1rio e onde seus membros se re\u00fanem. No caso do Centro de Sa\u00fade Marco Ant\u00f4nio de Menezes, as reuni\u00f5es ordin\u00e1rias acontecem toda segunda quarta feira de cada m\u00eas, \u00e0s 15 horas.<\/p><p>\u201cAs pessoas devem se unir para buscar o que realmente \u00e9 bom, n\u00e3o apenas para si mesmo, pois isso seria ego\u00edsmo. O Conselheiro de Sa\u00fade deve promover sua busca do que \u00e9 bom para toda a comunidade\u201d (M\u00e1rcio)<\/p><p><strong>Venha conhecer e participar da Comiss\u00e3o Local de Sa\u00fade de seu bairro.<\/strong><\/p>\t\t\t\t\t\t\t\t<\/div>\n\t\t\t\t<\/div>\n\t\t\t\t\t<\/div>\n\t\t\t\t<\/div>\n\t\t\t\t<\/div>\n\t\t","protected":false},"excerpt":{"rendered":"<p>A import\u00e2ncia da participa\u00e7\u00e3o popular nas comiss\u00f5es locais de sa\u00fade O que \u00e9 a Comiss\u00e3o Local de Sa\u00fade e como surgiu? A Comiss\u00e3o Local de Sa\u00fade<span class=\"excerpt-hellip\"> [\u2026]<\/span><\/p>\n","protected":false},"author":1,"featured_media":4222,"comment_status":"closed","ping_status":"open","sticky":false,"template":"","format":"standard","meta":{"_monsterinsights_skip_tracking":false,"_monsterinsights_sitenote_active":false,"_monsterinsights_sitenote_note":"","_monsterinsights_sitenote_category":0,"footnotes":"","jetpack_publicize_message":"","jetpack_publicize_feature_enabled":true,"jetpack_social_post_already_shared":true,"jetpack_social_options":{"image_generator_settings":{"template":"highway","default_image_id":0,"font":"","enabled":false},"version":2}},"categories":[5],"tags":[],"class_list":["post-4221","post","type-post","status-publish","format-standard","has-post-thumbnail","hentry","category-news"],"aioseo_notices":[],"jetpack_publicize_connections":[],"_links":{"self":[{"href":"https:\/\/jornalnossahistoria.com.br\/portal\/index.php\/wp-json\/wp\/v2\/posts\/4221","targetHints":{"allow":["GET"]}}],"collection":[{"href":"https:\/\/jornalnossahistoria.com.br\/portal\/index.php\/wp-json\/wp\/v2\/posts"}],"about":[{"href":"https:\/\/jornalnossahistoria.com.br\/portal\/index.php\/wp-json\/wp\/v2\/types\/post"}],"author":[{"embeddable":true,"href":"https:\/\/jornalnossahistoria.com.br\/portal\/index.php\/wp-json\/wp\/v2\/users\/1"}],"replies":[{"embeddable":true,"href":"https:\/\/jornalnossahistoria.com.br\/portal\/index.php\/wp-json\/wp\/v2\/comments?post=4221"}],"version-history":[{"count":5,"href":"https:\/\/jornalnossahistoria.com.br\/portal\/index.php\/wp-json\/wp\/v2\/posts\/4221\/revisions"}],"predecessor-version":[{"id":4227,"href":"https:\/\/jornalnossahistoria.com.br\/portal\/index.php\/wp-json\/wp\/v2\/posts\/4221\/revisions\/4227"}],"wp:featuredmedia":[{"embeddable":true,"href":"https:\/\/jornalnossahistoria.com.br\/portal\/index.php\/wp-json\/wp\/v2\/media\/4222"}],"wp:attachment":[{"href":"https:\/\/jornalnossahistoria.com.br\/portal\/index.php\/wp-json\/wp\/v2\/media?parent=4221"}],"wp:term":[{"taxonomy":"category","embeddable":true,"href":"https:\/\/jornalnossahistoria.com.br\/portal\/index.php\/wp-json\/wp\/v2\/categories?post=4221"},{"taxonomy":"post_tag","embeddable":true,"href":"https:\/\/jornalnossahistoria.com.br\/portal\/index.php\/wp-json\/wp\/v2\/tags?post=4221"}],"curies":[{"name":"wp","href":"https:\/\/api.w.org\/{rel}","templated":true}]}}