{"id":4214,"date":"2025-04-29T13:20:41","date_gmt":"2025-04-29T16:20:41","guid":{"rendered":"https:\/\/jornalnossahistoria.com.br\/portal\/?p=4214"},"modified":"2025-04-29T13:24:30","modified_gmt":"2025-04-29T16:24:30","slug":"15-anos-do-aquario-da-bacia-do-rio-sao-francisco","status":"publish","type":"post","link":"https:\/\/jornalnossahistoria.com.br\/portal\/index.php\/2025\/04\/29\/15-anos-do-aquario-da-bacia-do-rio-sao-francisco\/","title":{"rendered":"15 anos do Aqu\u00e1rio da Bacia do Rio S\u00e3o Francisco"},"content":{"rendered":"\t\t<div data-elementor-type=\"wp-post\" data-elementor-id=\"4214\" class=\"elementor elementor-4214\" data-elementor-post-type=\"post\">\n\t\t\t\t<div class=\"elementor-element elementor-element-e89b64c e-flex e-con-boxed e-con e-parent\" data-id=\"e89b64c\" data-element_type=\"container\">\n\t\t\t\t\t<div class=\"e-con-inner\">\n\t\t\t\t<div class=\"elementor-element elementor-element-7667d98 elementor-widget elementor-widget-heading\" data-id=\"7667d98\" data-element_type=\"widget\" data-widget_type=\"heading.default\">\n\t\t\t\t<div class=\"elementor-widget-container\">\n\t\t\t\t\t<h2 class=\"elementor-heading-title elementor-size-default\">15 anos do Aqu\u00e1rio da Bacia do Rio S\u00e3o Francisco<\/h2>\t\t\t\t<\/div>\n\t\t\t\t<\/div>\n\t\t\t\t\t<\/div>\n\t\t\t\t<\/div>\n\t\t<div class=\"elementor-element elementor-element-65d5f1f e-flex e-con-boxed e-con e-parent\" data-id=\"65d5f1f\" data-element_type=\"container\">\n\t\t\t\t\t<div class=\"e-con-inner\">\n\t\t<div class=\"elementor-element elementor-element-8cc50f3 e-con-full e-flex e-con e-child\" data-id=\"8cc50f3\" data-element_type=\"container\">\n\t\t\t\t<div class=\"elementor-element elementor-element-f48bec8 elementor-widget elementor-widget-image\" data-id=\"f48bec8\" data-element_type=\"widget\" data-widget_type=\"image.default\">\n\t\t\t\t<div class=\"elementor-widget-container\">\n\t\t\t\t\t\t\t\t\t\t\t\t\t\t\t<img fetchpriority=\"high\" decoding=\"async\" width=\"960\" height=\"666\" src=\"https:\/\/jornalnossahistoria.com.br\/portal\/wp-content\/uploads\/2025\/04\/Foto-Aquario-nova-1.jpg\" class=\"attachment-large size-large wp-image-4215\" alt=\"\" srcset=\"https:\/\/jornalnossahistoria.com.br\/portal\/wp-content\/uploads\/2025\/04\/Foto-Aquario-nova-1.jpg 960w, https:\/\/jornalnossahistoria.com.br\/portal\/wp-content\/uploads\/2025\/04\/Foto-Aquario-nova-1-500x347.jpg 500w, https:\/\/jornalnossahistoria.com.br\/portal\/wp-content\/uploads\/2025\/04\/Foto-Aquario-nova-1-300x208.jpg 300w, https:\/\/jornalnossahistoria.com.br\/portal\/wp-content\/uploads\/2025\/04\/Foto-Aquario-nova-1-768x533.jpg 768w, https:\/\/jornalnossahistoria.com.br\/portal\/wp-content\/uploads\/2025\/04\/Foto-Aquario-nova-1-108x75.jpg 108w, https:\/\/jornalnossahistoria.com.br\/portal\/wp-content\/uploads\/2025\/04\/Foto-Aquario-nova-1-480x333.jpg 480w\" sizes=\"(max-width:767px) 480px, (max-width:960px) 100vw, 960px\" \/>\t\t\t\t\t\t\t\t\t\t\t\t\t\t\t<\/div>\n\t\t\t\t<\/div>\n\t\t\t\t<div class=\"elementor-element elementor-element-780490e elementor-widget elementor-widget-text-editor\" data-id=\"780490e\" data-element_type=\"widget\" data-widget_type=\"text-editor.default\">\n\t\t\t\t<div class=\"elementor-widget-container\">\n\t\t\t\t\t\t\t\t\t<p>O Aqu\u00e1rio da Bacia do Rio S\u00e3o Francisco completou no dia 05 de mar\u00e7o 15 anos. O Aqu\u00e1rio \u00e9 fruto de uma parceria entre a Prefeitura de Belo Horizonte e o Minist\u00e9rio do Meio Ambiente, representando com precis\u00e3o a vida que habita o rio S\u00e3o Francisco, um dos mais importantes do pa\u00eds.<\/p><p>Com uma variedade de tamanhos de aqu\u00e1rios, destaca-se o aqu\u00e1rio de 450 mil litros de \u00e1gua, que recria de maneira cenogr\u00e1fica tanto a margem quanto o fundo do Velho Chico. A proposta tem como um dos objetivos ser um espa\u00e7o de conscientiza\u00e7\u00e3o sobre a biodiversidade aqu\u00e1tica e a rela\u00e7\u00e3o entre o ser humano, a fauna e a flora do rio.<\/p><p>Dentre as esp\u00e9cies nativas, destacam-se alguns dos peixes mais emblem\u00e1ticos do Velho Chico, como o dourado, o curimat\u00e3, o matrinx\u00e3, o piau, o pacam\u00e3, o cascudo, o lambari, o pacu, a curimba, a piaba, o surubim e a pirambeba. Esses peixes desempenham pap\u00e9is cruciais no ecossistema aqu\u00e1tico, desde o equil\u00edbrio das popula\u00e7\u00f5es de outras esp\u00e9cies at\u00e9 a manuten\u00e7\u00e3o da qualidade da \u00e1gua. Al\u00e9m dos nativos, o espa\u00e7o tamb\u00e9m apresenta exemplares de esp\u00e9cies ex\u00f3ticas, como a carpa, a til\u00e1pia, o pacu-caranha e o tamboat\u00e1, que ajudam a ampliar o conhecimento do visitante sobre a diversidade de vida que pode ser encontrada em ambientes aqu\u00e1ticos diferentes do Velho Chico.<\/p>\t\t\t\t\t\t\t\t<\/div>\n\t\t\t\t<\/div>\n\t\t\t\t<\/div>\n\t\t<div class=\"elementor-element elementor-element-f8711e2 e-con-full e-flex e-con e-child\" data-id=\"f8711e2\" data-element_type=\"container\">\n\t\t\t\t<div class=\"elementor-element elementor-element-a8a7957 elementor-widget elementor-widget-text-editor\" data-id=\"a8a7957\" data-element_type=\"widget\" data-widget_type=\"text-editor.default\">\n\t\t\t\t<div class=\"elementor-widget-container\">\n\t\t\t\t\t\t\t\t\t<p>Nos 15 anos de exist\u00eancia, o Aqu\u00e1rio Bacia do Rio S\u00e3o Francisco tem se consolidado como um dos maiores e mais importantes aqu\u00e1rios tem\u00e1ticos do Brasil, sempre destacando as riquezas naturais e culturais do Velho Chico.<\/p><p>O Parque est\u00e1 localizado na Avenida Otac\u00edlio Negr\u00e3o de Lima, 8000 \u2013 Pampulha. Informa\u00e7\u00f5es sobre valores de ingressos (pedestres e ve\u00edculos), no site da PBH ou pelos telefones: (31) 3277 8489 \/ (31) 3277 7842 \/ (31) 3277 7100.<\/p>\t\t\t\t\t\t\t\t<\/div>\n\t\t\t\t<\/div>\n\t\t\t\t<div class=\"elementor-element elementor-element-7a1ed50 elementor-widget elementor-widget-image\" data-id=\"7a1ed50\" data-element_type=\"widget\" data-widget_type=\"image.default\">\n\t\t\t\t<div class=\"elementor-widget-container\">\n\t\t\t\t\t\t\t\t\t\t\t\t\t\t\t<img decoding=\"async\" width=\"770\" height=\"600\" src=\"https:\/\/jornalnossahistoria.com.br\/portal\/wp-content\/uploads\/2025\/04\/Aquario.png\" class=\"attachment-large size-large wp-image-4217\" alt=\"\" srcset=\"https:\/\/jornalnossahistoria.com.br\/portal\/wp-content\/uploads\/2025\/04\/Aquario.png 770w, https:\/\/jornalnossahistoria.com.br\/portal\/wp-content\/uploads\/2025\/04\/Aquario-500x390.png 500w, https:\/\/jornalnossahistoria.com.br\/portal\/wp-content\/uploads\/2025\/04\/Aquario-300x234.png 300w, https:\/\/jornalnossahistoria.com.br\/portal\/wp-content\/uploads\/2025\/04\/Aquario-768x598.png 768w, https:\/\/jornalnossahistoria.com.br\/portal\/wp-content\/uploads\/2025\/04\/Aquario-96x75.png 96w, https:\/\/jornalnossahistoria.com.br\/portal\/wp-content\/uploads\/2025\/04\/Aquario-480x374.png 480w\" sizes=\"(max-width:767px) 480px, (max-width:770px) 100vw, 770px\" \/>\t\t\t\t\t\t\t\t\t\t\t\t\t\t\t<\/div>\n\t\t\t\t<\/div>\n\t\t\t\t<\/div>\n\t\t\t\t\t<\/div>\n\t\t\t\t<\/div>\n\t\t\t\t<\/div>\n\t\t","protected":false},"excerpt":{"rendered":"<p>15 anos do Aqu\u00e1rio da Bacia do Rio S\u00e3o Francisco O Aqu\u00e1rio da Bacia do Rio S\u00e3o Francisco completou no dia 05 de mar\u00e7o 15 anos.<span class=\"excerpt-hellip\"> [\u2026]<\/span><\/p>\n","protected":false},"author":1,"featured_media":4215,"comment_status":"closed","ping_status":"open","sticky":false,"template":"","format":"standard","meta":{"_monsterinsights_skip_tracking":false,"_monsterinsights_sitenote_active":false,"_monsterinsights_sitenote_note":"","_monsterinsights_sitenote_category":0,"footnotes":"","jetpack_publicize_message":"","jetpack_publicize_feature_enabled":true,"jetpack_social_post_already_shared":true,"jetpack_social_options":{"image_generator_settings":{"template":"highway","default_image_id":0,"font":"","enabled":false},"version":2}},"categories":[5],"tags":[],"class_list":["post-4214","post","type-post","status-publish","format-standard","has-post-thumbnail","hentry","category-news"],"aioseo_notices":[],"jetpack_publicize_connections":[],"_links":{"self":[{"href":"https:\/\/jornalnossahistoria.com.br\/portal\/index.php\/wp-json\/wp\/v2\/posts\/4214","targetHints":{"allow":["GET"]}}],"collection":[{"href":"https:\/\/jornalnossahistoria.com.br\/portal\/index.php\/wp-json\/wp\/v2\/posts"}],"about":[{"href":"https:\/\/jornalnossahistoria.com.br\/portal\/index.php\/wp-json\/wp\/v2\/types\/post"}],"author":[{"embeddable":true,"href":"https:\/\/jornalnossahistoria.com.br\/portal\/index.php\/wp-json\/wp\/v2\/users\/1"}],"replies":[{"embeddable":true,"href":"https:\/\/jornalnossahistoria.com.br\/portal\/index.php\/wp-json\/wp\/v2\/comments?post=4214"}],"version-history":[{"count":4,"href":"https:\/\/jornalnossahistoria.com.br\/portal\/index.php\/wp-json\/wp\/v2\/posts\/4214\/revisions"}],"predecessor-version":[{"id":4220,"href":"https:\/\/jornalnossahistoria.com.br\/portal\/index.php\/wp-json\/wp\/v2\/posts\/4214\/revisions\/4220"}],"wp:featuredmedia":[{"embeddable":true,"href":"https:\/\/jornalnossahistoria.com.br\/portal\/index.php\/wp-json\/wp\/v2\/media\/4215"}],"wp:attachment":[{"href":"https:\/\/jornalnossahistoria.com.br\/portal\/index.php\/wp-json\/wp\/v2\/media?parent=4214"}],"wp:term":[{"taxonomy":"category","embeddable":true,"href":"https:\/\/jornalnossahistoria.com.br\/portal\/index.php\/wp-json\/wp\/v2\/categories?post=4214"},{"taxonomy":"post_tag","embeddable":true,"href":"https:\/\/jornalnossahistoria.com.br\/portal\/index.php\/wp-json\/wp\/v2\/tags?post=4214"}],"curies":[{"name":"wp","href":"https:\/\/api.w.org\/{rel}","templated":true}]}}