{"id":4205,"date":"2025-04-29T13:12:25","date_gmt":"2025-04-29T16:12:25","guid":{"rendered":"https:\/\/jornalnossahistoria.com.br\/portal\/?p=4205"},"modified":"2025-04-29T13:18:29","modified_gmt":"2025-04-29T16:18:29","slug":"leste-em-destaque-3","status":"publish","type":"post","link":"https:\/\/jornalnossahistoria.com.br\/portal\/index.php\/2025\/04\/29\/leste-em-destaque-3\/","title":{"rendered":"Leste em destaque"},"content":{"rendered":"\t\t<div data-elementor-type=\"wp-post\" data-elementor-id=\"4205\" class=\"elementor elementor-4205\" data-elementor-post-type=\"post\">\n\t\t\t\t<div class=\"elementor-element elementor-element-c475dd9 e-flex e-con-boxed e-con e-parent\" data-id=\"c475dd9\" data-element_type=\"container\">\n\t\t\t\t\t<div class=\"e-con-inner\">\n\t\t\t\t<div class=\"elementor-element elementor-element-278a241 elementor-widget elementor-widget-heading\" data-id=\"278a241\" data-element_type=\"widget\" data-widget_type=\"heading.default\">\n\t\t\t\t<div class=\"elementor-widget-container\">\n\t\t\t\t\t<h2 class=\"elementor-heading-title elementor-size-default\">Leste em destaque<\/h2>\t\t\t\t<\/div>\n\t\t\t\t<\/div>\n\t\t\t\t\t<\/div>\n\t\t\t\t<\/div>\n\t\t<div class=\"elementor-element elementor-element-b9d909d e-flex e-con-boxed e-con e-parent\" data-id=\"b9d909d\" data-element_type=\"container\">\n\t\t\t\t\t<div class=\"e-con-inner\">\n\t\t\t\t<div class=\"elementor-element elementor-element-d8b7f62 elementor-widget elementor-widget-heading\" data-id=\"d8b7f62\" data-element_type=\"widget\" data-widget_type=\"heading.default\">\n\t\t\t\t<div class=\"elementor-widget-container\">\n\t\t\t\t\t<h2 class=\"elementor-heading-title elementor-size-default\">Voc\u00ea sabia?<\/h2>\t\t\t\t<\/div>\n\t\t\t\t<\/div>\n\t\t\t\t<div class=\"elementor-element elementor-element-cba1735 elementor-widget elementor-widget-heading\" data-id=\"cba1735\" data-element_type=\"widget\" data-widget_type=\"heading.default\">\n\t\t\t\t<div class=\"elementor-widget-container\">\n\t\t\t\t\t<h2 class=\"elementor-heading-title elementor-size-default\">Casal do bando de Lampi\u00e3o sepultados no Cemit\u00e9rio da Saudade<\/h2>\t\t\t\t<\/div>\n\t\t\t\t<\/div>\n\t\t\t\t\t<\/div>\n\t\t\t\t<\/div>\n\t\t<div class=\"elementor-element elementor-element-84426f2 e-flex e-con-boxed e-con e-parent\" data-id=\"84426f2\" data-element_type=\"container\">\n\t\t\t\t\t<div class=\"e-con-inner\">\n\t\t<div class=\"elementor-element elementor-element-fdc6836 e-con-full e-flex e-con e-child\" data-id=\"fdc6836\" data-element_type=\"container\">\n\t\t\t\t<div class=\"elementor-element elementor-element-8747ef5 elementor-widget elementor-widget-image\" data-id=\"8747ef5\" data-element_type=\"widget\" data-widget_type=\"image.default\">\n\t\t\t\t<div class=\"elementor-widget-container\">\n\t\t\t\t\t\t\t\t\t\t\t\t\t\t\t<img fetchpriority=\"high\" decoding=\"async\" width=\"600\" height=\"405\" src=\"https:\/\/jornalnossahistoria.com.br\/portal\/wp-content\/uploads\/2025\/04\/1447_antonio-moreno-e-juvina.jpg\" class=\"attachment-large size-large wp-image-4206\" alt=\"\" srcset=\"https:\/\/jornalnossahistoria.com.br\/portal\/wp-content\/uploads\/2025\/04\/1447_antonio-moreno-e-juvina.jpg 600w, https:\/\/jornalnossahistoria.com.br\/portal\/wp-content\/uploads\/2025\/04\/1447_antonio-moreno-e-juvina-500x338.jpg 500w, https:\/\/jornalnossahistoria.com.br\/portal\/wp-content\/uploads\/2025\/04\/1447_antonio-moreno-e-juvina-300x203.jpg 300w, https:\/\/jornalnossahistoria.com.br\/portal\/wp-content\/uploads\/2025\/04\/1447_antonio-moreno-e-juvina-111x75.jpg 111w, https:\/\/jornalnossahistoria.com.br\/portal\/wp-content\/uploads\/2025\/04\/1447_antonio-moreno-e-juvina-480x324.jpg 480w\" sizes=\"(max-width:767px) 480px, 600px\" \/>\t\t\t\t\t\t\t\t\t\t\t\t\t\t\t<\/div>\n\t\t\t\t<\/div>\n\t\t\t\t<div class=\"elementor-element elementor-element-ab6d615 elementor-widget elementor-widget-text-editor\" data-id=\"ab6d615\" data-element_type=\"widget\" data-widget_type=\"text-editor.default\">\n\t\t\t\t<div class=\"elementor-widget-container\">\n\t\t\t\t\t\t\t\t\t<p>Quem ouve a hist\u00f3ria de Ant\u00f4nio In\u00e1cio da Silva e de Durvalina Gomes de S\u00e1, ex-cangaceiros que fizeram parte do bando de Virgulino Ferreira da Silva, o Lampi\u00e3o, n\u00e3o imagina que eles foram sepultados em Belo Horizonte.<\/p><p>No cemit\u00e9rio da Saudade est\u00e1 enterrado um casal muito conhecido no canga\u00e7o que participou de um movimento hist\u00f3rico que ocorreu em v\u00e1rias cidades do Nordeste do Brasil. Estamos falando do bando de Lampi\u00e3o, conhecido pelos pobres como os justiceiros do sert\u00e3o e pelos ricos cangaceiros cru\u00e9is.<\/p><p>O Jornal Nossa Hist\u00f3ria Arena j\u00e1 noticiou em uma de suas edi\u00e7\u00f5es a morte deste casal de cangaceiros que por mais de 60 anos se passaram por Jos\u00e9 Ant\u00f4nio Souto e Jovina Maria da Concei\u00e7\u00e3o e esconderam epis\u00f3dios instigantes sobre o canga\u00e7o. A lembran\u00e7a \u00e9 pelo fato que o canga\u00e7o foi marcante na hist\u00f3ria do Brasil e que o bando de Lampi\u00e3o \u00e9 um dos cap\u00edtulos mais comentados do sert\u00e3o brasileiro e tamb\u00e9m pela curiosidade dos cangaceiros terem sido enterrados na nossa regi\u00e3o, o que pouca gente sabe.<\/p><p>Ant\u00f4nio entrou para o canga\u00e7o quando era apenas um jovem de 20 anos, isso aconteceu quando um dos bandos de Lampi\u00e3o visitou uma das fazendas que ele trabalhava. Virg\u00ednio, cunhado de Lampi\u00e3o que comandava o grupo viu no jovem um potencial para ser cangaceiro e o convidou e eles o batizaram de Moreno. Mas, antes de abra\u00e7ar a vida do canga\u00e7o, Ant\u00f4nio que j\u00e1 havia praticado um crime em uma das fazendas que trabalhou, teve que mostrar ao bando de cangaceiros que era mesmo valente e deram uma arma pra ele. O bando estava com um sujeito devidamente amarrado, que os havia denunciado \u00e0 pol\u00edcia. Trai\u00e7\u00e3o no canga\u00e7o era sin\u00f4nimo de morte e por isso Ant\u00f4nio para conseguir mesmo o nome de Moreno teve que atirar no camarada, e ele na maior frieza fez sem piedade.<\/p><p>O seu primeiro homic\u00eddio \u00e9 narrado em todos os seus detalhes por Jo\u00e3o de Sousa Lima, diretor de publica\u00e7\u00e3o e arquivo p\u00fablico do Instituto Hist\u00f3rico e Geogr\u00e1fico de Paulo Afonso, na Bahia, no livro intitulado \u201cMoreno e Durvinha \u2013 Sangue, amor e fuga no canga\u00e7o\u201d, lan\u00e7ado em 2006.<\/p><p>O historiador e escritor Jo\u00e3o de Souza Lima, deixa claro para aqueles que interessam pela\u00a0 hist\u00f3ria do canga\u00e7o que\u00a0 Moreno foi importante no contexto hist\u00f3rico do sert\u00e3o nordestino e por ter assumido a Durvinha depois da morte do Virg\u00ednio, cunhado de Lampi\u00e3o. Segundo o historiador, Moreno era um \u00f3timo atirador e muito arisco e com o passar do tempo matou dezenas de pessoas e nunca foi ferido. E depois que o cunhado de Lampi\u00e3o morreu, ele assumiu o grupo e ficou com Durvinha com quem teve um romance.<\/p><p>A morte de Lampi\u00e3o em 28 de julho de 1938 foi bem planejada por policiais e aconteceu na Grota de Angico, em Sergipe. O epis\u00f3dio foi um massacre comandado pelo Tenente Jo\u00e3o Bezerra e no momento da emboscada, Moreno e Durvinha se encontravam em Mata Grande, distante 70 quil\u00f4metros do local. Homem de confian\u00e7a de Lampi\u00e3o, ele cumpria uma miss\u00e3o no comando de um subgrupo de cangaceiros.<\/p><p>Sem Lampi\u00e3o, sem Maria Bonita, e tantos outros homens de extrema valentia, sem essas legendas do canga\u00e7o, que ficaram para tr\u00e1s, mortos em combate o mundo do canga\u00e7o nada mais representava para Moreno e sua Durvalina.<\/p>\t\t\t\t\t\t\t\t<\/div>\n\t\t\t\t<\/div>\n\t\t\t\t<div class=\"elementor-element elementor-element-80d34d8 elementor-widget elementor-widget-image\" data-id=\"80d34d8\" data-element_type=\"widget\" data-widget_type=\"image.default\">\n\t\t\t\t<div class=\"elementor-widget-container\">\n\t\t\t\t\t\t\t\t\t\t\t\t\t\t\t<img decoding=\"async\" width=\"619\" height=\"339\" src=\"https:\/\/jornalnossahistoria.com.br\/portal\/wp-content\/uploads\/2025\/04\/Moreno-e-Durvina-no-sertao.jpg\" class=\"attachment-large size-large wp-image-4209\" alt=\"\" srcset=\"https:\/\/jornalnossahistoria.com.br\/portal\/wp-content\/uploads\/2025\/04\/Moreno-e-Durvina-no-sertao.jpg 619w, https:\/\/jornalnossahistoria.com.br\/portal\/wp-content\/uploads\/2025\/04\/Moreno-e-Durvina-no-sertao-500x274.jpg 500w, https:\/\/jornalnossahistoria.com.br\/portal\/wp-content\/uploads\/2025\/04\/Moreno-e-Durvina-no-sertao-300x164.jpg 300w, https:\/\/jornalnossahistoria.com.br\/portal\/wp-content\/uploads\/2025\/04\/Moreno-e-Durvina-no-sertao-137x75.jpg 137w, https:\/\/jornalnossahistoria.com.br\/portal\/wp-content\/uploads\/2025\/04\/Moreno-e-Durvina-no-sertao-480x263.jpg 480w\" sizes=\"(max-width:767px) 480px, 619px\" \/>\t\t\t\t\t\t\t\t\t\t\t\t\t\t\t<\/div>\n\t\t\t\t<\/div>\n\t\t\t\t<\/div>\n\t\t<div class=\"elementor-element elementor-element-7b97f60 e-con-full e-flex e-con e-child\" data-id=\"7b97f60\" data-element_type=\"container\">\n\t\t\t\t<div class=\"elementor-element elementor-element-3901279 elementor-widget elementor-widget-image\" data-id=\"3901279\" data-element_type=\"widget\" data-widget_type=\"image.default\">\n\t\t\t\t<div class=\"elementor-widget-container\">\n\t\t\t\t\t\t\t\t\t\t\t\t\t\t\t<img decoding=\"async\" width=\"640\" height=\"426\" src=\"https:\/\/jornalnossahistoria.com.br\/portal\/wp-content\/uploads\/2025\/04\/Casal-posando-para-foto.jpg\" class=\"attachment-large size-large wp-image-4208\" alt=\"\" srcset=\"https:\/\/jornalnossahistoria.com.br\/portal\/wp-content\/uploads\/2025\/04\/Casal-posando-para-foto.jpg 640w, https:\/\/jornalnossahistoria.com.br\/portal\/wp-content\/uploads\/2025\/04\/Casal-posando-para-foto-500x333.jpg 500w, https:\/\/jornalnossahistoria.com.br\/portal\/wp-content\/uploads\/2025\/04\/Casal-posando-para-foto-300x200.jpg 300w, https:\/\/jornalnossahistoria.com.br\/portal\/wp-content\/uploads\/2025\/04\/Casal-posando-para-foto-113x75.jpg 113w, https:\/\/jornalnossahistoria.com.br\/portal\/wp-content\/uploads\/2025\/04\/Casal-posando-para-foto-480x320.jpg 480w\" sizes=\"(max-width:767px) 480px, 640px\" \/>\t\t\t\t\t\t\t\t\t\t\t\t\t\t\t<\/div>\n\t\t\t\t<\/div>\n\t\t\t\t<div class=\"elementor-element elementor-element-733452d elementor-widget elementor-widget-text-editor\" data-id=\"733452d\" data-element_type=\"widget\" data-widget_type=\"text-editor.default\">\n\t\t\t\t<div class=\"elementor-widget-container\">\n\t\t\t\t\t\t\t\t\t<p>O cerco policial continuou intenso a procura de mais cangaceiros, alguns foram capturados e outros se entregaram. Antes de fugirem, o casal foi a cidade de Tacaratu ao encontro do menino deixado com o Padre Frederico para uma despedida do filho. O padre assustado e com medo que algu\u00e9m descobrisse que eles estavam ao redor da sua igreja, deu ao casal uma quantia em dinheiro para que eles fossem embora o mais r\u00e1pido. Moreno ainda pegou algumas roupas para o casal e levou uma moeda de ouro que tinha guardado e partiram sem saber para onde ir.<\/p>\n<p>O casal perambulou pelo sert\u00e3o se escondendo at\u00e9 chegar a terras mineiras. Margeando o Rio S\u00e3o Francisco, os dois andaram a p\u00e9 mais de 1.700 quil\u00f4metros durante quatro meses at\u00e9 chegarem \u00e0 cidade de Augusto de Lima.<\/p>\n<p>Por precau\u00e7\u00e3o, Moreno passou a chamar-se Jos\u00e9 Ant\u00f4nio Souto, e Durvalina tornou-se Jovina Maria. Estabeleceram-se na cidade de Augusto de Lima, e prosperaram vendendo farinha e como propriet\u00e1rios de um bordel.<\/p>\n<p>Ant\u00f4nio e Jovina tiveram seis filhos, o primeiro foi ainda no canga\u00e7o, um pouco antes da morte de Lampi\u00e3o, o que foi deixado com o padre. O casal mudou-se para Belo Horizonte no final da d\u00e9cada de 1960. Ainda com medo de serem descobertos e mortos, mantiveram o passado em segredo at\u00e9 para os filhos.<\/p>\n<p>A hist\u00f3ria s\u00f3 foi desvendada, gra\u00e7as \u00e0 curiosidade e persist\u00eancia de Neli Maria da Concei\u00e7\u00e3o, filha do casal. \u201cPara minha surpresa descobri uma foto de um garotinho que meu pai e minha m\u00e3e guardavam que disseram que era meu irm\u00e3o. Falaram que com a seca do sert\u00e3o em 1938, tiveram que deixar o menino com um padre em um lugar chamado Tacaratu, cidade natal do meu pai. N\u00e3o falaram que deixaram por causa de serem cangaceiros.<\/p>\n<p>Curiosa, fiquei ligando procurando sobre o paradeiro do Padre Frederico. Mas, fiquei sabendo que ele havia morrido e ningu\u00e9m conhecia os meus pais. Quando encontrei algu\u00e9m que sabia da hist\u00f3ria do padre ter criado um menino chamado Inacinho, descobri que nunca existiu ningu\u00e9m naquela cidade com os nomes de Jos\u00e9 Ant\u00f4nio Souto e Jovina Maria da Concei\u00e7\u00e3o. O que descobri foi que o menino que o Padre Frederico tinha criado n\u00e3o era filho das pessoas que falei e sim de uma cangaceira chamada Durvalina, mais conhecida como Durvinha e do cangaceiro Moreno, ambos do bando de Lampi\u00e3o. Levei um susto, meu mundo veio abaixo\u201d, conclui Neli a filha do casal.<\/p>\n<p>O casal confirmou o fato para a filha e a hist\u00f3ria foi espalhando at\u00e9 chegar aos ouvidos dos historiadores que fizeram dessa descoberta: pesquisas, livros e document\u00e1rios.<\/p>\n<p>A misteriosa dupla foi apresentada publicamente como Moreno e Durvinha, apelidos recebidos quando participavam do bando de Lampi\u00e3o. A vida do cangaceiro Moreno foi retratada no longa-metragem document\u00e1rio \u201cOs \u00faltimos Cangaceiros\u201d.<\/p>\n<p>Ant\u00f4nio In\u00e1cio da Silva morreu aos 100 anos, v\u00edtima de insufici\u00eancia respirat\u00f3ria em Belo Horizonte. Sua esposa faleceu primeiro no ano de 2008, aos 93 anos de idade.<\/p>\n<p><\/p>\n<p>&nbsp; &nbsp; &nbsp; &nbsp; &nbsp; &nbsp; &nbsp; &nbsp; &nbsp; &nbsp; &nbsp; &nbsp; &nbsp; &nbsp; &nbsp; &nbsp; &nbsp; &nbsp; &nbsp; &nbsp; &nbsp; &nbsp; &nbsp; &nbsp; &nbsp; &nbsp; &nbsp; &nbsp; &nbsp; &nbsp; &nbsp; &nbsp; &nbsp; &nbsp; &nbsp; &nbsp; &nbsp; &nbsp; &nbsp; &nbsp; &nbsp; &nbsp; &nbsp; &nbsp; &nbsp; &nbsp; &nbsp; &nbsp; &nbsp; &nbsp; &nbsp; &nbsp; &nbsp; &nbsp;FONTE \u2013 Revista SENATUS<\/p>\t\t\t\t\t\t\t\t<\/div>\n\t\t\t\t<\/div>\n\t\t\t\t<div class=\"elementor-element elementor-element-f557313 elementor-widget elementor-widget-image\" data-id=\"f557313\" data-element_type=\"widget\" data-widget_type=\"image.default\">\n\t\t\t\t<div class=\"elementor-widget-container\">\n\t\t\t\t\t\t\t\t\t\t\t\t\t\t\t<img loading=\"lazy\" decoding=\"async\" width=\"530\" height=\"707\" src=\"https:\/\/jornalnossahistoria.com.br\/portal\/wp-content\/uploads\/2025\/04\/tumulo-do-casal-no-Cemiterio.jpg\" class=\"attachment-large size-large wp-image-4210\" alt=\"\" srcset=\"https:\/\/jornalnossahistoria.com.br\/portal\/wp-content\/uploads\/2025\/04\/tumulo-do-casal-no-Cemiterio.jpg 530w, https:\/\/jornalnossahistoria.com.br\/portal\/wp-content\/uploads\/2025\/04\/tumulo-do-casal-no-Cemiterio-375x500.jpg 375w, https:\/\/jornalnossahistoria.com.br\/portal\/wp-content\/uploads\/2025\/04\/tumulo-do-casal-no-Cemiterio-225x300.jpg 225w, https:\/\/jornalnossahistoria.com.br\/portal\/wp-content\/uploads\/2025\/04\/tumulo-do-casal-no-Cemiterio-56x75.jpg 56w, https:\/\/jornalnossahistoria.com.br\/portal\/wp-content\/uploads\/2025\/04\/tumulo-do-casal-no-Cemiterio-480x640.jpg 480w\" sizes=\"(max-width:767px) 480px, 530px\" \/>\t\t\t\t\t\t\t\t\t\t\t\t\t\t\t<\/div>\n\t\t\t\t<\/div>\n\t\t\t\t<\/div>\n\t\t\t\t\t<\/div>\n\t\t\t\t<\/div>\n\t\t\t\t<\/div>\n\t\t","protected":false},"excerpt":{"rendered":"<p>Leste em destaque Voc\u00ea sabia? Casal do bando de Lampi\u00e3o sepultados no Cemit\u00e9rio da Saudade Quem ouve a hist\u00f3ria de Ant\u00f4nio In\u00e1cio da Silva e de<span class=\"excerpt-hellip\"> [\u2026]<\/span><\/p>\n","protected":false},"author":1,"featured_media":4206,"comment_status":"closed","ping_status":"open","sticky":false,"template":"","format":"standard","meta":{"_monsterinsights_skip_tracking":false,"_monsterinsights_sitenote_active":false,"_monsterinsights_sitenote_note":"","_monsterinsights_sitenote_category":0,"footnotes":"","jetpack_publicize_message":"","jetpack_publicize_feature_enabled":true,"jetpack_social_post_already_shared":true,"jetpack_social_options":{"image_generator_settings":{"template":"highway","default_image_id":0,"font":"","enabled":false},"version":2}},"categories":[5],"tags":[],"class_list":["post-4205","post","type-post","status-publish","format-standard","has-post-thumbnail","hentry","category-news"],"aioseo_notices":[],"jetpack_publicize_connections":[],"_links":{"self":[{"href":"https:\/\/jornalnossahistoria.com.br\/portal\/index.php\/wp-json\/wp\/v2\/posts\/4205","targetHints":{"allow":["GET"]}}],"collection":[{"href":"https:\/\/jornalnossahistoria.com.br\/portal\/index.php\/wp-json\/wp\/v2\/posts"}],"about":[{"href":"https:\/\/jornalnossahistoria.com.br\/portal\/index.php\/wp-json\/wp\/v2\/types\/post"}],"author":[{"embeddable":true,"href":"https:\/\/jornalnossahistoria.com.br\/portal\/index.php\/wp-json\/wp\/v2\/users\/1"}],"replies":[{"embeddable":true,"href":"https:\/\/jornalnossahistoria.com.br\/portal\/index.php\/wp-json\/wp\/v2\/comments?post=4205"}],"version-history":[{"count":4,"href":"https:\/\/jornalnossahistoria.com.br\/portal\/index.php\/wp-json\/wp\/v2\/posts\/4205\/revisions"}],"predecessor-version":[{"id":4213,"href":"https:\/\/jornalnossahistoria.com.br\/portal\/index.php\/wp-json\/wp\/v2\/posts\/4205\/revisions\/4213"}],"wp:featuredmedia":[{"embeddable":true,"href":"https:\/\/jornalnossahistoria.com.br\/portal\/index.php\/wp-json\/wp\/v2\/media\/4206"}],"wp:attachment":[{"href":"https:\/\/jornalnossahistoria.com.br\/portal\/index.php\/wp-json\/wp\/v2\/media?parent=4205"}],"wp:term":[{"taxonomy":"category","embeddable":true,"href":"https:\/\/jornalnossahistoria.com.br\/portal\/index.php\/wp-json\/wp\/v2\/categories?post=4205"},{"taxonomy":"post_tag","embeddable":true,"href":"https:\/\/jornalnossahistoria.com.br\/portal\/index.php\/wp-json\/wp\/v2\/tags?post=4205"}],"curies":[{"name":"wp","href":"https:\/\/api.w.org\/{rel}","templated":true}]}}